{"id":5486,"date":"2020-08-16T18:19:37","date_gmt":"2020-08-16T21:19:37","guid":{"rendered":"http:\/\/desarrollosdeprueba.xyz\/universo_mola\/?p=5486"},"modified":"2021-08-08T18:33:50","modified_gmt":"2021-08-08T21:33:50","slug":"ethical-fashion-brazil-agencia-y-plataforma-de-moda-etica-y-sostenible","status":"publish","type":"post","link":"https:\/\/universomola.com\/en\/ethical-fashion-brazil-agencia-y-plataforma-de-moda-etica-y-sostenible\/","title":{"rendered":"HACIA UNA CADENA DE PRODUCCI\u00d3N SOSTENIBLE"},"content":{"rendered":"<div class=\"fusion-fullwidth fullwidth-box fusion-builder-row-1 fusion-flex-container nonhundred-percent-fullwidth non-hundred-percent-height-scrolling\" style=\"--awb-border-radius-top-left:0px;--awb-border-radius-top-right:0px;--awb-border-radius-bottom-right:0px;--awb-border-radius-bottom-left:0px;--awb-flex-wrap:wrap;\" ><div class=\"fusion-builder-row fusion-row fusion-flex-align-items-flex-start fusion-flex-content-wrap\" style=\"max-width:1248px;margin-left: calc(-4% \/ 2 );margin-right: calc(-4% \/ 2 );\"><div class=\"fusion-layout-column fusion_builder_column fusion-builder-column-0 fusion_builder_column_1_1 1_1 fusion-flex-column\" style=\"--awb-bg-size:cover;--awb-width-large:100%;--awb-margin-top-large:0px;--awb-spacing-right-large:1.92%;--awb-margin-bottom-large:0px;--awb-spacing-left-large:1.92%;--awb-width-medium:100%;--awb-spacing-right-medium:1.92%;--awb-spacing-left-medium:1.92%;--awb-width-small:100%;--awb-spacing-right-small:1.92%;--awb-spacing-left-small:1.92%;\"><div class=\"fusion-column-wrapper fusion-flex-justify-content-flex-start fusion-content-layout-column\"><div class=\"fusion-text fusion-text-1\"><\/div><div class=\"fusion-text fusion-text-2\"><p><span style=\"color: #33cccc;\"><i><span style=\"font-weight: 400;\">Por Fedra Mauricci, Voz MOLA Argentina\u00a0 \/ Imagen portada: <\/span><\/i><a style=\"color: #33cccc;\" href=\"https:\/\/pe.fashionnetwork.com\/news\/Argentina-la-industria-textil-registra-un-50-de-trabajo-ilegal,542696.html\"><i><span style=\"font-weight: 400;\">Fashion Network<\/span><\/i><\/a><i><span style=\"font-weight: 400;\">.<\/span><\/i><\/span><\/p>\n<p><span style=\"font-weight: 400;\">Como para empezar sabemos que no es sencillo y ante todo se necesita de mucha convicci\u00f3n porque la realidad pareciera ser m\u00e1s sencillo hacer las cosas mal que bien. <\/span><b>Eso s\u00ed el costo de hacer las cosas mal son muy altos y acumulativos. <\/b><span style=\"font-weight: 400;\">Tendemos a pensar a que nuestras acciones parecen insignificantes, que UNA decisi\u00f3n no modifica nada pero miremos a d\u00f3nde hemos llegado con nuestras decisiones: <\/span><i><span style=\"font-weight: 400;\">\u201cDisminuci\u00f3n del 60%, en un poco m\u00e1s de 40 a\u00f1os de la vida silvestre\u201d<\/span><\/i><span style=\"font-weight: 400;\"> (Informe Planeta vivo 2018). La concentraci\u00f3n promedio de CO2 en la atm\u00f3sfera en el 2019 fue de 416,21 partes por mill\u00f3n (ppm), la m\u00e1s alta que ha vivido la humanidad y se estima en 450 ppm para que afecte dr\u00e1sticamente a la humanidad, el agua dulce del planeta muestra una disminuci\u00f3n del 83% desde 1970 (Informe Planeta vivo 2018), s\u00f3lo por acercarles algunos datos.<\/span><\/p>\n<p><b>Es por ello que ya no podemos ver nuestras acciones como individuales, sino que debemos entendernos como el sistema que somos y la continua interacci\u00f3n entre uno y otro.\u00a0\u00a0<\/b><\/p>\n<p><img decoding=\"async\" class=\"size-full wp-image-5500 aligncenter lazyload\" data-src=\"http:\/\/desarrollosdeprueba.xyz\/universo_mola\/wp-content\/uploads\/2020\/08\/34.png\" alt=\"\" width=\"565\" height=\"566\" data-srcset=\"https:\/\/universomola.com\/wp-content\/uploads\/2020\/08\/34-66x66.png 66w, https:\/\/universomola.com\/wp-content\/uploads\/2020\/08\/34-100x100.png 100w, https:\/\/universomola.com\/wp-content\/uploads\/2020\/08\/34-150x150.png 150w, https:\/\/universomola.com\/wp-content\/uploads\/2020\/08\/34-200x200.png 200w, https:\/\/universomola.com\/wp-content\/uploads\/2020\/08\/34-300x300.png 300w, https:\/\/universomola.com\/wp-content\/uploads\/2020\/08\/34-400x401.png 400w, https:\/\/universomola.com\/wp-content\/uploads\/2020\/08\/34-500x501.png 500w, https:\/\/universomola.com\/wp-content\/uploads\/2020\/08\/34.png 565w\" data-sizes=\"(max-width: 565px) 100vw, 565px\" src=\"data:image\/svg+xml;base64,PHN2ZyB3aWR0aD0iMSIgaGVpZ2h0PSIxIiB4bWxucz0iaHR0cDovL3d3dy53My5vcmcvMjAwMC9zdmciPjwvc3ZnPg==\" style=\"--smush-placeholder-width: 565px; --smush-placeholder-aspect-ratio: 565\/566;\" \/><\/p>\n<p><span style=\"font-weight: 400;\">Por lo que no podemos pensar en dise\u00f1ar productos para las personas, sino en <\/span><b>pensar productos para las personas que viven en el planeta,<\/b><span style=\"font-weight: 400;\"> y por lo tanto el uso o no uso del mismo impactar\u00e1 en el sistema completo. Como dise\u00f1adores de productos debemos dise\u00f1ar entendiendo y analizando el impacto del mismo.\u00a0<\/span><\/p>\n<p><span style=\"font-weight: 400;\">En estos tiempos hemos presentado siempre informes econ\u00f3micos de nuestros proyectos (balance econ\u00f3mico y financiero), hoy contamos con herramientas para poder medir nuestro triple impacto, por lo que\u00a0 tenemos el conocimiento y los medios para redefinir nuestra relaci\u00f3n con el planeta ya no hay excusa para no hacerlo.<\/span><b> \u00bfCu\u00e1l deber\u00eda ser nuestro primer cambio?<\/b><span style=\"font-weight: 400;\"> la de mirada,\u00a0 parar el\u00a0 pensamiento sist\u00e9mico, entender c\u00f3mo mi proyecto interrelaciona e impacta a otros sistemas y que juntos impartamos en el planeta. Debemos empezar a vernos y sentirnos como parte del planeta y no el planeta como parte de nosotros.\u00a0<\/span><\/p>\n<p><b>Otra ruptura importante es con el sistema de producci\u00f3n lineal,<\/b><span style=\"font-weight: 400;\"> vimos que todo lo que producimos perdura en el planeta, por m\u00e1s que ya no lo tenga uno, lo m\u00e1s ir\u00f3nico de ello es que lo que m\u00e1s dura en el planeta es lo que menos usamos, c\u00f3mo es el caso de los pl\u00e1sticos de un solo uso. Es decir dise\u00f1amos y consumimos solo para la comodidad de las personas a corto plazo (ya tomamos conciencia de que el pl\u00e1stico comenz\u00f3 a incomodarnos) y hoy vemos que eso fue por no tener una mirada sist\u00e9mica, y pensar a d\u00f3nde iba eso que us\u00e1bamos por segundos.<\/span><b> Hoy lo vemos una isla de pl\u00e1stico del tama\u00f1o de Francia y la destrucci\u00f3n de lo vida marina, por unos segundos de uso.<\/b><\/p>\n<p><img decoding=\"async\" class=\"size-full wp-image-5501 aligncenter lazyload\" data-src=\"http:\/\/desarrollosdeprueba.xyz\/universo_mola\/wp-content\/uploads\/2020\/08\/34-1.png\" alt=\"\" width=\"1013\" height=\"700\" data-srcset=\"https:\/\/universomola.com\/wp-content\/uploads\/2020\/08\/34-1-200x138.png 200w, https:\/\/universomola.com\/wp-content\/uploads\/2020\/08\/34-1-300x207.png 300w, https:\/\/universomola.com\/wp-content\/uploads\/2020\/08\/34-1-400x276.png 400w, https:\/\/universomola.com\/wp-content\/uploads\/2020\/08\/34-1-500x346.png 500w, https:\/\/universomola.com\/wp-content\/uploads\/2020\/08\/34-1-600x415.png 600w, https:\/\/universomola.com\/wp-content\/uploads\/2020\/08\/34-1-700x484.png 700w, https:\/\/universomola.com\/wp-content\/uploads\/2020\/08\/34-1-768x531.png 768w, https:\/\/universomola.com\/wp-content\/uploads\/2020\/08\/34-1-800x553.png 800w, https:\/\/universomola.com\/wp-content\/uploads\/2020\/08\/34-1.png 1013w\" data-sizes=\"(max-width: 1013px) 100vw, 1013px\" src=\"data:image\/svg+xml;base64,PHN2ZyB3aWR0aD0iMSIgaGVpZ2h0PSIxIiB4bWxucz0iaHR0cDovL3d3dy53My5vcmcvMjAwMC9zdmciPjwvc3ZnPg==\" style=\"--smush-placeholder-width: 1013px; --smush-placeholder-aspect-ratio: 1013\/700;\" \/><\/p>\n<p><b>Es decir debemos pensar y analizar los productos\u00a0 entendiendo que la vida \u00fatil del mismo no termina en el usuario sino en la descomposici\u00f3n de cada uno de los materiales del mismo y como dise\u00f1adores seremos co-responsables de ello.<\/b><\/p>\n<p><span style=\"font-weight: 400;\">Es por eso pensar en dise\u00f1ar un producto es una gran responsabilidad y requiere de una ardua investigaci\u00f3n del mismo, hoy no podemos copiar y rehacer, porque hoy la forma de hacer y pensar debe ser hacia la sostenibilidad y lejos esta de ser lo que venimos haciendo. <\/span><b>\u00bfEntonces qu\u00e9 es lo que debemos hacer?<\/b><span style=\"font-weight: 400;\"> Esto es un proceso y hoy estamos en en etapas de\u00a0 pruebas y errores, investigaci\u00f3n y desarrollo, es decir en cambios continuos al respecto pero adem\u00e1s estamos ante una carrera contra del tiempo.<\/span><\/p>\n<p><span style=\"font-weight: 400;\">Sin lugar a duda algo hay que empezar a hacer. Y como siempre me dicen viendo todo lo que hay que ver me paraliza y se me hace dif\u00edcil empezar.\u00a0<\/span><\/p>\n<p><span style=\"font-weight: 400;\">Es por eso empec\u00e9 la nota con el que se necesita mucha convicci\u00f3n, pero ya sabemos qu\u00e9 pasa si no hacemos nada, cada a\u00f1o recibimos informes que realmente preferir\u00edamos no leer, pero tambi\u00e9n son necesarios para tomar conciencia que estamos al borde el colapso ambiental y social.<\/span><\/p>\n<p><b>\u00bfEntonces por d\u00f3nde empiezo?<\/b><\/p>\n<p><span style=\"font-weight: 400;\">Reconociendo mi cadena de producci\u00f3n al detalle, debo primero clasificar los productos porque cada uno de ellos tendr\u00e1n particularidades. Tomar cada ficha t\u00e9cnica y preguntarme si conozco el impacto de mi producto. Reconocer los textiles, los qu\u00edmicos (en textil, avios, estampas, hilos). El desperdicio que me genera el tipo de moler\u00eda realizado. Medir el tiempo que lleva de realizaci\u00f3n con ello energ\u00eda por ejemplo. Ejemplo: Una remera realizada en algod\u00f3n de color: \u00bfqu\u00e9 se del proveedor de ese textil? \u00bfentr\u00e9 a su web? \u00bfS\u00e9 si es local o importado? \u00bfqu\u00e9 s\u00e9 sobre su tinte y su tintorer\u00eda? \u00bfqu\u00e9 t\u00e9cnica de tiente utilizan? \u00bfutiliza circuito cerrado de agua? \u00bfqu\u00e9 tipo energ\u00eda? Si la remera por ejemplo fue dise\u00f1ada con un cierre o botones qu\u00e9 s\u00e9 de ellos, son pl\u00e1sticos, de metal, qu\u00e9 tipos de acabados tienen, quien es el proveedor, de nuevo es local, importado\u2026.<\/span><\/p>\n<p><b>Es decir la ficha t\u00e9cnica de cada producto debe empezar por permitirme medir y evaluar el impacto del mismo. Para poder evaluar cambios.<\/b><\/p>\n<ul>\n<li style=\"font-weight: 400;\" aria-level=\"1\"><span style=\"font-weight: 400;\">A veces se basa toda la decisi\u00f3n en el textil, pero no s\u00f3lo debemos pensar en el textil gen\u00e9rico porque cada impacto va a hacer diferente seg\u00fan qu\u00e9 informaci\u00f3n tengamos de ese proveedor: no es lo mismo un textil de algod\u00f3n comprado a un proveedor local que uno que sea importado. No es lo mismo un proveedor que tenga un circuito cerrado de agua, a uno que no.\u00a0<\/span><\/li>\n<li style=\"font-weight: 400;\" aria-level=\"1\"><span style=\"font-weight: 400;\">Y el dato que no logre tener lo resalto, para ver si eso es posible cambiarlo o desde el dise\u00f1o o buscar otro proveedor por ejemplo que me permita obtenerlo. Si somos m\u00e1s los que pedimos los datos y el no obtenerlo resulta de buscar otro proveedor o cambiar de materialidad, dichos proveedores deber\u00e1n cambiar si quieren permanecer en el mercado. Ya sea haciendo las cosas correctamente o hasta desarrollando e innovando para realizar mejoras.<\/span><\/li>\n<li style=\"font-weight: 400;\" aria-level=\"1\"><span style=\"font-weight: 400;\">Luego del salir del sector producci\u00f3n y evaluar el entorno, \u00bfqu\u00e9 materiales se usan en administraci\u00f3n? \u00bfc\u00f3mo es el local? (su energ\u00eda, materialidad, iluminaci\u00f3n). Todo lo que va alrededor del mismo que me permita llevar la actividad adelante. \u00bfC\u00f3mo llego al local? tambi\u00e9n ser\u00e1 un impacto del proyecto.<\/span><\/li>\n<li style=\"font-weight: 400;\" aria-level=\"1\"><span style=\"font-weight: 400;\">Luego la disposici\u00f3n del producto: su packaging, qu\u00e9 tipo de lavado necesita, informo al cliente c\u00f3mo hacer el mismo \u00bfnecesita plancha? y luego, \u00bfqu\u00e9 pasar\u00e1 cu\u00e1ndo para el usuario no tenga m\u00e1s utilidad? \u00bfcual ser\u00e1 el impacto del mismo durante su vida \u00fatil y su descomposici\u00f3n final?<\/span><b> Como vimos el mismo no deja de impactar cu\u00e1ndo sale del local, sino que sigue impacto en manos de otros, y de la forma que lo haga depender\u00e1 de las desiciones de dise\u00f1o que haya tomado.<\/b><\/li>\n<\/ul>\n<p><span style=\"font-weight: 400;\">\u00a0<\/span><\/p>\n<p><span style=\"font-weight: 400;\">Sabemos que no es sencillo, pero no puedo modificar aquello que no s\u00e9, por lo que primero tengo que saber cu\u00e1l es mi punto de partida, y luego hacer un plan estrat\u00e9gico sustentable que incluir\u00e1 el Impacto ambienta, social y econ\u00f3mico que cada nueva acci\u00f3n.<\/span><\/p>\n<p><b>Siempre vamos a impactar, sabemos que el proyecto sostenible 100% hoy es ut\u00f3pico,<\/b><span style=\"font-weight: 400;\"> pero s\u00ed podemos, cada vez,\u00a0 acercarnos m\u00e1s a \u00e9l\u00a0 y tomar luego decisiones intencionales fuera del proyecto para mejor el mismo. Ejemplo, si mi materia prima es importada y no encuentro otro proveedor local con misma calidad y precio y de cambiarlo me impedir\u00e1 comercializar el producto, puedo pensar en acciones con ONG\/Fundaciones que ayuden a mitigar el impacto de dicha huella carbono. Pero una vez m\u00e1s sino conozco cada uno de mis eslabones de la cadena de valor y c\u00f3mo los mismos se relacionan con el planeta, no puedo tomar decisiones hacia la sostenibilidad.-\u00a0<\/span><\/p>\n<p><span style=\"color: #993366;\"><b>Conocer los Objetivos de Desarrollo Sostenible (ODS)<\/b><\/span><span style=\"font-weight: 400;\"><span style=\"color: #993366;\">,<\/span> son una gu\u00eda para analizar los impactos de nuestros proyectos, tanto en lo social, como en lo ambiental y en lo econ\u00f3mico. Analizar cada uno de ellos y reconocerlos dentro de nuestra cadena de valor. Los ODS son una hoja de ruta hacia la sostenibilidad.\u00a0<\/span><\/p>\n<p><b>El SDG Compass es una herramienta desarrollada por Pacto Global de Naciones Unidas, GRI y WBCSD<\/b><span style=\"font-weight: 400;\"> que ayuda a las empresas a identificar los Objetivos de Desarrollo Sostenible en su cadena de producci\u00f3n y cuenta de 5 pasos:<\/span><\/p>\n<p><span style=\"font-weight: 400;\">1) <\/span><b>Entender los ODS:<\/b><span style=\"font-weight: 400;\"> es importante familiarizarse con los ODS y entender las oportunidades y responsabilidades que representan para el proyecto.<\/span><\/p>\n<p><span style=\"font-weight: 400;\">2) <\/span><b>Definir prioridades:<\/b><span style=\"font-weight: 400;\"> para beneficiarse de las oportunidades y retos que presentan los ODS, definir en d\u00f3nde se encuentran las prioridades de tu proyecto te ayudar\u00e1 a enfocar tus esfuerzos.<\/span><\/p>\n<p><span style=\"font-weight: 400;\">3) <\/span><b>Establecer objetivos:<\/b><span style=\"font-weight: 400;\"> el establecimiento de objetivos se basa directamente en los resultados de la evaluaci\u00f3n de impacto y priorizaci\u00f3n realizada en el paso 02.<\/span><\/p>\n<p><span style=\"font-weight: 400;\">4) <\/span><b>Integrar los objetivos en la empresa:<\/b><span style=\"font-weight: 400;\"> Como resultado se habr\u00e1n identificado y establecido objetivos medibles para cada una de las prioridades estrat\u00e9gicas del proyecto.\u00a0<\/span><\/p>\n<p><span style=\"font-weight: 400;\">5) <\/span><b>Reportar y comunicar:<\/b><span style=\"font-weight: 400;\"> Es importante reportar y comunicar continuamente sobre su progreso frente a los ODS, para comprender y satisfacer las necesidades de las partes interesadas.<\/span><\/p>\n<p><img decoding=\"async\" class=\"wp-image-5503 aligncenter lazyload\" data-src=\"http:\/\/desarrollosdeprueba.xyz\/universo_mola\/wp-content\/uploads\/2020\/08\/S-WEB-Goal-12.png\" alt=\"\" width=\"259\" height=\"259\" data-srcset=\"https:\/\/universomola.com\/wp-content\/uploads\/2020\/08\/S-WEB-Goal-12-66x66.png 66w, https:\/\/universomola.com\/wp-content\/uploads\/2020\/08\/S-WEB-Goal-12-100x100.png 100w, https:\/\/universomola.com\/wp-content\/uploads\/2020\/08\/S-WEB-Goal-12-150x150.png 150w, https:\/\/universomola.com\/wp-content\/uploads\/2020\/08\/S-WEB-Goal-12-200x200.png 200w, https:\/\/universomola.com\/wp-content\/uploads\/2020\/08\/S-WEB-Goal-12-300x300.png 300w, https:\/\/universomola.com\/wp-content\/uploads\/2020\/08\/S-WEB-Goal-12-400x400.png 400w, https:\/\/universomola.com\/wp-content\/uploads\/2020\/08\/S-WEB-Goal-12-500x500.png 500w, https:\/\/universomola.com\/wp-content\/uploads\/2020\/08\/S-WEB-Goal-12-600x600.png 600w, https:\/\/universomola.com\/wp-content\/uploads\/2020\/08\/S-WEB-Goal-12-700x700.png 700w, https:\/\/universomola.com\/wp-content\/uploads\/2020\/08\/S-WEB-Goal-12-768x768.png 768w, https:\/\/universomola.com\/wp-content\/uploads\/2020\/08\/S-WEB-Goal-12-800x800.png 800w, https:\/\/universomola.com\/wp-content\/uploads\/2020\/08\/S-WEB-Goal-12-1024x1024.png 1024w, https:\/\/universomola.com\/wp-content\/uploads\/2020\/08\/S-WEB-Goal-12-1200x1200.png 1200w, https:\/\/universomola.com\/wp-content\/uploads\/2020\/08\/S-WEB-Goal-12.png 1500w\" data-sizes=\"(max-width: 259px) 100vw, 259px\" src=\"data:image\/svg+xml;base64,PHN2ZyB3aWR0aD0iMSIgaGVpZ2h0PSIxIiB4bWxucz0iaHR0cDovL3d3dy53My5vcmcvMjAwMC9zdmciPjwvc3ZnPg==\" style=\"--smush-placeholder-width: 259px; --smush-placeholder-aspect-ratio: 259\/259;\" \/><\/p>\n<h3 style=\"text-align: center;\"><b>Hacer m\u00e1s y mejores cosas con menos recursos, incrementando las ganancias netas de bienestar de la actividad econ\u00f3mica mediante la reducci\u00f3n de la utilizaci\u00f3n de los recursos, degradaci\u00f3n u la contaminaci\u00f3n durante todo el ciclo de vida, logrando al mismo tiempo una mejor calidad de vida.<\/b><\/h3>\n<p><span style=\"font-weight: 400;\">No pod\u00e9s seguir haciendo las cosas por repetici\u00f3n, debemos Dise\u00f1ar con CO-RESPONSABILIDAD como parte de un sistema. Necesitamos desarrollar una nueva manera para satisfacer las necesidades de los consumidores de una forma menos intensiva con los recursos. Como vimos el desarrollo del producto conlleva una variedad de criterios de dise\u00f1o: la calidad, la ergonom\u00eda, la seguridad, la est\u00e9tica MAS los criterios sociales y ambientales, debemos dise\u00f1ar pensando en minimizar el impacto en el ciclo de vida.<\/span><\/p>\n<\/div><\/div><\/div><\/div><\/div>","protected":false},"excerpt":{"rendered":"<p>Lorem ipsum dolor sit amet, consectetur adipiscing elit. Nam pharetra dictum eleifend. Sed posuere magna at luctus pretium. Aliquam ligula sem, aliquet sit amet nisi ac, dignissim porta ipsum.<\/p>","protected":false},"author":9,"featured_media":5510,"comment_status":"open","ping_status":"open","sticky":false,"template":"","format":"standard","meta":{"_monsterinsights_skip_tracking":false,"_monsterinsights_sitenote_active":false,"_monsterinsights_sitenote_note":"","_monsterinsights_sitenote_category":0,"footnotes":""},"categories":[40],"tags":[93,91,89,48,92,47,96,90,88],"class_list":["post-5486","post","type-post","status-publish","format-standard","has-post-thumbnail","hentry","category-blog","tag-disenadores-sostenibles","tag-ethical-fashion","tag-moda-etica","tag-moda-latina","tag-moda-latinoamericana","tag-moda-sostenible","tag-moda-sustentable","tag-sustainable","tag-universo-mola"],"_links":{"self":[{"href":"https:\/\/universomola.com\/en\/wp-json\/wp\/v2\/posts\/5486","targetHints":{"allow":["GET"]}}],"collection":[{"href":"https:\/\/universomola.com\/en\/wp-json\/wp\/v2\/posts"}],"about":[{"href":"https:\/\/universomola.com\/en\/wp-json\/wp\/v2\/types\/post"}],"author":[{"embeddable":true,"href":"https:\/\/universomola.com\/en\/wp-json\/wp\/v2\/users\/9"}],"replies":[{"embeddable":true,"href":"https:\/\/universomola.com\/en\/wp-json\/wp\/v2\/comments?post=5486"}],"version-history":[{"count":3,"href":"https:\/\/universomola.com\/en\/wp-json\/wp\/v2\/posts\/5486\/revisions"}],"predecessor-version":[{"id":5511,"href":"https:\/\/universomola.com\/en\/wp-json\/wp\/v2\/posts\/5486\/revisions\/5511"}],"wp:featuredmedia":[{"embeddable":true,"href":"https:\/\/universomola.com\/en\/wp-json\/wp\/v2\/media\/5510"}],"wp:attachment":[{"href":"https:\/\/universomola.com\/en\/wp-json\/wp\/v2\/media?parent=5486"}],"wp:term":[{"taxonomy":"category","embeddable":true,"href":"https:\/\/universomola.com\/en\/wp-json\/wp\/v2\/categories?post=5486"},{"taxonomy":"post_tag","embeddable":true,"href":"https:\/\/universomola.com\/en\/wp-json\/wp\/v2\/tags?post=5486"}],"curies":[{"name":"wp","href":"https:\/\/api.w.org\/{rel}","templated":true}]}}