{"id":5492,"date":"2019-07-29T18:24:39","date_gmt":"2019-07-29T21:24:39","guid":{"rendered":"http:\/\/desarrollosdeprueba.xyz\/universo_mola\/?p=5492"},"modified":"2021-08-08T18:27:19","modified_gmt":"2021-08-08T21:27:19","slug":"victoria-protectora-y-creativa","status":"publish","type":"post","link":"https:\/\/universomola.com\/en\/victoria-protectora-y-creativa\/","title":{"rendered":"VICTORIA, PROTECTORA Y CREATIVA"},"content":{"rendered":"<div class=\"fusion-fullwidth fullwidth-box fusion-builder-row-1 fusion-flex-container nonhundred-percent-fullwidth non-hundred-percent-height-scrolling\" style=\"--awb-border-radius-top-left:0px;--awb-border-radius-top-right:0px;--awb-border-radius-bottom-right:0px;--awb-border-radius-bottom-left:0px;--awb-flex-wrap:wrap;\" ><div class=\"fusion-builder-row fusion-row fusion-flex-align-items-flex-start fusion-flex-content-wrap\" style=\"max-width:1248px;margin-left: calc(-4% \/ 2 );margin-right: calc(-4% \/ 2 );\"><div class=\"fusion-layout-column fusion_builder_column fusion-builder-column-0 fusion_builder_column_1_1 1_1 fusion-flex-column\" style=\"--awb-bg-size:cover;--awb-width-large:100%;--awb-margin-top-large:0px;--awb-spacing-right-large:1.92%;--awb-margin-bottom-large:0px;--awb-spacing-left-large:1.92%;--awb-width-medium:100%;--awb-spacing-right-medium:1.92%;--awb-spacing-left-medium:1.92%;--awb-width-small:100%;--awb-spacing-right-small:1.92%;--awb-spacing-left-small:1.92%;\"><div class=\"fusion-column-wrapper fusion-flex-justify-content-flex-start fusion-content-layout-column\"><div class=\"fusion-text fusion-text-1\"><p><em><span style=\"color: #33cccc;\">Escrito por: Entrevista <\/span><\/em><em><span style=\"color: #33cccc;\">de Universo MOLA<\/span><\/em><\/p>\n<p><span style=\"color: #c92c2c;\"><b>Victoria,<\/b><i><span style=\"font-weight: 400;\"> protectora y creativa.<\/span><\/i><\/span><\/p>\n<p><span style=\"color: #c92c2c;\"><i><span style=\"font-weight: 400;\">Conecta con ella<\/span><\/i> <span style=\"color: #33cccc;\"><b><i>here.<\/i><\/b><\/span><\/span><\/p>\n<p><img decoding=\"async\" class=\"alignnone size-full wp-image-5496 lazyload\" data-src=\"http:\/\/desarrollosdeprueba.xyz\/universo_mola\/wp-content\/uploads\/2021\/08\/Captura204.png\" alt=\"\" width=\"258\" height=\"303\" data-srcset=\"https:\/\/universomola.com\/wp-content\/uploads\/2021\/08\/Captura204-200x235.png 200w, https:\/\/universomola.com\/wp-content\/uploads\/2021\/08\/Captura204-255x300.png 255w, https:\/\/universomola.com\/wp-content\/uploads\/2021\/08\/Captura204.png 258w\" data-sizes=\"(max-width: 258px) 100vw, 258px\" src=\"data:image\/svg+xml;base64,PHN2ZyB3aWR0aD0iMSIgaGVpZ2h0PSIxIiB4bWxucz0iaHR0cDovL3d3dy53My5vcmcvMjAwMC9zdmciPjwvc3ZnPg==\" style=\"--smush-placeholder-width: 258px; --smush-placeholder-aspect-ratio: 258\/303;\" \/><\/p>\n<p><b>\u00bfPor qu\u00e9 haces lo que haces? <\/b><\/p>\n<p><span style=\"font-weight: 400;\">Empec\u00e9 en la universidad a estudiar dise\u00f1o gr\u00e1fico y me gustaba mucho la idea de crear, pero sent\u00eda que algo me faltaba y era experimentar desde el vestuario, los materiales textiles, asi que para mi tesis gr\u00e1fica,<\/span><b> entregu\u00e9 un proyecto que se llamaba Telare, coraz\u00f3n de tela. \u00bfles suena?<\/b><span style=\"font-weight: 400;\">. Con este proyecto en la mano, decid\u00ed estudiar dise\u00f1o de vestuario y enfocar mi carrera en el rubro del descarte textil. Un tema del que se hablaba super poco y a mi me parec\u00eda necesario exponer. Telare se convirti\u00f3 en mi proyecto, mi emprendimiento, mi marca y durante estos 6 a\u00f1os me llev\u00f3 a conocer otros proyectos, otros dise\u00f1adores. As\u00ed decid\u00ed quedarme en este rubro y enfocarme en el tema de los descartes de tela, sus problemas y sus posibles soluciones<\/span><b>. Y espero seguir en este camino aprendiendo y experimentando.<\/b><\/p>\n<p><b>\u00bfQu\u00e9 es la sostenibilidad para ti?:<\/b><\/p>\n<p><span style=\"font-weight: 400;\">Conservaci\u00f3n y Protecci\u00f3n de los recursos, ambientales, econ\u00f3micos o sociales.<\/span><\/p>\n<p><b>\u00bfCu\u00e1l es tu habito sostenible clave?:<\/b><\/p>\n<p><span style=\"font-weight: 400;\">Rechazar siempre pero siempre la bombilla de pl\u00e1stico. tengo la mia reutilizable que llevo a todas partes.<\/span><\/p>\n<p><b>\u00bfC\u00f3mo contagias el esp\u00edritu de sostenibilidad?:<\/b><\/p>\n<p><span style=\"font-weight: 400;\">Estoy constantemente contando historias<\/span><span style=\"font-weight: 400;\">, por ejemplo, sobre mi ropa que es de segunda mano, c\u00f3mo fui armando mi placard con prendas con historia o por que prefiero comprar as\u00ed y no en tiendas de retail. Es super importante comunicar, hay cosas sobre reciclaje o moda \u00e9tica que para uno son super \u201cobvias\u201d pero al com\u00fan de la gente que no ha tenido posibilidad de interiorizarse en el tema, es algo super nuevo e interesante. Y a esas personas hay que llegar, educar, hacerlos participar del cambio.<\/span><\/p>\n<p><b>\u00bfUn sue\u00f1o?:<\/b><\/p>\n<p><span style=\"font-weight: 400;\">Que todas las marcas de ropa se hagan cargo de su basura textil.<\/span><\/p>\n<p><b>\u00bfQu\u00e9 te gustar\u00eda cambiar en el mundo?:<\/b><\/p>\n<p><span style=\"font-weight: 400;\">Los h\u00e1bitos de comodidad que tenemos hoy en d\u00eda como consumidor. Comprar y desechar. Creo que es un buen punto de partida para cuestionar y comenzar un cambio. \u00bfRealmente lo necesito? \u00bfesta bien el precio que tiene? etc.<\/span><\/p>\n<p><b>\u00bfQu\u00e9 es para ti MOLA? <\/b><span style=\"font-weight: 400;\">\u00a0<\/span><\/p>\n<p><span style=\"font-weight: 400;\">Es una oportunidad, un punto de encuentro en el globo, para conocer a otros activistas, otros proyectos.<\/span><\/p>\n<p><img decoding=\"async\" class=\"alignnone size-full wp-image-5495 lazyload\" data-src=\"http:\/\/desarrollosdeprueba.xyz\/universo_mola\/wp-content\/uploads\/2021\/08\/Captura203.png\" alt=\"\" width=\"489\" height=\"201\" data-srcset=\"https:\/\/universomola.com\/wp-content\/uploads\/2021\/08\/Captura203-200x82.png 200w, https:\/\/universomola.com\/wp-content\/uploads\/2021\/08\/Captura203-300x123.png 300w, https:\/\/universomola.com\/wp-content\/uploads\/2021\/08\/Captura203-400x164.png 400w, https:\/\/universomola.com\/wp-content\/uploads\/2021\/08\/Captura203.png 489w\" data-sizes=\"(max-width: 489px) 100vw, 489px\" src=\"data:image\/svg+xml;base64,PHN2ZyB3aWR0aD0iMSIgaGVpZ2h0PSIxIiB4bWxucz0iaHR0cDovL3d3dy53My5vcmcvMjAwMC9zdmciPjwvc3ZnPg==\" style=\"--smush-placeholder-width: 489px; --smush-placeholder-aspect-ratio: 489\/201;\" \/><\/p>\n<p><b>\u00bfQu\u00e9 destacas del trabajo de MOLA? \u00bfCu\u00e1l crees que es el impacto del movimiento?<\/b><\/p>\n<p><span style=\"font-weight: 400;\">Tiene un impacto super positivo, MOLA genera espacios de encuentro, de conocimiento y de uni\u00f3n. Creo que en la trayectoria del encuentro han preservado esa energ\u00eda de transmitir lo que pasa en latinoam\u00e9rica con respecto a la industria textil y ( tambi\u00e9n otros focos) pal`mundo.<\/span><\/p>\n<p><b>\u00bfAlgo m\u00e1s que quieras aportar?<\/b><\/p>\n<p><span style=\"font-weight: 400;\">Los invito a formar parte de esta comunidad, a seguir acompa\u00f1\u00e1ndolos durante todo el a\u00f1o a trav\u00e9s de sus redes y a participar de los encuentros anuales, por que realmente te empapas de conocimiento y te llevas mas de una experiencia\/o an\u00e9cdota para atesorar. <\/span><b>Estamos generando cambios y en MOLA encontramos un punto de encuentro.<\/b><\/p>\n<\/div><\/div><\/div><\/div><\/div>","protected":false},"excerpt":{"rendered":"<p>Lorem ipsum dolor sit amet, consectetur adipiscing elit. Nam pharetra dictum eleifend. Sed posuere magna at luctus pretium. Aliquam ligula sem, aliquet sit amet nisi ac, dignissim porta ipsum.<\/p>","protected":false},"author":9,"featured_media":5497,"comment_status":"open","ping_status":"open","sticky":false,"template":"","format":"standard","meta":{"_monsterinsights_skip_tracking":false,"_monsterinsights_sitenote_active":false,"_monsterinsights_sitenote_note":"","_monsterinsights_sitenote_category":0,"footnotes":""},"categories":[40],"tags":[93,89,48,92,47,96,88],"class_list":["post-5492","post","type-post","status-publish","format-standard","has-post-thumbnail","hentry","category-blog","tag-disenadores-sostenibles","tag-moda-etica","tag-moda-latina","tag-moda-latinoamericana","tag-moda-sostenible","tag-moda-sustentable","tag-universo-mola"],"_links":{"self":[{"href":"https:\/\/universomola.com\/en\/wp-json\/wp\/v2\/posts\/5492","targetHints":{"allow":["GET"]}}],"collection":[{"href":"https:\/\/universomola.com\/en\/wp-json\/wp\/v2\/posts"}],"about":[{"href":"https:\/\/universomola.com\/en\/wp-json\/wp\/v2\/types\/post"}],"author":[{"embeddable":true,"href":"https:\/\/universomola.com\/en\/wp-json\/wp\/v2\/users\/9"}],"replies":[{"embeddable":true,"href":"https:\/\/universomola.com\/en\/wp-json\/wp\/v2\/comments?post=5492"}],"version-history":[{"count":1,"href":"https:\/\/universomola.com\/en\/wp-json\/wp\/v2\/posts\/5492\/revisions"}],"predecessor-version":[{"id":5499,"href":"https:\/\/universomola.com\/en\/wp-json\/wp\/v2\/posts\/5492\/revisions\/5499"}],"wp:featuredmedia":[{"embeddable":true,"href":"https:\/\/universomola.com\/en\/wp-json\/wp\/v2\/media\/5497"}],"wp:attachment":[{"href":"https:\/\/universomola.com\/en\/wp-json\/wp\/v2\/media?parent=5492"}],"wp:term":[{"taxonomy":"category","embeddable":true,"href":"https:\/\/universomola.com\/en\/wp-json\/wp\/v2\/categories?post=5492"},{"taxonomy":"post_tag","embeddable":true,"href":"https:\/\/universomola.com\/en\/wp-json\/wp\/v2\/tags?post=5492"}],"curies":[{"name":"wp","href":"https:\/\/api.w.org\/{rel}","templated":true}]}}