{"id":5502,"date":"2019-07-31T18:31:36","date_gmt":"2019-07-31T21:31:36","guid":{"rendered":"http:\/\/desarrollosdeprueba.xyz\/universo_mola\/?p=5502"},"modified":"2021-08-08T18:36:34","modified_gmt":"2021-08-08T21:36:34","slug":"moda-artesanal-vs-moda-industrial","status":"publish","type":"post","link":"https:\/\/universomola.com\/en\/moda-artesanal-vs-moda-industrial\/","title":{"rendered":"MODA ARTESANAL VS. MODA INDUSTRIAL"},"content":{"rendered":"<div class=\"fusion-fullwidth fullwidth-box fusion-builder-row-1 fusion-flex-container nonhundred-percent-fullwidth non-hundred-percent-height-scrolling\" style=\"--awb-border-radius-top-left:0px;--awb-border-radius-top-right:0px;--awb-border-radius-bottom-right:0px;--awb-border-radius-bottom-left:0px;--awb-flex-wrap:wrap;\" ><div class=\"fusion-builder-row fusion-row fusion-flex-align-items-flex-start fusion-flex-content-wrap\" style=\"max-width:1248px;margin-left: calc(-4% \/ 2 );margin-right: calc(-4% \/ 2 );\"><div class=\"fusion-layout-column fusion_builder_column fusion-builder-column-0 fusion_builder_column_1_1 1_1 fusion-flex-column\" style=\"--awb-bg-size:cover;--awb-width-large:100%;--awb-margin-top-large:0px;--awb-spacing-right-large:1.92%;--awb-margin-bottom-large:0px;--awb-spacing-left-large:1.92%;--awb-width-medium:100%;--awb-spacing-right-medium:1.92%;--awb-spacing-left-medium:1.92%;--awb-width-small:100%;--awb-spacing-right-small:1.92%;--awb-spacing-left-small:1.92%;\"><div class=\"fusion-column-wrapper fusion-flex-justify-content-flex-start fusion-content-layout-column\"><div class=\"fusion-text fusion-text-1\"><p><em><span style=\"color: #33cccc;\">Escrito por: Noticias <\/span><\/em><em><span style=\"color: #33cccc;\">de Universo MOLA<\/span><\/em><\/p>\n<p><span style=\"font-weight: 400;\">Por Marjorie Ventura Voces del #UniversoMOLA Guatemala<\/span><\/p>\n<p><span style=\"font-weight: 400;\">Vivimos en una \u00e9poca en donde la moda tiene una presencia muy marcada en la sociedad. Si vemos la televisi\u00f3n o una revista, lo primero que encontramos es alguna marca o publicidad relacionada con la moda o alguna marca de moda en espec\u00edfico. Y \u00bfc\u00f3mo han logrado estas marcas industriales posicionarse de esa manera? Con un marketing y un plan de publicidad que abarca todos los \u00e1mbitos que nos rodean. Cuando inici\u00f3 todo el tema industrial, la moda crec\u00eda de manera piramidal, en donde la Alta costura estaba en primer lugar y era seguida por marcas que vest\u00edan a las masas, hoy en d\u00eda han aparecido diferentes marcas, de prendas deportivas, street wear, semi-alta costura, etc. Y ahora el consumidor puede mezclar una prenda o bolso de alta costura con una prenda de una tienda por departamentos, por la variedad de propuestas y opciones que encuentra en el mercado.<\/span><\/p>\n<p><b>Todo esto ha llevado a que la industria tenga un crecimiento considerable conforme pasa el tiempo, y empresas no relacionadas con moda se han dedicado a producir prendas baratas en masa<\/b><span style=\"font-weight: 400;\"> viendo el creciemiento de las grandes marcas dedicadas a la moda, un ejemplo de esto es Wall Mart.<\/span><\/p>\n<p><img decoding=\"async\" class=\"alignnone size-full wp-image-5509 lazyload\" data-src=\"http:\/\/desarrollosdeprueba.xyz\/universo_mola\/wp-content\/uploads\/2021\/08\/Captura211.png\" alt=\"\" width=\"375\" height=\"322\" data-srcset=\"https:\/\/universomola.com\/wp-content\/uploads\/2021\/08\/Captura211-200x172.png 200w, https:\/\/universomola.com\/wp-content\/uploads\/2021\/08\/Captura211-300x258.png 300w, https:\/\/universomola.com\/wp-content\/uploads\/2021\/08\/Captura211.png 375w\" data-sizes=\"(max-width: 375px) 100vw, 375px\" src=\"data:image\/svg+xml;base64,PHN2ZyB3aWR0aD0iMSIgaGVpZ2h0PSIxIiB4bWxucz0iaHR0cDovL3d3dy53My5vcmcvMjAwMC9zdmciPjwvc3ZnPg==\" style=\"--smush-placeholder-width: 375px; --smush-placeholder-aspect-ratio: 375\/322;\" \/><\/p>\n<p><i><span style=\"font-weight: 400;\">Fotograf\u00eda: Marjorie Ventura<\/span><\/i><\/p>\n<p><b>MODA INDUSTRIAL<\/b><\/p>\n<p><b>El tema industrial abarca todo aquel producto que es realizado por una f\u00e1brica en grandes cantidades.<\/b><span style=\"font-weight: 400;\"> Las empresas industriales se encargan de transformar una materia prima a un tipo de producto que se conoce como manufactura. Los dise\u00f1adores industriales son los encargados de crear y desarrollar estos productos que puedan ser fabricados a gran escala y en serie.\u00a0<\/span><\/p>\n<p><span style=\"font-weight: 400;\">\u00bfC\u00f3mo inicio la moda industrial? en el siglo XIX los ingleses llevaron la industria textil a Estados Unidos, durante el a\u00f1o 1800 se trabajaban prendas a la medida, pero los sastres empezaron a ver c\u00f3mo las medidas de las mujeres se parec\u00edan y decidieron crear patrones, de esta forma naci\u00f3 el patronaje y se extendi\u00f3 a diferentes lugares, y de all\u00ed evolucion\u00f3 la industria de la moda a lo que conocemos en la actualidad. Esta industria est\u00e1 compuesta por un sinfin de elementos, desde fabricantes hasta modelos y maquillistas, as\u00ed tambi\u00e9n\u00a0 se divide en grupos, la moda <\/span><b>pret-a-porter<\/b><span style=\"font-weight: 400;\"> (incluye la mayor parte de los segmentos de ropa y accesorios, es mas barata y accesible)<\/span><b> y la alta costura<\/b><span style=\"font-weight: 400;\"> (prendas exclusivas con materiales muy finos, para clientes espec\u00edficos).<\/span><\/p>\n<p><img decoding=\"async\" class=\"alignnone size-full wp-image-5508 lazyload\" data-src=\"http:\/\/desarrollosdeprueba.xyz\/universo_mola\/wp-content\/uploads\/2021\/08\/Captura210.png\" alt=\"\" width=\"351\" height=\"349\" data-srcset=\"https:\/\/universomola.com\/wp-content\/uploads\/2021\/08\/Captura210-66x66.png 66w, https:\/\/universomola.com\/wp-content\/uploads\/2021\/08\/Captura210-100x100.png 100w, https:\/\/universomola.com\/wp-content\/uploads\/2021\/08\/Captura210-150x150.png 150w, https:\/\/universomola.com\/wp-content\/uploads\/2021\/08\/Captura210-200x199.png 200w, https:\/\/universomola.com\/wp-content\/uploads\/2021\/08\/Captura210-300x298.png 300w, https:\/\/universomola.com\/wp-content\/uploads\/2021\/08\/Captura210.png 351w\" data-sizes=\"(max-width: 351px) 100vw, 351px\" src=\"data:image\/svg+xml;base64,PHN2ZyB3aWR0aD0iMSIgaGVpZ2h0PSIxIiB4bWxucz0iaHR0cDovL3d3dy53My5vcmcvMjAwMC9zdmciPjwvc3ZnPg==\" style=\"--smush-placeholder-width: 351px; --smush-placeholder-aspect-ratio: 351\/349;\" \/><\/p>\n<p><i><span style=\"font-weight: 400;\">Fotograf\u00eda: Marjorie Ventura<\/span><\/i><\/p>\n<p><b>La tecnolog\u00eda<\/b><span style=\"font-weight: 400;\"> ha sido uno de las factores que con sus avances promueve el crecimiento de la industria. No obstante este crecimiento ha traido muchas cosas positivas pero a la vez aspectos negativos que han afectado nuestro ambiente y al ser humano como tal. Esta industria mueve miles de millones al a\u00f1o, pero tambi\u00e9n produce miles y millones de toneladas de basura, agentes contaminantes del aire y especialmente del agua, as\u00ed como el crecimiento de la explotaci\u00f3n humana en diferentes pa\u00edses. <\/span><b>Se busca producir, pero producir barato<\/b><span style=\"font-weight: 400;\">, por esta raz\u00f3n se contrata mano de obra muy barata y en condiciones deplorables. <\/span><b>La industria como tal no es mala, el problema es el manejo que se le ha dado y se ha perdido muchas veces la identidad del producto, la originalidad y creatividad.\u00a0<\/b><\/p>\n<p><span style=\"font-weight: 400;\">Se est\u00e1 trabajando para minimizar los da\u00f1os, hay diferentes organizaciones y grupos dedicados a hacer conciencia a fabricantes, dise\u00f1adores y grandes marcas, que a\u00fan se esta a tiempo de hacer un cambio positivo, que se puedan cumplir requisitos para no generar mas contaminaci\u00f3n, que se valore al ser humano y se le puedan brindar las condiciones necesarias para trabajar dignamente.<\/span><\/p>\n<p><b>MODA ARTESANAL<\/b><\/p>\n<p><img decoding=\"async\" class=\"alignnone size-full wp-image-5507 lazyload\" data-src=\"http:\/\/desarrollosdeprueba.xyz\/universo_mola\/wp-content\/uploads\/2021\/08\/Captura209.png\" alt=\"\" width=\"315\" height=\"315\" data-srcset=\"https:\/\/universomola.com\/wp-content\/uploads\/2021\/08\/Captura209-66x66.png 66w, https:\/\/universomola.com\/wp-content\/uploads\/2021\/08\/Captura209-100x100.png 100w, https:\/\/universomola.com\/wp-content\/uploads\/2021\/08\/Captura209-150x150.png 150w, https:\/\/universomola.com\/wp-content\/uploads\/2021\/08\/Captura209-200x200.png 200w, https:\/\/universomola.com\/wp-content\/uploads\/2021\/08\/Captura209-300x300.png 300w, https:\/\/universomola.com\/wp-content\/uploads\/2021\/08\/Captura209.png 315w\" data-sizes=\"(max-width: 315px) 100vw, 315px\" src=\"data:image\/svg+xml;base64,PHN2ZyB3aWR0aD0iMSIgaGVpZ2h0PSIxIiB4bWxucz0iaHR0cDovL3d3dy53My5vcmcvMjAwMC9zdmciPjwvc3ZnPg==\" style=\"--smush-placeholder-width: 315px; --smush-placeholder-aspect-ratio: 315\/315;\" \/><\/p>\n<p><i><span style=\"font-weight: 400;\">Fotograf\u00eda: Marjorie Ventura<\/span><\/i><\/p>\n<p><b>Es un concepto que engloba varios temas, eco-friendly, moda \u00e9tica, slow fashion, pero no se limita solo a dichos t\u00e9rminos<\/b><span style=\"font-weight: 400;\">, se relaciona con la moda eco-friendly, porque a la hora de seleccionar los materiales se est\u00e1 al tanto de que sean amigables con el medio ambiente. Se relaciona con slow fashion porque pretende un dise\u00f1o y desarrollo sostenible que procure de manera responsable y comprometida minimizar el impacto de los materiales y de c\u00f3mo se obtienen los mismos. Se aprovechan componentes y elementos org\u00e1nicos y naturales. Se planifica con el fin de racionar materiales, para la elaboraci\u00f3n de fibras textiles y todo el cuidado ambiental. Tambi\u00e9n esta muy relacionada con la moda \u00e9tica, porque cuida el entorno, las personas y las condiciones econ\u00f3micas. Pero va m\u00e1s all\u00e1, su significado es m\u00e1s amplio y profundo.<\/span><\/p>\n<p><b>La moda artesanal expresa un contacto vivo con el proceso creativo, el trabajo manual y todas las personas que trabajan en el<\/b><span style=\"font-weight: 400;\">. Es un tema que est\u00e1 muy alejado del fast fashion y se le considera <\/span><b>la madre de la alta costura<\/b><span style=\"font-weight: 400;\">. Expresa una forma diferente de hacer moda, que se traduce en algo especifico, un legado, tradici\u00f3n, cultura, y sobre todo, que cada prenda se hace de manera \u00fanica. Lo artesanal es aquello en donde podemos encontrar arte, lleva implicito el deseo de cada artista o dise\u00f1ador, que otros puedan conocer, reconocer y apreciar su arte. La Moda artesanal ha tenido que evolucionar, para poder ofrecer a los clientes productos de calidad y creativos, para competir con las prendas industriales.\u00a0<\/span><\/p>\n<p><img decoding=\"async\" class=\"alignnone size-full wp-image-5506 lazyload\" data-src=\"http:\/\/desarrollosdeprueba.xyz\/universo_mola\/wp-content\/uploads\/2021\/08\/Captura208.png\" alt=\"\" width=\"418\" height=\"174\" data-srcset=\"https:\/\/universomola.com\/wp-content\/uploads\/2021\/08\/Captura208-200x83.png 200w, https:\/\/universomola.com\/wp-content\/uploads\/2021\/08\/Captura208-300x125.png 300w, https:\/\/universomola.com\/wp-content\/uploads\/2021\/08\/Captura208-400x167.png 400w, https:\/\/universomola.com\/wp-content\/uploads\/2021\/08\/Captura208.png 418w\" data-sizes=\"(max-width: 418px) 100vw, 418px\" src=\"data:image\/svg+xml;base64,PHN2ZyB3aWR0aD0iMSIgaGVpZ2h0PSIxIiB4bWxucz0iaHR0cDovL3d3dy53My5vcmcvMjAwMC9zdmciPjwvc3ZnPg==\" style=\"--smush-placeholder-width: 418px; --smush-placeholder-aspect-ratio: 418\/174;\" \/><\/p>\n<p><i><span style=\"font-weight: 400;\">Fotograf\u00eda: Marjorie Ventura<\/span><\/i><\/p>\n<p><span style=\"font-weight: 400;\">La moda artesanal est\u00e1 ganando territorio, con bordados a mano, pintura a mano, textiles realizados a mano, impresi\u00f3n de diferentes culturas en cada material que fabrican los artesanos, de esta forma se ha ganado bastante espacio y se ha vuelto algo m\u00e1s atractivo para los consumidores. El cliente se est\u00e1 preocupando m\u00e1s por el medio ambiente, y por el trato de los empleados por esta raz\u00f3n ha hecho conciencia y se ha acercado cada vez mas a los productos artesanales. En un principio al momento que todo se industrializ\u00f3, los clientes estaban tan emocionados por el tema que el fin era comprar prendas industrializadas, f\u00e1ciles de producir y de comprar, pero como todo alcanza un balance, ya hay una conciencia mundial y por esto el consumidor actual tiene m\u00e1s conciencia a la hora de adquirir alg\u00fan producto de moda. <\/span><b>Y por la versatilidad de la moda artesanal, el consumidor se ha dado cuenta que puede adquirir productos m\u00e1s originales, creativos y naturales, con m\u00e1s caracter comparados con los productos en masa.<\/b><\/p>\n<p><img decoding=\"async\" class=\"alignnone size-full wp-image-5505 lazyload\" data-src=\"http:\/\/desarrollosdeprueba.xyz\/universo_mola\/wp-content\/uploads\/2021\/08\/Captura207.png\" alt=\"\" width=\"355\" height=\"357\" data-srcset=\"https:\/\/universomola.com\/wp-content\/uploads\/2021\/08\/Captura207-66x66.png 66w, https:\/\/universomola.com\/wp-content\/uploads\/2021\/08\/Captura207-100x100.png 100w, https:\/\/universomola.com\/wp-content\/uploads\/2021\/08\/Captura207-150x150.png 150w, https:\/\/universomola.com\/wp-content\/uploads\/2021\/08\/Captura207-200x201.png 200w, https:\/\/universomola.com\/wp-content\/uploads\/2021\/08\/Captura207-298x300.png 298w, https:\/\/universomola.com\/wp-content\/uploads\/2021\/08\/Captura207.png 355w\" data-sizes=\"(max-width: 355px) 100vw, 355px\" src=\"data:image\/svg+xml;base64,PHN2ZyB3aWR0aD0iMSIgaGVpZ2h0PSIxIiB4bWxucz0iaHR0cDovL3d3dy53My5vcmcvMjAwMC9zdmciPjwvc3ZnPg==\" style=\"--smush-placeholder-width: 355px; --smush-placeholder-aspect-ratio: 355\/357;\" \/><\/p>\n<p><i><span style=\"font-weight: 400;\">Fotograf\u00eda: Marjorie Ventura<\/span><\/i><\/p>\n<p><b>El talento de los artesanos significa un enorme valor agregado, la necesidad de las empresas de desarrollar un modelo sostenible, y pr\u00e1cticas comerciales \u00e9ticas combinada con la perdida de t\u00e9cnicas ancestrales y tradicionales, posiciona a la moda artesanal como el posible futuro de la moda.<\/b><span style=\"font-weight: 400;\"> La fusi\u00f3n de la artesan\u00eda con el dise\u00f1o y tendencias actuales tiene la posibilidad de honrar y valorar la historia y tradici\u00f3n de la artesan\u00eda, as\u00ed como a toda persona involucrada en el proceso, de esta manera obtener un producto original y con un valor agregado por todo el significado que conlleva y por todo el trabajo manual que representa. Han surgido variedad de organizaciones para promover el trabajo artesanal, por ser uno de los mayores en generar empleo en el mundo, al potenciar el mismo, se promueve mayor generaci\u00f3n de empleo, desarrollo personal y econ\u00f3mico, y fomentar el desarrollo de comunidades y desarrollo sostenible.<\/span><\/p>\n<p><span style=\"font-weight: 400;\">En la moda hecha de manera artesanal, los productores o marcas est\u00e1n relacionados directamente con los fabricantes del producto, generando fuentes de trabajo \u00e9tico y sostenible para que las tradiciones ancestrales de los diferentes pueblos no mueran. Este modelo ser\u00e1 el revitalizador de diferentes comunidades, empoderamiento de mujeres y crecimiento.<\/span><\/p>\n<p><img decoding=\"async\" class=\"alignnone size-full wp-image-5504 lazyload\" data-src=\"http:\/\/desarrollosdeprueba.xyz\/universo_mola\/wp-content\/uploads\/2021\/08\/Captura206.png\" alt=\"\" width=\"332\" height=\"206\" data-srcset=\"https:\/\/universomola.com\/wp-content\/uploads\/2021\/08\/Captura206-200x124.png 200w, https:\/\/universomola.com\/wp-content\/uploads\/2021\/08\/Captura206-300x186.png 300w, https:\/\/universomola.com\/wp-content\/uploads\/2021\/08\/Captura206.png 332w\" data-sizes=\"(max-width: 332px) 100vw, 332px\" src=\"data:image\/svg+xml;base64,PHN2ZyB3aWR0aD0iMSIgaGVpZ2h0PSIxIiB4bWxucz0iaHR0cDovL3d3dy53My5vcmcvMjAwMC9zdmciPjwvc3ZnPg==\" style=\"--smush-placeholder-width: 332px; --smush-placeholder-aspect-ratio: 332\/206;\" \/><\/p>\n<p><i><span style=\"font-weight: 400;\">Fotograf\u00eda: Marjorie Ventura\u00a0<\/span><\/i><\/p>\n<p><span style=\"font-weight: 400;\">El futuro de la moda deber\u00e1 trabajar de la mano con la sostenibilidad y producci\u00f3n de productos creativos, de excelente calidad, que a la vez tenga un sifnificado que va mas all\u00e1 del producto en s\u00ed mismo, y<\/span><b> es all\u00ed en donde est\u00e1 la importancia del trabajo de artesanos, que se enorgullecen de cada pieza que realizan y dejan toda su escencia en cada creaci\u00f3n.<\/b><span style=\"font-weight: 400;\"> Esta ser\u00eda una de las claves para construir una industria de moda \u00e9tica y est\u00e9tica, que se preocupa por el medio ambiente, por cada material que se utiliza pero especialmente por toda persona involucrada en el proceso de cada producto.<\/span><\/p>\n<\/div><\/div><\/div><\/div><\/div>","protected":false},"excerpt":{"rendered":"<p>Lorem ipsum dolor sit amet, consectetur adipiscing elit. Nam pharetra dictum eleifend. Sed posuere magna at luctus pretium. Aliquam ligula sem, aliquet sit amet nisi ac, dignissim porta ipsum.<\/p>","protected":false},"author":9,"featured_media":5509,"comment_status":"open","ping_status":"open","sticky":false,"template":"","format":"standard","meta":{"_monsterinsights_skip_tracking":false,"_monsterinsights_sitenote_active":false,"_monsterinsights_sitenote_note":"","_monsterinsights_sitenote_category":0,"footnotes":""},"categories":[40],"tags":[93,89,48,92,47,96,88],"class_list":["post-5502","post","type-post","status-publish","format-standard","has-post-thumbnail","hentry","category-blog","tag-disenadores-sostenibles","tag-moda-etica","tag-moda-latina","tag-moda-latinoamericana","tag-moda-sostenible","tag-moda-sustentable","tag-universo-mola"],"_links":{"self":[{"href":"https:\/\/universomola.com\/en\/wp-json\/wp\/v2\/posts\/5502","targetHints":{"allow":["GET"]}}],"collection":[{"href":"https:\/\/universomola.com\/en\/wp-json\/wp\/v2\/posts"}],"about":[{"href":"https:\/\/universomola.com\/en\/wp-json\/wp\/v2\/types\/post"}],"author":[{"embeddable":true,"href":"https:\/\/universomola.com\/en\/wp-json\/wp\/v2\/users\/9"}],"replies":[{"embeddable":true,"href":"https:\/\/universomola.com\/en\/wp-json\/wp\/v2\/comments?post=5502"}],"version-history":[{"count":1,"href":"https:\/\/universomola.com\/en\/wp-json\/wp\/v2\/posts\/5502\/revisions"}],"predecessor-version":[{"id":5513,"href":"https:\/\/universomola.com\/en\/wp-json\/wp\/v2\/posts\/5502\/revisions\/5513"}],"wp:featuredmedia":[{"embeddable":true,"href":"https:\/\/universomola.com\/en\/wp-json\/wp\/v2\/media\/5509"}],"wp:attachment":[{"href":"https:\/\/universomola.com\/en\/wp-json\/wp\/v2\/media?parent=5502"}],"wp:term":[{"taxonomy":"category","embeddable":true,"href":"https:\/\/universomola.com\/en\/wp-json\/wp\/v2\/categories?post=5502"},{"taxonomy":"post_tag","embeddable":true,"href":"https:\/\/universomola.com\/en\/wp-json\/wp\/v2\/tags?post=5502"}],"curies":[{"name":"wp","href":"https:\/\/api.w.org\/{rel}","templated":true}]}}