{"id":5525,"date":"2019-08-21T18:46:40","date_gmt":"2019-08-21T21:46:40","guid":{"rendered":"http:\/\/desarrollosdeprueba.xyz\/universo_mola\/?p=5525"},"modified":"2021-08-08T18:49:46","modified_gmt":"2021-08-08T21:49:46","slug":"tamara-consciente-y-atenta","status":"publish","type":"post","link":"https:\/\/universomola.com\/en\/tamara-consciente-y-atenta\/","title":{"rendered":"TAMARA, CONSCIENTE Y ATENTA"},"content":{"rendered":"<div class=\"fusion-fullwidth fullwidth-box fusion-builder-row-1 fusion-flex-container nonhundred-percent-fullwidth non-hundred-percent-height-scrolling\" style=\"--awb-border-radius-top-left:0px;--awb-border-radius-top-right:0px;--awb-border-radius-bottom-right:0px;--awb-border-radius-bottom-left:0px;--awb-flex-wrap:wrap;\" ><div class=\"fusion-builder-row fusion-row fusion-flex-align-items-flex-start fusion-flex-content-wrap\" style=\"max-width:1248px;margin-left: calc(-4% \/ 2 );margin-right: calc(-4% \/ 2 );\"><div class=\"fusion-layout-column fusion_builder_column fusion-builder-column-0 fusion_builder_column_1_1 1_1 fusion-flex-column\" style=\"--awb-bg-size:cover;--awb-width-large:100%;--awb-margin-top-large:0px;--awb-spacing-right-large:1.92%;--awb-margin-bottom-large:0px;--awb-spacing-left-large:1.92%;--awb-width-medium:100%;--awb-spacing-right-medium:1.92%;--awb-spacing-left-medium:1.92%;--awb-width-small:100%;--awb-spacing-right-small:1.92%;--awb-spacing-left-small:1.92%;\"><div class=\"fusion-column-wrapper fusion-flex-justify-content-flex-start fusion-content-layout-column\"><div class=\"fusion-text fusion-text-1\"><p><em><span style=\"color: #33cccc;\">Escrito por: Entrevista <\/span><\/em><em><span style=\"color: #33cccc;\">de Universo MOLA<\/span><\/em><\/p>\n<p><span style=\"color: #c41414;\"><b>Tamara,<\/b><i><span style=\"font-weight: 400;\"> consciente y atenta.<\/span><\/i><\/span><\/p>\n<p><span style=\"color: #c41414;\"><i><span style=\"font-weight: 400;\">Conecta con ella<\/span><\/i> <span style=\"color: #33cccc;\"><b><i>here.<\/i><\/b><\/span><\/span><\/p>\n<p><img decoding=\"async\" class=\"alignnone size-full wp-image-5528 lazyload\" data-src=\"http:\/\/desarrollosdeprueba.xyz\/universo_mola\/wp-content\/uploads\/2021\/08\/Captura217.png\" alt=\"\" width=\"218\" height=\"277\" data-srcset=\"https:\/\/universomola.com\/wp-content\/uploads\/2021\/08\/Captura217-200x254.png 200w, https:\/\/universomola.com\/wp-content\/uploads\/2021\/08\/Captura217.png 218w\" data-sizes=\"(max-width: 218px) 100vw, 218px\" src=\"data:image\/svg+xml;base64,PHN2ZyB3aWR0aD0iMSIgaGVpZ2h0PSIxIiB4bWxucz0iaHR0cDovL3d3dy53My5vcmcvMjAwMC9zdmciPjwvc3ZnPg==\" style=\"--smush-placeholder-width: 218px; --smush-placeholder-aspect-ratio: 218\/277;\" \/><\/p>\n<p><b>\u00bfPor qu\u00e9 haces lo que haces?\u00a0<\/b><\/p>\n<p><span style=\"font-weight: 400;\">Cada ma\u00f1ana me levanto pensando que si no hago algo para contribuir al mundo, ser\u00e1 una persona menos que no estar\u00e1 ayudando.\u00a0<\/span><\/p>\n<p><b>\u00bfQu\u00e9 es la sostenibilidad para ti?:<\/b><\/p>\n<p><span style=\"font-weight: 400;\">Llegu\u00e9 a la sostenibilidad a trav\u00e9s de la informaci\u00f3n que busqu\u00e9 sobre econom\u00eda circular\u00a0 y esto cambi\u00f3 mi percepci\u00f3n sobre todo. Me hizo mucho sentido todo lo que ven\u00eda sintiendo de antes, pero que no conoc\u00eda.\u00a0 <\/span><b>La sostenibilidad es mi causa.<\/b><span style=\"font-weight: 400;\"> Cuando entend\u00ed todo lo que hemos destruido y la realidad, no solo de la industria de la moda, sino de todas las otras industrias que no est\u00e1n haciendo nada para cambiar sus acciones, comprend\u00ed que es el camino correcto a seguir en pos de que la humanidad subsista. Es una tarea dif\u00edcil en un mundo donde todo se hace para usar y desechar, pero es tarea nuestra cambiar este paradigma y ense\u00f1ar a los consumidores.\u00a0<\/span><\/p>\n<p><b>\u00bfCu\u00e1l es tu habito sostenible clave?:<\/b><\/p>\n<p><span style=\"font-weight: 400;\">Buscarle una segunda vida \u00fatil a todo.\u00a0<\/span><\/p>\n<p><b>\u00bfC\u00f3mo contagias el esp\u00edritu de sostenibilidad?:<\/b><\/p>\n<p><span style=\"font-weight: 400;\">He descubierto que muchas personas no aplican la sostenibilidad en su vida porque no entienden o desconocen la importancia o el porqu\u00e9 hacerlo. Pienso que una tarea clave es transparentar y ense\u00f1ar con el ejemplo para que otros se sumen, y les haga sentido.\u00a0<\/span><\/p>\n<p><b>\u00bfUn sue\u00f1o?:<\/b><\/p>\n<p><span style=\"font-weight: 400;\">Que todas las personas pudieran descubrir cual es su talento y lucharan por sus sue\u00f1os<\/span><span style=\"font-weight: 400;\">\u00a0<\/span><\/p>\n<p><b>\u00bfQu\u00e9 te gustar\u00eda cambiar en el mundo?:<\/b><\/p>\n<p><span style=\"font-weight: 400;\">La avaricia. Creo que los que m\u00e1s tienen deber\u00edan aportar mas a los que menos tienen. Abrir oportunidades para que sea mas parejo para todos.<\/span><\/p>\n<p><span style=\"font-weight: 400;\">\u00a0<\/span><\/p>\n<p><b>\u00bfQu\u00e9 es para ti MOLA? <\/b><span style=\"font-weight: 400;\">\u00a0<\/span><\/p>\n<p><span style=\"font-weight: 400;\">MOLA lleg\u00f3 a mi vida de casualidad, no lo estaba buscando, y sin darme cuenta cambi\u00f3 muchas cosas en m\u00ed. Me dio la oportunidad de visibilizar el trabajo que se esta haciendo desde Chile, me dio una voz, y esto es literalmente jajaja, para poder llegar a otros que est\u00e1n buscando este tipo de instancias, me dio nuevos amigos por todo el continente. MOLA ha llegado a mi vida para potenciar la labor que estamos desarrollando como marca, pero tambi\u00e9n como personas ciudadanas de este mundo en el a\u00f1o 2019, donde es muy necesaria la capacitaci\u00f3n constante, y m\u00e1s en materia de sostenibilidad.<\/span><\/p>\n<p><b>\u00bfQu\u00e9 destacas del trabajo de MOLA? \u00bfCu\u00e1l crees que es el impacto del movimiento?<\/b><\/p>\n<p><span style=\"font-weight: 400;\">El trabajo principal es <\/span><b>poder unificar, con mucho esfuerzo y perseverancia,<\/b><span style=\"font-weight: 400;\"> a los perfiles correctos para buscar qu\u00e9 se hace desde cada pa\u00eds de Latinoam\u00e9rica y visibilizarlo al mundo. Qu\u00e9 m\u00e1s se puede hacer y c\u00f3mo desde nuestras labores podemos contribuir a cambiar el paradigma de lo que hoy es sostenibilidad y moda, y como son palabras que perfectamente pueden ir de la mano. Nos ayuda a generar oportunidades y redes, y la parte educativa de estar constantemente enviando feedback, nuevas tendencias, seminarios, clases magistrales, y sin dudas la familia que se ha creado.\u00a0<\/span><\/p>\n<p><b>El impacto que MOLA est\u00e1 logrando, es cambiar el paradigma de que la moda tiene que venir de afuera, o el hecho de que Latinoam\u00e9rica a veces subvaloramos mucho lo que tenemos,<\/b> <span style=\"font-weight: 400;\">y est\u00e1 devolviendo dignidad y valor, rescatando todo este patrimonio inmaterial que tiene que ver con textil, tejidos, te\u00f1ido, pero tambi\u00e9n rescatando las buenas ideas que se generan en el continente y que valen la pena aplicar al mundo.\u00a0<\/span><\/p>\n<p><b>\u00bfAlgo m\u00e1s que quieras aportar?<\/b><\/p>\n<p><span style=\"font-weight: 400;\">Como he dicho antes el Universo Mola ha cambiado mi perspectiva en el \u00faltimo a\u00f1o, y sin dudas recomendar\u00eda ser parte de una red tan necesaria y que crece cada d\u00eda mas. No solo los amigos que se hacen, sino el poder contar con personas que est\u00e1n atentos y dispuestos a colaborar y buscar las mejores soluciones posibles. Que escuchan, que proponen, que est\u00e1n constantemente reinvent\u00e1ndose y que no se guardan el conocimiento, sino que lo democratizan para un mejor uso de \u00e9l. <\/span><b>Siempre estamos invitando a personas a seguirnos, y no solo a seguirnos, sino a contribuir en esta tarea que es de todos.\u00a0<\/b><\/p>\n<\/div><\/div><\/div><\/div><\/div>","protected":false},"excerpt":{"rendered":"<p>Lorem ipsum dolor sit amet, consectetur adipiscing elit. Nam pharetra dictum eleifend. Sed posuere magna at luctus pretium. Aliquam ligula sem, aliquet sit amet nisi ac, dignissim porta ipsum.<\/p>","protected":false},"author":9,"featured_media":5529,"comment_status":"open","ping_status":"open","sticky":false,"template":"","format":"standard","meta":{"_monsterinsights_skip_tracking":false,"_monsterinsights_sitenote_active":false,"_monsterinsights_sitenote_note":"","_monsterinsights_sitenote_category":0,"footnotes":""},"categories":[40],"tags":[93,89,48,92,47,96,88],"class_list":["post-5525","post","type-post","status-publish","format-standard","has-post-thumbnail","hentry","category-blog","tag-disenadores-sostenibles","tag-moda-etica","tag-moda-latina","tag-moda-latinoamericana","tag-moda-sostenible","tag-moda-sustentable","tag-universo-mola"],"_links":{"self":[{"href":"https:\/\/universomola.com\/en\/wp-json\/wp\/v2\/posts\/5525","targetHints":{"allow":["GET"]}}],"collection":[{"href":"https:\/\/universomola.com\/en\/wp-json\/wp\/v2\/posts"}],"about":[{"href":"https:\/\/universomola.com\/en\/wp-json\/wp\/v2\/types\/post"}],"author":[{"embeddable":true,"href":"https:\/\/universomola.com\/en\/wp-json\/wp\/v2\/users\/9"}],"replies":[{"embeddable":true,"href":"https:\/\/universomola.com\/en\/wp-json\/wp\/v2\/comments?post=5525"}],"version-history":[{"count":1,"href":"https:\/\/universomola.com\/en\/wp-json\/wp\/v2\/posts\/5525\/revisions"}],"predecessor-version":[{"id":5530,"href":"https:\/\/universomola.com\/en\/wp-json\/wp\/v2\/posts\/5525\/revisions\/5530"}],"wp:featuredmedia":[{"embeddable":true,"href":"https:\/\/universomola.com\/en\/wp-json\/wp\/v2\/media\/5529"}],"wp:attachment":[{"href":"https:\/\/universomola.com\/en\/wp-json\/wp\/v2\/media?parent=5525"}],"wp:term":[{"taxonomy":"category","embeddable":true,"href":"https:\/\/universomola.com\/en\/wp-json\/wp\/v2\/categories?post=5525"},{"taxonomy":"post_tag","embeddable":true,"href":"https:\/\/universomola.com\/en\/wp-json\/wp\/v2\/tags?post=5525"}],"curies":[{"name":"wp","href":"https:\/\/api.w.org\/{rel}","templated":true}]}}