{"id":5527,"date":"2020-08-25T18:47:23","date_gmt":"2020-08-25T21:47:23","guid":{"rendered":"http:\/\/desarrollosdeprueba.xyz\/universo_mola\/?p=5527"},"modified":"2021-08-08T19:00:33","modified_gmt":"2021-08-08T22:00:33","slug":"lo-mejor-de-la-moda-local-en-la-primera-alfombra-verde-online-latinoamericana","status":"publish","type":"post","link":"https:\/\/universomola.com\/en\/lo-mejor-de-la-moda-local-en-la-primera-alfombra-verde-online-latinoamericana\/","title":{"rendered":"LO MEJOR DE LA MODA LOCAL EN LA PRIMERA ALFOMBRA VERDE ONLINE LATINOAMERICANA"},"content":{"rendered":"<div class=\"fusion-fullwidth fullwidth-box fusion-builder-row-1 fusion-flex-container nonhundred-percent-fullwidth non-hundred-percent-height-scrolling\" style=\"--awb-border-radius-top-left:0px;--awb-border-radius-top-right:0px;--awb-border-radius-bottom-right:0px;--awb-border-radius-bottom-left:0px;--awb-flex-wrap:wrap;\" ><div class=\"fusion-builder-row fusion-row fusion-flex-align-items-flex-start fusion-flex-content-wrap\" style=\"max-width:1248px;margin-left: calc(-4% \/ 2 );margin-right: calc(-4% \/ 2 );\"><div class=\"fusion-layout-column fusion_builder_column fusion-builder-column-0 fusion_builder_column_1_1 1_1 fusion-flex-column\" style=\"--awb-bg-size:cover;--awb-width-large:100%;--awb-margin-top-large:0px;--awb-spacing-right-large:1.92%;--awb-margin-bottom-large:0px;--awb-spacing-left-large:1.92%;--awb-width-medium:100%;--awb-spacing-right-medium:1.92%;--awb-spacing-left-medium:1.92%;--awb-width-small:100%;--awb-spacing-right-small:1.92%;--awb-spacing-left-small:1.92%;\"><div class=\"fusion-column-wrapper fusion-flex-justify-content-flex-start fusion-content-layout-column\"><div class=\"fusion-text fusion-text-1\"><\/div><div class=\"fusion-text fusion-text-2\"><p><span style=\"color: #33cccc;\"><i><span style=\"font-weight: 400;\">Por Manuela Toro, Universo MOLA.\u00a0 \/ Imagen portada: <\/span><\/i><a style=\"color: #33cccc;\" href=\"https:\/\/pe.fashionnetwork.com\/news\/Argentina-la-industria-textil-registra-un-50-de-trabajo-ilegal,542696.html\"><i><span style=\"font-weight: 400;\">Fashion Network<\/span><\/i><\/a><i><span style=\"font-weight: 400;\">.<\/span><\/i><\/span><\/p>\n<p><span style=\"font-weight: 400;\">El pasado s\u00e1bado 22 de Agosto,\u00a0 se celebr\u00f3 la<\/span> <b>primera Alfombra Verde Online Latinoamericana<\/b><span style=\"font-weight: 400;\">,<\/span><span style=\"font-weight: 400;\"> espacio para motivar y concientizar sobre la necesidad de cambios en c\u00f3mo nos relacionamos y nos responsabilizamos con nuestra moda. El evento que sirvi\u00f3 de antesala para la Gala de premiaci\u00f3n de<\/span><a href=\"http:\/\/www.premioslatinoamericaverde.com\/\"> <span style=\"font-weight: 400;\">Premios Latinoam\u00e9rica Verde<\/span><\/a><span style=\"font-weight: 400;\">, <\/span><span style=\"font-weight: 400;\">estuvo cargada de personalidades inspiradoras como<\/span><a href=\"https:\/\/www.instagram.com\/joseforteza\/\"> <span style=\"font-weight: 400;\">Jos\u00e9 Forteza<\/span><\/a> <span style=\"font-weight: 400;\">(Conde Nast) ,<\/span><a href=\"https:\/\/www.instagram.com\/catalinarobayo\/\"> <span style=\"font-weight: 400;\">Catalina Robayo<\/span><\/a> <span style=\"font-weight: 400;\">(RCN),<\/span><a href=\"https:\/\/www.instagram.com\/vaalensuaa\/\"> <span style=\"font-weight: 400;\">Valentina Su\u00e1rez<\/span><\/a> <span style=\"font-weight: 400;\">(Directora de Universo MOLA) y<\/span><a href=\"https:\/\/www.instagram.com\/oskartoribio\/\"> <span style=\"font-weight: 400;\">Oscar Toribio<\/span><\/a> <span style=\"font-weight: 400;\">(Dise\u00f1ador Toribio &amp; Donato) como los anfitriones de la primera parte de la noche, mostrando los mejores looks de todos los asistentes, donde cada pieza del vestuario contaba una historia.<\/span><span style=\"font-weight: 400;\"><br \/>\n<\/span><span style=\"font-weight: 400;\"><br \/>\n<\/span><span style=\"font-weight: 400;\">URL del video: https:\/\/youtu.be\/YGxXPyE-cHA<\/span><\/p>\n<p><b>VERONICA SALOMON \/<\/b><a href=\"https:\/\/www.instagram.com\/martaliajewelry\/\"> <b>@martaliajewerly<\/b><\/a><\/p>\n<p><b><i>MARTALIA JEWELRY<\/i><\/b><\/p>\n<p><img decoding=\"async\" class=\"size-full wp-image-5532 aligncenter lazyload\" data-src=\"http:\/\/desarrollosdeprueba.xyz\/universo_mola\/wp-content\/uploads\/2021\/08\/36-1.png\" alt=\"\" width=\"290\" height=\"566\" data-srcset=\"https:\/\/universomola.com\/wp-content\/uploads\/2021\/08\/36-1-154x300.png 154w, https:\/\/universomola.com\/wp-content\/uploads\/2021\/08\/36-1-200x390.png 200w, https:\/\/universomola.com\/wp-content\/uploads\/2021\/08\/36-1.png 290w\" data-sizes=\"(max-width: 290px) 100vw, 290px\" src=\"data:image\/svg+xml;base64,PHN2ZyB3aWR0aD0iMSIgaGVpZ2h0PSIxIiB4bWxucz0iaHR0cDovL3d3dy53My5vcmcvMjAwMC9zdmciPjwvc3ZnPg==\" style=\"--smush-placeholder-width: 290px; --smush-placeholder-aspect-ratio: 290\/566;\" \/><\/p>\n<p><b><i>\u00a0<\/i><\/b><\/p>\n<p><span style=\"font-weight: 400;\">El vestido es un \u201clittle black dress\u201d realizado a medida, hace 20 a\u00f1os. Las arandelas son adaptaciones de residuos textiles de la dise\u00f1adora guayaquile\u00f1a<\/span><a href=\"https:\/\/www.instagram.com\/melissamurtinho\/\"> <i><span style=\"font-weight: 400;\">Melissa Murtinho<\/span><\/i><\/a><span style=\"font-weight: 400;\">. Los aretes son de su marca de joyer\u00eda sostenible<\/span><a href=\"https:\/\/www.instagram.com\/martaliajewelry\/\"> <span style=\"font-weight: 400;\">Martal\u00eda<\/span><\/a><span style=\"font-weight: 400;\">, <\/span><b>elaborados a mano en plata reciclada<\/b><span style=\"font-weight: 400;\">, onyx negro y redes de pesca recuperadas de las playas ecuatorianas, y fueron parte de las piezas presentadas en #NYFW2020.<\/span><\/p>\n<p><b>LOLA PONCE \/<\/b><a href=\"https:\/\/www.instagram.com\/lolaponce\/\"> <b>@lolaponce<\/b><\/a><\/p>\n<p><b><i>ACTRIZ<\/i><\/b><\/p>\n<p><img decoding=\"async\" class=\"size-full wp-image-5533 aligncenter lazyload\" data-src=\"http:\/\/desarrollosdeprueba.xyz\/universo_mola\/wp-content\/uploads\/2021\/08\/36-2.png\" alt=\"\" width=\"305\" height=\"569\" data-srcset=\"https:\/\/universomola.com\/wp-content\/uploads\/2021\/08\/36-2-161x300.png 161w, https:\/\/universomola.com\/wp-content\/uploads\/2021\/08\/36-2-200x373.png 200w, https:\/\/universomola.com\/wp-content\/uploads\/2021\/08\/36-2.png 305w\" data-sizes=\"(max-width: 305px) 100vw, 305px\" src=\"data:image\/svg+xml;base64,PHN2ZyB3aWR0aD0iMSIgaGVpZ2h0PSIxIiB4bWxucz0iaHR0cDovL3d3dy53My5vcmcvMjAwMC9zdmciPjwvc3ZnPg==\" style=\"--smush-placeholder-width: 305px; --smush-placeholder-aspect-ratio: 305\/569;\" \/><\/p>\n<p><span style=\"font-weight: 400;\">Llev\u00f3 un vestido de<\/span><a href=\"https:\/\/www.instagram.com\/toribiodonatobrand\/\"> <span style=\"font-weight: 400;\">Toribio &amp; Donato<\/span><\/a><span style=\"font-weight: 400;\"> trabajado bajo el modelo cero desechos, y aplicando un patronaje basado en figuras geom\u00e9tricas, un c\u00edrculo aplicado en la falda cuadros y rect\u00e1ngulos, para \u00e9l \u00e1rea de \u00e9l bustier. De este modo s\u00e9 abarc\u00f3 el textil al 100% para no producir ning\u00fan tipo de desecho. <\/span><b>Vestido de algod\u00f3n org\u00e1nico, hecho de residuos de maquila<\/b><span style=\"font-weight: 400;\">, se recolectaron y tejieron las hiladillas finas y se volvieron a fabricar en tela\u00a0 en un proceso de ciclo cerrado de bajo impacto.<\/span><\/p>\n<p><b>MARIA GABRIELA DE FAR\u00cdA \/<\/b><a href=\"https:\/\/www.instagram.com\/thefaria\/\"> <b>@thefaria<\/b><\/a><\/p>\n<p><b><i>ACTRIZ<\/i><\/b><\/p>\n<p><img decoding=\"async\" class=\"size-full wp-image-5535 aligncenter lazyload\" data-src=\"http:\/\/desarrollosdeprueba.xyz\/universo_mola\/wp-content\/uploads\/2021\/08\/36-3.png\" alt=\"\" width=\"329\" height=\"439\" data-srcset=\"https:\/\/universomola.com\/wp-content\/uploads\/2021\/08\/36-3-200x267.png 200w, https:\/\/universomola.com\/wp-content\/uploads\/2021\/08\/36-3-225x300.png 225w, https:\/\/universomola.com\/wp-content\/uploads\/2021\/08\/36-3.png 329w\" data-sizes=\"(max-width: 329px) 100vw, 329px\" src=\"data:image\/svg+xml;base64,PHN2ZyB3aWR0aD0iMSIgaGVpZ2h0PSIxIiB4bWxucz0iaHR0cDovL3d3dy53My5vcmcvMjAwMC9zdmciPjwvc3ZnPg==\" style=\"--smush-placeholder-width: 329px; --smush-placeholder-aspect-ratio: 329\/439;\" \/><\/p>\n<p><span style=\"font-weight: 400;\">Su vestido entra en la categor\u00eda de fibras regeneradas y recicladas. <\/span><b>Fue hecho mediante un proceso que convierte basura o desperdicio en materiales reusables.<\/b><span style=\"font-weight: 400;\"> Usaron tela de poli\u00e9ster regenerada para reducir los gases de efecto invernadero as\u00ed como la dependencia del petr\u00f3leo. Usando poli\u00e9ster reciclado ellos tambi\u00e9n est\u00e1n evitando el uso de nuevo pl\u00e1stico que, como sabemos, tarda hasta mil a\u00f1os en descomponerse pero, aun as\u00ed, sus micro part\u00edculas se quedan por siempre en el planeta. Usar poli\u00e9ster reciclado tambi\u00e9n tiene una huella de carbono mucho menor y usa mucha menos agua que usar pl\u00e1stico nuevo.\u00a0<\/span><\/p>\n<p><b>VALENTINA SU\u00c1REZ \/<\/b><a href=\"https:\/\/www.instagram.com\/vaalensuaa\/\"> <b>@vaalensuaa<\/b><\/a><\/p>\n<p><b><i>Directora Universo MOLA \/ Presentadora Alfombra Verde<\/i><\/b><\/p>\n<p><img decoding=\"async\" class=\"size-full wp-image-5537 aligncenter lazyload\" data-src=\"http:\/\/desarrollosdeprueba.xyz\/universo_mola\/wp-content\/uploads\/2021\/08\/36-4.png\" alt=\"\" width=\"298\" height=\"545\" data-srcset=\"https:\/\/universomola.com\/wp-content\/uploads\/2021\/08\/36-4-164x300.png 164w, https:\/\/universomola.com\/wp-content\/uploads\/2021\/08\/36-4-200x366.png 200w, https:\/\/universomola.com\/wp-content\/uploads\/2021\/08\/36-4.png 298w\" data-sizes=\"(max-width: 298px) 100vw, 298px\" src=\"data:image\/svg+xml;base64,PHN2ZyB3aWR0aD0iMSIgaGVpZ2h0PSIxIiB4bWxucz0iaHR0cDovL3d3dy53My5vcmcvMjAwMC9zdmciPjwvc3ZnPg==\" style=\"--smush-placeholder-width: 298px; --smush-placeholder-aspect-ratio: 298\/545;\" \/><\/p>\n<p><span style=\"font-weight: 400;\">Valentina fue vestida por<\/span><a href=\"https:\/\/www.instagram.com\/textileslauraanez\/\"> <span style=\"font-weight: 400;\">Laura A\u00f1ez Textiles<\/span><\/a><span style=\"font-weight: 400;\">,<\/span><b> una marca colombiana que revalora la t\u00e9cnica tradicional de tejido de punto en fibras naturales, como la alpaca 100% producida responsablemente por peque\u00f1os productores en Bolivia.<\/b><span style=\"font-weight: 400;\"> Son prendas atemporales y vers\u00e1tiles dise\u00f1adas para la longevidad, y sin generar residuos. Valentina llev\u00f3 la Ruana Hongo XL, una pieza \u00fanica tejida especialmente para el cierre del desfile de la NYFW en febrero de 2020. Es la tercera de una serie de Ruanas XL que dise\u00f1a la marca, especialmente en 3 tonos diferentes. El dise\u00f1o del tejido est\u00e1 inspirado en la textura y forma del hongo que crece en la madera y en los troncos de los \u00e1rboles.\u00a0<\/span><\/p>\n<p><span style=\"font-weight: 400;\">A su vez, Valentina llev\u00f3 zapatos de<\/span><a href=\"https:\/\/www.instagram.com\/garcesbottier\/\"><span style=\"font-weight: 400;\"> Garces Bottier<\/span><\/a><span style=\"font-weight: 400;\">, <\/span><b>una marca colombiana que se centra en revalorizar el trabajo artesanal de la creaci\u00f3n de calzado y la talla en madera<\/b><span style=\"font-weight: 400;\">. Trabajan bajo principios de la moda lenta, generando pocas piezas por modelo. Su objetivo es beneficiar a los artesanos zapateros y cuidar la tradici\u00f3n del hecho a mano.\u00a0<\/span><\/p>\n<p><b>OSCAR TORIBIO \/<\/b><a href=\"https:\/\/www.instagram.com\/oskartoribio\/\"> <b>@oskartoribio<\/b><\/a><\/p>\n<p><b>Toribio &amp; Donato<\/b><\/p>\n<p><img decoding=\"async\" class=\"size-full wp-image-5538 aligncenter lazyload\" data-src=\"http:\/\/desarrollosdeprueba.xyz\/universo_mola\/wp-content\/uploads\/2021\/08\/36-5.png\" alt=\"\" width=\"275\" height=\"414\" data-srcset=\"https:\/\/universomola.com\/wp-content\/uploads\/2021\/08\/36-5-199x300.png 199w, https:\/\/universomola.com\/wp-content\/uploads\/2021\/08\/36-5-200x301.png 200w, https:\/\/universomola.com\/wp-content\/uploads\/2021\/08\/36-5.png 275w\" data-sizes=\"(max-width: 275px) 100vw, 275px\" src=\"data:image\/svg+xml;base64,PHN2ZyB3aWR0aD0iMSIgaGVpZ2h0PSIxIiB4bWxucz0iaHR0cDovL3d3dy53My5vcmcvMjAwMC9zdmciPjwvc3ZnPg==\" style=\"--smush-placeholder-width: 275px; --smush-placeholder-aspect-ratio: 275\/414;\" \/><\/p>\n<p><b>Este look de su propia marca<\/b><a href=\"https:\/\/www.instagram.com\/toribiodonatobrand\/\"> <b>Toribio y Donato<\/b><\/a><b> hace parte de la colecci\u00f3n HOPE , S\/S 2021 que se presentar\u00e1 en el NYFW este septiembre. Los textiles son hechos a partir de hilladilla de algod\u00f3n, libre de tinte que a trav\u00e9s de un proceso de ciclo cerrado se recolecta el desecho de maquila y se transforma en un nuevo textil. Los tonos los dan los colores originales de los residuos recolectados.<\/b><\/p>\n<p><b>CARMEN VILLALOBOS \/<\/b><a href=\"https:\/\/www.instagram.com\/cvillaloboss\/\"> <b>@cvillaloboss<\/b><\/a><\/p>\n<p><b><i>Actriz \/ Presentadora Gala de Premiaci\u00f3n<\/i><\/b><\/p>\n<p><img decoding=\"async\" class=\"size-full wp-image-5540 aligncenter lazyload\" data-src=\"http:\/\/desarrollosdeprueba.xyz\/universo_mola\/wp-content\/uploads\/2021\/08\/36-6.png\" alt=\"\" width=\"379\" height=\"574\" data-srcset=\"https:\/\/universomola.com\/wp-content\/uploads\/2021\/08\/36-6-198x300.png 198w, https:\/\/universomola.com\/wp-content\/uploads\/2021\/08\/36-6-200x303.png 200w, https:\/\/universomola.com\/wp-content\/uploads\/2021\/08\/36-6.png 379w\" data-sizes=\"(max-width: 379px) 100vw, 379px\" src=\"data:image\/svg+xml;base64,PHN2ZyB3aWR0aD0iMSIgaGVpZ2h0PSIxIiB4bWxucz0iaHR0cDovL3d3dy53My5vcmcvMjAwMC9zdmciPjwvc3ZnPg==\" style=\"--smush-placeholder-width: 379px; --smush-placeholder-aspect-ratio: 379\/574;\" \/><\/p>\n<p style=\"text-align: center;\"><a href=\"https:\/\/www.instagram.com\/robertvfotografo\/\"><span style=\"font-weight: 400;\">PH: @robertvfotografo<\/span><\/a><\/p>\n<p><span style=\"font-weight: 400;\">El vestido es de<\/span><a href=\"https:\/\/www.instagram.com\/taroadc\/\"> <span style=\"font-weight: 400;\">TAROA<\/span><\/a><span style=\"font-weight: 400;\"> miembro de MOLA Hub, hecho en algod\u00f3n y confeccionado por una mujer cabeza de familia en Bogot\u00e1 que se llama Miriam. Su trabajo con la marca es flexible y digno. Puede atender su casa y al mismo tiempo trabajar y tener un sustento para su familia. <\/span><b>Los restos textiles del corte del vestido ser\u00e1n utilizados para realizar otras prendas o productos de la marca,<\/b><span style=\"font-weight: 400;\"> lo que ayudar\u00e1 a minimizar el impacto medioambiental del mismo. La dise\u00f1adora, Juliana, cre\u00f3 un look de dos piezas, pensando en la atemporalidad de las mismas para que Carmen pueda seguir us\u00e1ndolas en cualquier otro momento con otras combinaciones.<\/span><\/p>\n<p><b>GUSTAVO MANRIQUE MIRANDA \/<\/b><a href=\"https:\/\/www.instagram.com\/gustavomanriquemiranda\/\"> <b>@gustavomanriquemiranda<\/b><\/a><\/p>\n<p><b>Presidente de Premios Latinoam\u00e9rica Verde<\/b><\/p>\n<p><img decoding=\"async\" class=\"size-full wp-image-5541 aligncenter lazyload\" data-src=\"http:\/\/desarrollosdeprueba.xyz\/universo_mola\/wp-content\/uploads\/2021\/08\/36-7.png\" alt=\"\" width=\"289\" height=\"436\" data-srcset=\"https:\/\/universomola.com\/wp-content\/uploads\/2021\/08\/36-7-199x300.png 199w, https:\/\/universomola.com\/wp-content\/uploads\/2021\/08\/36-7-200x302.png 200w, https:\/\/universomola.com\/wp-content\/uploads\/2021\/08\/36-7.png 289w\" data-sizes=\"(max-width: 289px) 100vw, 289px\" src=\"data:image\/svg+xml;base64,PHN2ZyB3aWR0aD0iMSIgaGVpZ2h0PSIxIiB4bWxucz0iaHR0cDovL3d3dy53My5vcmcvMjAwMC9zdmciPjwvc3ZnPg==\" style=\"--smush-placeholder-width: 289px; --smush-placeholder-aspect-ratio: 289\/436;\" \/><\/p>\n<p><span style=\"font-weight: 400;\">Su look es igual al de todas las ediciones pasadas, la camisa blanca hecha por un dise\u00f1ador ecuatoriano Gustavo Moscoso, consumo local, baja en huella de carbono. <\/span><b>El traje es el mismo de las premiaciones anteriores, los forros internos, son retazos de otros trajes y es carbono neutro.<\/b><span style=\"font-weight: 400;\"> Los Broches son de tetrapac y plata reciclada. El pin es de chips de computadora que se us\u00f3 por m\u00e1s de 10 a\u00f1os, su material es aluminio, cobre y cadmio. Las joyas son dise\u00f1o de<\/span><a href=\"https:\/\/www.instagram.com\/martaliajewelry\/\"> <span style=\"font-weight: 400;\">Martal\u00eda Jewelry<\/span><\/a><span style=\"font-weight: 400;\">, marca ecuatoriana de joyas.\u00a0<\/span><\/p>\n<p><b>NATHALY QUI\u00d1ONEZ \/<\/b><a href=\"https:\/\/www.instagram.com\/nathz_8\/\"> <b>@nathz_8<\/b><\/a><\/p>\n<p><b><i>MODELO<\/i><\/b><\/p>\n<p><img decoding=\"async\" class=\"size-full wp-image-5542 aligncenter lazyload\" data-src=\"http:\/\/desarrollosdeprueba.xyz\/universo_mola\/wp-content\/uploads\/2021\/08\/36-8.png\" alt=\"\" width=\"357\" height=\"526\" data-srcset=\"https:\/\/universomola.com\/wp-content\/uploads\/2021\/08\/36-8-200x295.png 200w, https:\/\/universomola.com\/wp-content\/uploads\/2021\/08\/36-8-204x300.png 204w, https:\/\/universomola.com\/wp-content\/uploads\/2021\/08\/36-8.png 357w\" data-sizes=\"(max-width: 357px) 100vw, 357px\" src=\"data:image\/svg+xml;base64,PHN2ZyB3aWR0aD0iMSIgaGVpZ2h0PSIxIiB4bWxucz0iaHR0cDovL3d3dy53My5vcmcvMjAwMC9zdmciPjwvc3ZnPg==\" style=\"--smush-placeholder-width: 357px; --smush-placeholder-aspect-ratio: 357\/526;\" \/><\/p>\n<p><b>Su look va cargado de un gran valor sentimental.<\/b><span style=\"font-weight: 400;\"> La camisa blanca que usa, es la primera prenda de valor que su mam\u00e1 pudo comprarle hace 6 a\u00f1os y que us\u00f3 en un evento muy especial. El pantal\u00f3n de corte cl\u00e1sico es un obsequio de una de sus amigas hace 2 a\u00f1os. Y el turbante que acompa\u00f1a y personaliza el look representa una historia, una cultura.\u00a0<\/span><\/p>\n<p><b>JOS\u00c9 JAVIER GUARDERAS \/<\/b><a href=\"https:\/\/www.instagram.com\/negroguarderas\/\"> <b>@negroguarderas<\/b><\/a><\/p>\n<p><b>CO FUNDADOR\u00a0 PREMIOS LATINOAM\u00c9RICA VERDE<\/b><\/p>\n<p><img decoding=\"async\" class=\"size-full wp-image-5544 aligncenter lazyload\" data-src=\"http:\/\/desarrollosdeprueba.xyz\/universo_mola\/wp-content\/uploads\/2021\/08\/36-9.png\" alt=\"\" width=\"370\" height=\"558\" data-srcset=\"https:\/\/universomola.com\/wp-content\/uploads\/2021\/08\/36-9-199x300.png 199w, https:\/\/universomola.com\/wp-content\/uploads\/2021\/08\/36-9-200x302.png 200w, https:\/\/universomola.com\/wp-content\/uploads\/2021\/08\/36-9.png 370w\" data-sizes=\"(max-width: 370px) 100vw, 370px\" src=\"data:image\/svg+xml;base64,PHN2ZyB3aWR0aD0iMSIgaGVpZ2h0PSIxIiB4bWxucz0iaHR0cDovL3d3dy53My5vcmcvMjAwMC9zdmciPjwvc3ZnPg==\" style=\"--smush-placeholder-width: 370px; --smush-placeholder-aspect-ratio: 370\/558;\" \/><\/p>\n<p><span style=\"font-weight: 400;\">Sus accesorios son Carbono Neutro. Su pin y botones de la camisa son de plata reciclada y sea glass, un vidrio que despu\u00e9s de muchos a\u00f1os en el mar sale como piedra preciosa.\u00a0<\/span><\/p>\n<p><b>CATALINA DROGUETT \/<\/b><a href=\"https:\/\/www.instagram.com\/catadroguettp\/\"> <b>@catadroguettp<\/b><\/a><\/p>\n<p><b><i>PERIODISTA<\/i><\/b><\/p>\n<p><img decoding=\"async\" class=\"size-full wp-image-5547 aligncenter lazyload\" data-src=\"http:\/\/desarrollosdeprueba.xyz\/universo_mola\/wp-content\/uploads\/2021\/08\/36-10.png\" alt=\"\" width=\"313\" height=\"468\" data-srcset=\"https:\/\/universomola.com\/wp-content\/uploads\/2021\/08\/36-10-200x299.png 200w, https:\/\/universomola.com\/wp-content\/uploads\/2021\/08\/36-10-201x300.png 201w, https:\/\/universomola.com\/wp-content\/uploads\/2021\/08\/36-10.png 313w\" data-sizes=\"(max-width: 313px) 100vw, 313px\" src=\"data:image\/svg+xml;base64,PHN2ZyB3aWR0aD0iMSIgaGVpZ2h0PSIxIiB4bWxucz0iaHR0cDovL3d3dy53My5vcmcvMjAwMC9zdmciPjwvc3ZnPg==\" style=\"--smush-placeholder-width: 313px; --smush-placeholder-aspect-ratio: 313\/468;\" \/><\/p>\n<p><b>La chaqueta es producto de un trueque que hizo con una amiga: unos jeans que ya no le quedaban, por la chaqueta que ya su amiga no usaba. <\/b><span style=\"font-weight: 400;\">Como base del look tiene unas calzas negras y una blusa b\u00e1sica negra que ya ten\u00eda en su closet. Us\u00f3 unas zapatillas negras hechas de botellas de pl\u00e1stico reciclado del fondo marino. Aros: son de<\/span><a href=\"https:\/\/www.instagram.com\/plastica.store\/\"> <span style=\"font-weight: 400;\">Pl\u00e1stica<\/span><\/a><span style=\"font-weight: 400;\">. Joyer\u00eda sustentable hecha con bolsas de pl\u00e1stico en base a econom\u00eda circular.<\/span><\/p>\n<h3 style=\"text-align: center;\"><span style=\"font-weight: 400;\">\u00a0<\/span><\/h3>\n<h3 style=\"text-align: center;\"><b>La creatividad y la trazabilidad de cada pieza en la creaci\u00f3n de los looks, jugaron un papel protag\u00f3nico en el styling de todas las personalidades que pasaron por la Alfombra Verde online de Premios Latinoam\u00e9rica Verde<\/b><\/h3>\n<\/div><\/div><\/div><\/div><\/div>","protected":false},"excerpt":{"rendered":"<p>Lorem ipsum dolor sit amet, consectetur adipiscing elit. Nam pharetra dictum eleifend. Sed posuere magna at luctus pretium. Aliquam ligula sem, aliquet sit amet nisi ac, dignissim porta ipsum.<\/p>","protected":false},"author":9,"featured_media":5550,"comment_status":"open","ping_status":"open","sticky":false,"template":"","format":"standard","meta":{"_monsterinsights_skip_tracking":false,"_monsterinsights_sitenote_active":false,"_monsterinsights_sitenote_note":"","_monsterinsights_sitenote_category":0,"footnotes":""},"categories":[40],"tags":[93,91,101,89,48,92,47,96,102,90,88],"class_list":["post-5527","post","type-post","status-publish","format-standard","has-post-thumbnail","hentry","category-blog","tag-disenadores-sostenibles","tag-ethical-fashion","tag-latinoamericaverde2020","tag-moda-etica","tag-moda-latina","tag-moda-latinoamericana","tag-moda-sostenible","tag-moda-sustentable","tag-premios2020","tag-sustainable","tag-universo-mola"],"_links":{"self":[{"href":"https:\/\/universomola.com\/en\/wp-json\/wp\/v2\/posts\/5527","targetHints":{"allow":["GET"]}}],"collection":[{"href":"https:\/\/universomola.com\/en\/wp-json\/wp\/v2\/posts"}],"about":[{"href":"https:\/\/universomola.com\/en\/wp-json\/wp\/v2\/types\/post"}],"author":[{"embeddable":true,"href":"https:\/\/universomola.com\/en\/wp-json\/wp\/v2\/users\/9"}],"replies":[{"embeddable":true,"href":"https:\/\/universomola.com\/en\/wp-json\/wp\/v2\/comments?post=5527"}],"version-history":[{"count":1,"href":"https:\/\/universomola.com\/en\/wp-json\/wp\/v2\/posts\/5527\/revisions"}],"predecessor-version":[{"id":5552,"href":"https:\/\/universomola.com\/en\/wp-json\/wp\/v2\/posts\/5527\/revisions\/5552"}],"wp:featuredmedia":[{"embeddable":true,"href":"https:\/\/universomola.com\/en\/wp-json\/wp\/v2\/media\/5550"}],"wp:attachment":[{"href":"https:\/\/universomola.com\/en\/wp-json\/wp\/v2\/media?parent=5527"}],"wp:term":[{"taxonomy":"category","embeddable":true,"href":"https:\/\/universomola.com\/en\/wp-json\/wp\/v2\/categories?post=5527"},{"taxonomy":"post_tag","embeddable":true,"href":"https:\/\/universomola.com\/en\/wp-json\/wp\/v2\/tags?post=5527"}],"curies":[{"name":"wp","href":"https:\/\/api.w.org\/{rel}","templated":true}]}}