{"id":5531,"date":"2019-08-21T18:50:30","date_gmt":"2019-08-21T21:50:30","guid":{"rendered":"http:\/\/desarrollosdeprueba.xyz\/universo_mola\/?p=5531"},"modified":"2021-08-08T18:53:40","modified_gmt":"2021-08-08T21:53:40","slug":"desafios-cotidianos-de-emprender-como-marca-pequena","status":"publish","type":"post","link":"https:\/\/universomola.com\/en\/desafios-cotidianos-de-emprender-como-marca-pequena\/","title":{"rendered":"DESAFIOS COTIDIANOS DE EMPRENDER COMO MARCA PEQUE\u00d1A"},"content":{"rendered":"<div class=\"fusion-fullwidth fullwidth-box fusion-builder-row-1 fusion-flex-container nonhundred-percent-fullwidth non-hundred-percent-height-scrolling\" style=\"--awb-border-radius-top-left:0px;--awb-border-radius-top-right:0px;--awb-border-radius-bottom-right:0px;--awb-border-radius-bottom-left:0px;--awb-flex-wrap:wrap;\" ><div class=\"fusion-builder-row fusion-row fusion-flex-align-items-flex-start fusion-flex-content-wrap\" style=\"max-width:1248px;margin-left: calc(-4% \/ 2 );margin-right: calc(-4% \/ 2 );\"><div class=\"fusion-layout-column fusion_builder_column fusion-builder-column-0 fusion_builder_column_1_1 1_1 fusion-flex-column\" style=\"--awb-bg-size:cover;--awb-width-large:100%;--awb-margin-top-large:0px;--awb-spacing-right-large:1.92%;--awb-margin-bottom-large:0px;--awb-spacing-left-large:1.92%;--awb-width-medium:100%;--awb-spacing-right-medium:1.92%;--awb-spacing-left-medium:1.92%;--awb-width-small:100%;--awb-spacing-right-small:1.92%;--awb-spacing-left-small:1.92%;\"><div class=\"fusion-column-wrapper fusion-flex-justify-content-flex-start fusion-content-layout-column\"><div class=\"fusion-text fusion-text-1\"><p><em><span style=\"color: #33cccc;\">Escrito por: Noticias <\/span><\/em><em><span style=\"color: #33cccc;\">de Universo MOLA<\/span><\/em><\/p>\n<p><span style=\"font-weight: 400; color: #999999;\">Por Gabriela De Laurentis Voz del #UniversoMOLA Brasil<\/span><\/p>\n<p><span style=\"font-weight: 400;\">El monotributista em Brasil complet\u00f3 este julio pasado 10 a\u00f1os desde su primera formalizaci\u00f3n, con la creaci\u00f3n y entrada en vigencia de la Ley Complementaria No. 128\/2008. Hay m\u00e1s de 8 millones de microempresarios individuales en Brasil, de acuerdo con SEBRAE &#8211; Servicio Brasile\u00f1o de Apoyo a Micro y Peque\u00f1as Empresas. Para registrarse como MEI, debe tener ingresos de hasta R$ 81 mil por a\u00f1o (20mil USD dolares), no ser socio, administrador o titular de otra compa\u00f1\u00eda y tener como m\u00e1ximo un empleado. Al igual que MEI, el microempresario tiene un CNPJ (numero de registro de empresa) y puede abrir una cuenta bancaria, hacer pr\u00e9stamos y emitir facturas.<\/span><\/p>\n<p><span style=\"color: #999999;\"><i><span style=\"font-weight: 400;\">O Microempreendedor individual completou neste m\u00eas de julho 10 anos desde a sua primeira formaliza\u00e7\u00e3o, com a cria\u00e7\u00e3o e entrada em vigor da Lei Complementar n\u00ba 128\/2008. S\u00e3o mais de 8 milh\u00f5es de microempreendedores individuais no Brasil, segundo o registro do SEBRAE &#8211; Servi\u00e7o Brasileiro de Apoio \u00e0s Micro e Pequenas Empresas. Para se cadastrar como MEI, \u00e9 preciso ter faturamento de at\u00e9 R$ 81 mil por ano, n\u00e3o ser s\u00f3cio, administrador ou titular de outra empresa e ter no m\u00e1ximo um empregado. Como MEI, o microempreendedor tem um CNPJ e pode abrir conta banc\u00e1ria, fazer empr\u00e9stimos e emitir notas fiscais.<\/span><\/i><i><span style=\"font-weight: 400;\"> 1<\/span><\/i><\/span><\/p>\n<p><b>Crear un buen producto no es suficiente para su supervivencia en el mercado. Hay muchas marcas y el proceso de gesti\u00f3n de la marca no siempre es f\u00e1cil.<\/b><span style=\"font-weight: 400;\"> El peque\u00f1o empresario enfrenta dificultades y obst\u00e1culos en la vida cotidiana, incluso antes de pensar en el consumidor final y la venta en s\u00ed.<\/span><\/p>\n<p><span style=\"color: #999999;\"><b><i>Criar um bom produto n\u00e3o \u00e9 suficiente para a sua sobreviv\u00eancia no mercado. H\u00e1 muitas marcas e o processo de gerir a marca nem sempre \u00e9 f\u00e1cil.<\/i><\/b><i><span style=\"font-weight: 400;\"> O pequeno empreendedor enfrenta dificuldades e entraves no dia-a-dia, mesmo antes de se pensar no consumidor final e na pr\u00f3pria venda.<\/span><\/i><\/span><\/p>\n<p><b>Estas son algunas de las dificultades para la peque\u00f1a marca de moda:<\/b><\/p>\n<ul>\n<li style=\"font-weight: 400;\" aria-level=\"1\"><span style=\"font-weight: 400;\">Compra en peque\u00f1a cantidad de materia prima<\/span><\/li>\n<li style=\"font-weight: 400;\" aria-level=\"1\"><span style=\"font-weight: 400;\">Atenci\u00f3n de proveedores<\/span><\/li>\n<li style=\"font-weight: 400;\" aria-level=\"1\"><span style=\"font-weight: 400;\">Apreciaci\u00f3n del consumidor, educaci\u00f3n sobre sostenibilidad y peque\u00f1a escala<\/span><\/li>\n<li style=\"font-weight: 400;\" aria-level=\"1\"><span style=\"font-weight: 400;\">Canales de venta<\/span><\/li>\n<li style=\"font-weight: 400;\" aria-level=\"1\"><span style=\"font-weight: 400;\">Ferias<\/span><\/li>\n<\/ul>\n<ol>\n<li style=\"font-weight: 400;\" aria-level=\"1\"><span style=\"font-weight: 400;\">Curadoria especializada<\/span><\/li>\n<li style=\"font-weight: 400;\" aria-level=\"1\"><span style=\"font-weight: 400;\">Valores de participaci\u00f3n accesibles<\/span><\/li>\n<\/ol>\n<ul>\n<li style=\"font-weight: 400;\" aria-level=\"1\"><span style=\"font-weight: 400;\">Tiendas colaborativas con altos alquileres o comisiones<\/span><\/li>\n<li style=\"font-weight: 400;\" aria-level=\"1\"><span style=\"font-weight: 400;\">Apoyo de instituciones de incentivo<\/span><\/li>\n<li style=\"font-weight: 400;\" aria-level=\"1\"><span style=\"font-weight: 400;\">Falta de informaci\u00f3n<\/span><\/li>\n<\/ul>\n<ol>\n<li style=\"font-weight: 400;\" aria-level=\"1\"><span style=\"font-weight: 400;\">Acceso a una base de datos de calidad sobre proveedores sostenibles.<\/span><\/li>\n<\/ol>\n<ul>\n<li style=\"font-weight: 400;\" aria-level=\"1\"><span style=\"font-weight: 400;\">Competitividad<\/span><\/li>\n<li style=\"font-weight: 400;\" aria-level=\"1\"><span style=\"font-weight: 400;\">Sea econ\u00f3micamente sostenible<\/span><\/li>\n<li style=\"font-weight: 400;\" aria-level=\"1\"><span style=\"font-weight: 400;\">Log\u00edstica<\/span><\/li>\n<li style=\"font-weight: 400;\" aria-level=\"1\"><span style=\"font-weight: 400;\">Presentaci\u00f3n del producto \/ foto<\/span><\/li>\n<li style=\"font-weight: 400;\" aria-level=\"1\"><span style=\"font-weight: 400;\">Gesti\u00f3n empresarial<\/span><\/li>\n<li style=\"font-weight: 400;\" aria-level=\"1\"><span style=\"font-weight: 400;\">Planificaci\u00f3n estrat\u00e9gica<\/span><\/li>\n<li style=\"font-weight: 400;\" aria-level=\"1\"><span style=\"font-weight: 400;\">Alianzas beneficiosas com otras marcas<\/span>&nbsp;<\/li>\n<\/ul>\n<p><span style=\"color: #999999;\"><b><i>Essas s\u00e3o algumas das dificuldades para a pequena marca de moda:<\/i><\/b><\/span><\/p>\n<ul>\n<li style=\"font-weight: 400;\" aria-level=\"1\"><span style=\"color: #999999;\"><i><span style=\"font-weight: 400;\">Compra em pequena quantidade de mat\u00e9ria-prima<\/span><\/i><\/span><\/li>\n<li style=\"font-weight: 400;\" aria-level=\"1\"><span style=\"color: #999999;\"><i><span style=\"font-weight: 400;\">Aten\u00e7\u00e3o de fornecedores<\/span><\/i><\/span><\/li>\n<li style=\"font-weight: 400;\" aria-level=\"1\"><span style=\"color: #999999;\"><i><span style=\"font-weight: 400;\">Valoriza\u00e7\u00e3o do consumidor, educa\u00e7\u00e3o de sustentabilidade e pequena escala<\/span><\/i><\/span><\/li>\n<li style=\"font-weight: 400;\" aria-level=\"1\"><span style=\"color: #999999;\"><i><span style=\"font-weight: 400;\">Canais de venda<\/span><\/i><\/span><\/li>\n<li style=\"font-weight: 400;\" aria-level=\"1\"><span style=\"color: #999999;\"><i><span style=\"font-weight: 400;\">Feiras\u00a0<\/span><\/i><\/span><\/li>\n<\/ul>\n<ol>\n<li style=\"font-weight: 400;\" aria-level=\"1\"><span style=\"color: #999999;\"><i><span style=\"font-weight: 400;\">Curadoria de nicho<\/span><\/i><\/span><\/li>\n<li style=\"font-weight: 400;\" aria-level=\"1\"><span style=\"color: #999999;\"><i><span style=\"font-weight: 400;\">Valores de participa\u00e7\u00e3o acess\u00edveis<\/span><\/i><\/span><\/li>\n<\/ol>\n<ul>\n<li style=\"font-weight: 400;\" aria-level=\"1\"><span style=\"color: #999999;\"><i><span style=\"font-weight: 400;\">Lojas colaborativas com alugu\u00e9is ou comiss\u00f5es altas<\/span><\/i><\/span><\/li>\n<li style=\"font-weight: 400;\" aria-level=\"1\"><span style=\"color: #999999;\"><i><span style=\"font-weight: 400;\">Apoio de institui\u00e7\u00f5es de fomento<\/span><\/i><\/span><\/li>\n<\/ul>\n<ol>\n<li style=\"font-weight: 400;\" aria-level=\"1\"><span style=\"color: #999999;\"><i><span style=\"font-weight: 400;\">Falta de informa\u00e7\u00e3o<\/span><\/i><\/span><\/li>\n<\/ol>\n<ul>\n<li style=\"font-weight: 400;\" aria-level=\"1\"><span style=\"color: #999999;\"><i><span style=\"font-weight: 400;\">Acesso a banco de dados de qualidade sobre fornecedores sustent\u00e1veis<\/span><\/i><\/span><\/li>\n<li style=\"font-weight: 400;\" aria-level=\"1\"><span style=\"color: #999999;\"><i><span style=\"font-weight: 400;\">Competitividade<\/span><\/i><\/span><\/li>\n<li style=\"font-weight: 400;\" aria-level=\"1\"><span style=\"color: #999999;\"><i><span style=\"font-weight: 400;\">Ser economicamente sustent\u00e1vel<\/span><\/i><\/span><\/li>\n<li style=\"font-weight: 400;\" aria-level=\"1\"><span style=\"color: #999999;\"><i><span style=\"font-weight: 400;\">Log\u00edstica<\/span><\/i><\/span><\/li>\n<li style=\"font-weight: 400;\" aria-level=\"1\"><span style=\"color: #999999;\"><i><span style=\"font-weight: 400;\">Apresenta\u00e7\u00e3o do produto \/ FotoGest\u00e3o do neg\u00f3cio<\/span><\/i><\/span><\/li>\n<li style=\"font-weight: 400;\" aria-level=\"1\"><span style=\"color: #999999;\"><i><span style=\"font-weight: 400;\">Planejamento estrat\u00e9gico<\/span><\/i><\/span><\/li>\n<li style=\"font-weight: 400;\" aria-level=\"1\"><span style=\"color: #999999;\"><i><span style=\"font-weight: 400;\">Parcerias ben\u00e9ficas entre marcas<\/span><\/i><\/span>&nbsp;<\/li>\n<\/ul>\n<p><span style=\"font-weight: 400;\">Cuando se contacta a proveedores de materias primas, se descubre que hay muchas compa\u00f1\u00edas que no realizan ventas en peque\u00f1as cantidades. No importa cu\u00e1nto intente negociar una venta \u00abm\u00e1s grande\u00bb pero a mediano plazo, no existe tal posibilidad. Hay algunos que exigen el m\u00ednimo para poder realizar un pedido inicial, y ni siquiera responden cuando uno comunica cu\u00e1l ser\u00eda su pedido, ya que est\u00e1 muy por debajo del m\u00ednimo que requieren. Otros le responden, pero no negocian un pedido m\u00ednimo m\u00e1s bajo.\u00a0<\/span><\/p>\n<p><span style=\"color: #999999;\"><i><span style=\"font-weight: 400;\">Quando se entra em contato com fornecedores de mat\u00e9ria-prima, se descobre que existem muitas empresas que n\u00e3o realizam vendas em pequenas quantidades. Por mais que se tente negociar uma venda \u201cmaior\u201d mas feita a m\u00e9dio prazo, n\u00e3o existe essa possibilidade. H\u00e1 algumas que anunciam o m\u00ednimo para ser poss\u00edvel fazer um pedido inicial, e nem te respondem quando voc\u00ea anuncia qual seria o seu interesse de pedido, pois \u00e9 muito abaixo do m\u00ednimo que exigem. Outros sim te respondem, mas n\u00e3o negociam um pedido m\u00ednimo menor.\u00a0<\/span><\/i><\/span><\/p>\n<p><span style=\"font-weight: 400;\">Muchas veces la creaci\u00f3n se realiza al rev\u00e9s: primero se elije las telas y luego se sigue al dise\u00f1o. Esto se debe a que muchas empresas de telas no realizan ventas minoristas para los peque\u00f1os, solo a partir de 15m o hasta m\u00e1s, como ocorre con el algod\u00f3n org\u00e2nico colorido del norte de Brasil. Lo que limita en gran medida la mezcla de telas y la posibilidad de variedad de colores y estampados, lo que termina influyendo en la colecci\u00f3n.<\/span><\/p>\n<p><span style=\"color: #999999;\"><i><span style=\"font-weight: 400;\">Ent\u00e3o, muitas vezes a cria\u00e7\u00e3o \u00e9 feita ao contr\u00e1rio: escolher primeiro os tecidos para depois se partir para o design. Isso acontece por conta de muitas empresas de tecido n\u00e3o fazerem vendas a varejo para o pequeno, s\u00f3 a partir de 15m ou mais, como ocrre com o algod\u00e3o colorido do nordeste do Brasil. O que limita muito o mix de tecidos, e possibilidade de variedade de cores e estampas, o que acaba influenciando na cole\u00e7\u00e3o.<\/span><\/i><\/span><\/p>\n<p><span style=\"font-weight: 400;\">Sin embargo, <\/span><b>ya hay empresas que ven esto como una gran oportunidad para poderen atender al peque\u00f1o productor de marca sostenible.<\/b><span style=\"font-weight: 400;\"> La posibilidad de comprar sin m\u00ednimo (o m\u00ednimo de 1m, en el caso de los tejidos), es un gran diferencial en comparaci\u00f3n con otros, que limitan la creaci\u00f3n de peque\u00f1os con eso; o romperlo financieramente, a menudo creando una acci\u00f3n que no siempre se aprovechar\u00e1. Lo cual no tiene sentido, porque la idea de consumir un material sostenible es generar menos impacto ambiental, pero si se ve \u00abobligado\u00bb a consumir m\u00e1s, habr\u00e1 m\u00e1s desperdicio si no hay salida, porque probablemente tendr\u00e1 un stock detenido, y a menudo sin un destino. La preferencia es producir con un inventario reducido y m\u00e1s bajo demanda, con el objetivo de una \u00f3ptica de producci\u00f3n ajustada \/ ajustada; con una producci\u00f3n m\u00e1s consciente La producci\u00f3n local en el territorio nacional, y cuanto m\u00e1s cerca del lugar de producci\u00f3n de los productos, reduce la huella ecol\u00f3gica en el medio ambiente, adem\u00e1s de estimular la producci\u00f3n y la econom\u00eda local.<\/span><\/p>\n<p><span style=\"color: #999999;\"><b><i>No entanto j\u00e1 h\u00e1 empresas que est\u00e3o vendo nisso uma grande oportunidade de poderem atender o pequeno produtor de marca sustent\u00e1vel.<\/i><\/b><i><span style=\"font-weight: 400;\"> A possibilidade de compra sem m\u00ednimo (ou m\u00ednimo de 1m, no caso de tecidos), \u00e9 um grande diferencial comparado aos demais, que limitam a cria\u00e7\u00e3o do pequeno com isso; ou quebram ele financeiramente, fazendo muitas vezes se criar um estoque que nem sempre ser\u00e1 aproveitado. O que \u00e9 um contrassenso, pois a ideia em se consumir um material sustent\u00e1vel \u00e9 de se gerar menor impacto ambiental, mas se voc\u00ea \u00e9 \u201cfor\u00e7ado\u201d a consumir mais, haver\u00e1 mais desperd\u00edcio caso n\u00e3o haja sa\u00edda, pois provavelmente ficar\u00e1 com um estoque parado, e muitas vezes, sem destino. A prefer\u00eancia \u00e9 produzir com estoque reduzido, e mais sob demanda, visando a \u00f3tica lean\/enxuta de produ\u00e7\u00e3o; com uma produ\u00e7\u00e3o mais consciente. A produ\u00e7\u00e3o local, em territ\u00f3rio nacional, e quanto mais perto do local de produ\u00e7\u00e3o dos produtos, reduz a pegada ecol\u00f3gica sobre o meio ambiente, al\u00e9m de estimular a produ\u00e7\u00e3o e economia locais.<\/span><\/i><\/span><\/p>\n<p><span style=\"font-weight: 400;\">Refer\u00eancias:<\/span><\/p>\n<p><i><span style=\"font-weight: 400;\">1 <\/span><\/i><span style=\"font-weight: 400;\">SEBRAE &#8211; Servi\u00e7o Brasileiro de Apoio \u00e0s Micro e Pequenas Empresas: <\/span><a href=\"https:\/\/economia.estadao.com.br\/noticias\/geral,microempreendedores-individuais-ultrapassam-8-milhoes-no-pais,70002779517\"><span style=\"font-weight: 400;\">https:\/\/economia.estadao.com.br\/noticias\/geral,microempreendedores-individuais-ultrapassam-8-milhoes-no-pais,70002779517<\/span><\/a><\/p>\n<\/div><\/div><\/div><\/div><\/div>","protected":false},"excerpt":{"rendered":"<p>Lorem ipsum dolor sit amet, consectetur adipiscing elit. Nam pharetra dictum eleifend. Sed posuere magna at luctus pretium. Aliquam ligula sem, aliquet sit amet nisi ac, dignissim porta ipsum.<\/p>","protected":false},"author":9,"featured_media":5534,"comment_status":"open","ping_status":"open","sticky":false,"template":"","format":"standard","meta":{"_monsterinsights_skip_tracking":false,"_monsterinsights_sitenote_active":false,"_monsterinsights_sitenote_note":"","_monsterinsights_sitenote_category":0,"footnotes":""},"categories":[40],"tags":[93,89,48,92,47,96,88],"class_list":["post-5531","post","type-post","status-publish","format-standard","has-post-thumbnail","hentry","category-blog","tag-disenadores-sostenibles","tag-moda-etica","tag-moda-latina","tag-moda-latinoamericana","tag-moda-sostenible","tag-moda-sustentable","tag-universo-mola"],"_links":{"self":[{"href":"https:\/\/universomola.com\/en\/wp-json\/wp\/v2\/posts\/5531","targetHints":{"allow":["GET"]}}],"collection":[{"href":"https:\/\/universomola.com\/en\/wp-json\/wp\/v2\/posts"}],"about":[{"href":"https:\/\/universomola.com\/en\/wp-json\/wp\/v2\/types\/post"}],"author":[{"embeddable":true,"href":"https:\/\/universomola.com\/en\/wp-json\/wp\/v2\/users\/9"}],"replies":[{"embeddable":true,"href":"https:\/\/universomola.com\/en\/wp-json\/wp\/v2\/comments?post=5531"}],"version-history":[{"count":1,"href":"https:\/\/universomola.com\/en\/wp-json\/wp\/v2\/posts\/5531\/revisions"}],"predecessor-version":[{"id":5536,"href":"https:\/\/universomola.com\/en\/wp-json\/wp\/v2\/posts\/5531\/revisions\/5536"}],"wp:featuredmedia":[{"embeddable":true,"href":"https:\/\/universomola.com\/en\/wp-json\/wp\/v2\/media\/5534"}],"wp:attachment":[{"href":"https:\/\/universomola.com\/en\/wp-json\/wp\/v2\/media?parent=5531"}],"wp:term":[{"taxonomy":"category","embeddable":true,"href":"https:\/\/universomola.com\/en\/wp-json\/wp\/v2\/categories?post=5531"},{"taxonomy":"post_tag","embeddable":true,"href":"https:\/\/universomola.com\/en\/wp-json\/wp\/v2\/tags?post=5531"}],"curies":[{"name":"wp","href":"https:\/\/api.w.org\/{rel}","templated":true}]}}