{"id":5539,"date":"2019-09-01T18:54:44","date_gmt":"2019-09-01T21:54:44","guid":{"rendered":"http:\/\/desarrollosdeprueba.xyz\/universo_mola\/?p=5539"},"modified":"2021-08-08T18:56:23","modified_gmt":"2021-08-08T21:56:23","slug":"tejidos-con-sello-autoctono","status":"publish","type":"post","link":"https:\/\/universomola.com\/en\/tejidos-con-sello-autoctono\/","title":{"rendered":"TEJIDOS CON SELLO AUT\u00d3CTONO"},"content":{"rendered":"<div class=\"fusion-fullwidth fullwidth-box fusion-builder-row-1 fusion-flex-container nonhundred-percent-fullwidth non-hundred-percent-height-scrolling\" style=\"--awb-border-radius-top-left:0px;--awb-border-radius-top-right:0px;--awb-border-radius-bottom-right:0px;--awb-border-radius-bottom-left:0px;--awb-flex-wrap:wrap;\" ><div class=\"fusion-builder-row fusion-row fusion-flex-align-items-flex-start fusion-flex-content-wrap\" style=\"max-width:1248px;margin-left: calc(-4% \/ 2 );margin-right: calc(-4% \/ 2 );\"><div class=\"fusion-layout-column fusion_builder_column fusion-builder-column-0 fusion_builder_column_1_1 1_1 fusion-flex-column\" style=\"--awb-bg-size:cover;--awb-width-large:100%;--awb-margin-top-large:0px;--awb-spacing-right-large:1.92%;--awb-margin-bottom-large:0px;--awb-spacing-left-large:1.92%;--awb-width-medium:100%;--awb-spacing-right-medium:1.92%;--awb-spacing-left-medium:1.92%;--awb-width-small:100%;--awb-spacing-right-small:1.92%;--awb-spacing-left-small:1.92%;\"><div class=\"fusion-column-wrapper fusion-flex-justify-content-flex-start fusion-content-layout-column\"><div class=\"fusion-text fusion-text-1\"><p><em><span style=\"color: #33cccc;\">Escrito por: Noticias <\/span><\/em><em><span style=\"color: #33cccc;\">de Universo MOLA<\/span><\/em><\/p>\n<p><span style=\"font-weight: 400; color: #999999;\">Por Cintia Figueredo Voz del #UniversoMOLA Paraguay<\/span><\/p>\n<p><b>\u00d1anduti<\/b><\/p>\n<p><span style=\"font-weight: 400;\">Nos introduciremos a la base cultural expresada en tejidos del Paraguay. <\/span><b>Les presento a la t\u00e9cnica m\u00e1s famosa, el \u201c\u00d1anduti\u201d<\/b><span style=\"font-weight: 400;\">. Paraguay, as\u00ed como los dem\u00e1s pa\u00edses latinoamericanos, cuenta con una historia ancestral representada en sus prendas de \u00e9poca, con colores vivos y alegres, con manos que cuentan su propia historia.<\/span><\/p>\n<p><span style=\"font-weight: 400;\">\u00d1anduti (voz en Guaran\u00ed) -Tela de ara\u00f1a-. Es un <\/span><b>encaje de hilo, generalmente de algod\u00f3n o seda,<\/b><span style=\"font-weight: 400;\"> que se hace a la aguja en el Paraguay desde tiempos de la colonia. Su caracter\u00edstica m\u00e1s sobresaliente es que est\u00e1 conformado por peque\u00f1os cuadrados, rect\u00e1ngulos o c\u00edrculos generalmente de unos 5 a 8 cm, cuya urdimbre es siempre radiada,<\/span><span style=\"font-weight: 400;\"> (<\/span><span style=\"font-weight: 400;\">Annick Sanjurjo).<\/span><\/p>\n<p><b>Su origen es la historia de una aculturaci\u00f3n<\/b><span style=\"font-weight: 400;\">, entre las t\u00e9cnicas artesanales de aguja e hilo provenientes de Europa y la imaginativa destreza de las mujeres mestizas; pues contrariamente a las bellas leyendas que han tejido en torno a este encaje, es de rigor sostener que el mismo no tiene un origen ind\u00edgena; aunque cuenta con su propia leyenda.<\/span><\/p>\n<p><span style=\"font-weight: 400;\">En abril del corriente a\u00f1o, se realiz\u00f3 una firma de acuerdo donde se present\u00f3 el proyecto <\/span><b>Maestros Artesanos<\/b><span style=\"font-weight: 400;\"> para preservar varias t\u00e9cnicas de la artesan\u00eda paraguaya. Con el objetivo evitar la extinci\u00f3n de varias t\u00e9cnicas y productos tradicionales de nuestro pa\u00eds a trav\u00e9s de la creaci\u00f3n y habilitaci\u00f3n de laboratorios de dise\u00f1o para la conservaci\u00f3n, transmisi\u00f3n y promoci\u00f3n de la artesan\u00eda paraguaya, se realiz\u00f3 la suscripci\u00f3n de un acuerdo interinstitucional (Secretar\u00eda Nacional de Cultura).<\/span><\/p>\n<p><span style=\"font-weight: 400;\">Y retomando con el \u00d1anduti, en julio del corriente, Por Resoluci\u00f3n SNC N\u00b0 497\/2019, <\/span><b>la Secretar\u00eda Nacional de Cultura (SNC) declar\u00f3 Patrimonio Nacional Cultural Inmaterial a los conocimientos, t\u00e9cnicas y m\u00e9todos de elaboraci\u00f3n tradicional del encaje \u00f1andut\u00ed, artesan\u00eda simb\u00f3lica y representativa del Paraguay<\/b><span style=\"font-weight: 400;\">, que se transmiten de generaci\u00f3n a generaci\u00f3n. a presente resoluci\u00f3n manifiesta que, seg\u00fan un informe t\u00e9cnico de la Direcci\u00f3n de Estudios, Antropolog\u00eda, Arqueolog\u00eda y Paleontolog\u00eda de la SNC, los conocimientos, t\u00e9cnica y m\u00e9todos de elaboraci\u00f3n del tradicional encaje \u00f1andut\u00ed del Paraguay posee las condiciones y las caracter\u00edsticas necesarias para ser consideradas Patrimonio Inmaterial del pa\u00eds, ya que forma parte de la artesan\u00eda, y como s\u00edmbolo nacional del Paraguay se recomienda su declaraci\u00f3n (Secretar\u00eda Nacional de Cultura).<\/span><\/p>\n<p><span style=\"font-weight: 400;\">La ciudad que se dedica a esta hermosa artesan\u00eda se llama <\/span><b>Itagu\u00e1<\/b><span style=\"font-weight: 400;\">, y la Secretar\u00eda Nacional de Turismo realiza un circuito tour para conocer todo lo relacionado a dicha artesan\u00eda. Este tour recorre Itaugu\u00e1, cuna del \u00f1andut\u00ed; Piray\u00fa y Luque, a trav\u00e9s de la filigrana, semejante al \u00f1andut\u00ed. El tour se realiza a partir de 5 pasajeros y tiene una duraci\u00f3n de 12 horas aproximadamente. (Secretar\u00eda Nacional de Turismo).<\/span><\/p>\n<p><span style=\"font-weight: 400;\">En la actualidad son muchas las marcas y dise\u00f1adores paraguayos\/as apuestan a llevar esta t\u00e9cnica artesanal en prendas de alta costura; trabajan con las artesanas y poseen dise\u00f1os delicados, dulces y sencillos -Vestidos de gala, de novia entre otros dise\u00f1os- \u00fanicos y exclusivos son muestra de un gran trabajo realizado detr\u00e1s de c\u00e1maras. Tambi\u00e9n y por primera vez los dise\u00f1os t\u00edpicos para\u00adguayos brillaron en el Paris Fashion Week de la mano de Maria Sonia Gauto que mostr\u00f3 el \u00f1andut\u00ed ante las pasarelas de la capital francesa. La colecci\u00f3n se llama: \u201cLa Leyenda del \u00d1andu\u00adt\u00ed\u201d. Maria Sonia agreg\u00f3 que quiso resaltar el tra\u00adbajo artesanal de esas mujeres que tienen un talento incre\u00edble y se debe mostrar al mundo. \u201cNo hay nada parecido a nuestro tejido, fue un orgullo representar a Paraguay\u201d, refiri\u00f3. (Itap\u00faa en Noticias).\u00a0<\/span><\/p>\n<p><span style=\"color: #cc1f1f;\"><b>Tenemos una historia que contar, anim\u00e9monos a difundir y disfrutar un patrimonio que ha durado a trav\u00e9s del tiempo.<\/b><\/span><\/p>\n<p><b>References<\/b><\/p>\n<ul>\n<li style=\"font-weight: 400;\" aria-level=\"1\"><span style=\"font-weight: 400;\">Annick Sanjurjo. <\/span><a href=\"http:\/\/nandutilace.com\/?fbclid=IwAR08WBDRMJsgiVp33NNwGrKcvc6x3zrCM3SZnDveHNqPsaub5io2q1__y-M\"><span style=\"font-weight: 400;\">http:\/\/nandutilace.com\/?fbclid=IwAR08WBDRMJsgiVp33NNwGrKcvc6x3zrCM3SZnDveHNqPsaub5io2q1__y-M<\/span><\/a><\/li>\n<li style=\"font-weight: 400;\" aria-level=\"1\"><span style=\"font-weight: 400;\">Circuito del \u00d1anduti <\/span><a href=\"https:\/\/visitparaguay.travel\/v1\/circuito\/32-circuito-de-nanduti\"><span style=\"font-weight: 400;\">https:\/\/visitparaguay.travel\/v1\/circuito\/32-circuito-de-nanduti<\/span><\/a><\/li>\n<li style=\"font-weight: 400;\" aria-level=\"1\"><span style=\"font-weight: 400;\">PARAGUAY LLEVA EL \u00d1ANDUTI A LAS PASARELAS PARISINAS <\/span><a href=\"http:\/\/itapuanoticias.tv\/paraguay-lleva-el-nanduti-a-las-pasarelas-parisinas\/\"><span style=\"font-weight: 400;\">http:\/\/itapuanoticias.tv\/paraguay-lleva-el-nanduti-a-las-pasarelas-parisinas\/<\/span><\/a><\/li>\n<li style=\"font-weight: 400;\" aria-level=\"1\"><span style=\"font-weight: 400;\">En firma de acuerdo presentan el proyecto Maestros Artesanos para preservar varias t\u00e9cnicas de la artesan\u00eda paraguaya <\/span><a href=\"http:\/\/www.cultura.gov.py\/2019\/04\/en-firma-de-acuerdo-presentan-el-proyecto-maestros-artesanos-para-preservar-varias-tecnicas-de-la-artesania-paraguaya\/\"><span style=\"font-weight: 400;\">http:\/\/www.cultura.gov.py\/2019\/04\/en-firma-de-acuerdo-presentan-el-proyecto-maestros-artesanos-para-preservar-varias-tecnicas-de-la-artesania-paraguaya\/<\/span><\/a><\/li>\n<li style=\"font-weight: 400;\" aria-level=\"1\"><span style=\"font-weight: 400;\">Cultura declara al encaje \u00f1andut\u00ed como patrimonio nacional cultural inmaterial. <\/span><a href=\"https:\/\/www.ip.gov.py\/ip\/cultura-declara-al-encaje-nanduti-como-patrimonio-nacional-cultural-inmaterial\/?fbclid=IwAR1lo1AlaoqAib1lYbXOJLTo67mK0bfhZ9kZlDBBz7IGC0t6m7jlsy8637U\"><span style=\"font-weight: 400;\">https:\/\/www.ip.gov.py\/ip\/cultura-declara-al-encaje-nanduti-como-patrimonio-nacional-cultural-inmaterial\/?fbclid=IwAR1lo1AlaoqAib1lYbXOJLTo67mK0bfhZ9kZlDBBz7IGC0t6m7jlsy8637U<\/span><\/a><span style=\"font-weight: 400;\">\u00a0<\/span><\/li>\n<\/ul>\n<\/div><\/div><\/div><\/div><\/div>","protected":false},"excerpt":{"rendered":"<p>Lorem ipsum dolor sit amet, consectetur adipiscing elit. Nam pharetra dictum eleifend. Sed posuere magna at luctus pretium. Aliquam ligula sem, aliquet sit amet nisi ac, dignissim porta ipsum.<\/p>","protected":false},"author":9,"featured_media":5543,"comment_status":"open","ping_status":"open","sticky":false,"template":"","format":"standard","meta":{"_monsterinsights_skip_tracking":false,"_monsterinsights_sitenote_active":false,"_monsterinsights_sitenote_note":"","_monsterinsights_sitenote_category":0,"footnotes":""},"categories":[40],"tags":[93,89,48,92,47,96,88],"class_list":["post-5539","post","type-post","status-publish","format-standard","has-post-thumbnail","hentry","category-blog","tag-disenadores-sostenibles","tag-moda-etica","tag-moda-latina","tag-moda-latinoamericana","tag-moda-sostenible","tag-moda-sustentable","tag-universo-mola"],"_links":{"self":[{"href":"https:\/\/universomola.com\/en\/wp-json\/wp\/v2\/posts\/5539","targetHints":{"allow":["GET"]}}],"collection":[{"href":"https:\/\/universomola.com\/en\/wp-json\/wp\/v2\/posts"}],"about":[{"href":"https:\/\/universomola.com\/en\/wp-json\/wp\/v2\/types\/post"}],"author":[{"embeddable":true,"href":"https:\/\/universomola.com\/en\/wp-json\/wp\/v2\/users\/9"}],"replies":[{"embeddable":true,"href":"https:\/\/universomola.com\/en\/wp-json\/wp\/v2\/comments?post=5539"}],"version-history":[{"count":1,"href":"https:\/\/universomola.com\/en\/wp-json\/wp\/v2\/posts\/5539\/revisions"}],"predecessor-version":[{"id":5545,"href":"https:\/\/universomola.com\/en\/wp-json\/wp\/v2\/posts\/5539\/revisions\/5545"}],"wp:featuredmedia":[{"embeddable":true,"href":"https:\/\/universomola.com\/en\/wp-json\/wp\/v2\/media\/5543"}],"wp:attachment":[{"href":"https:\/\/universomola.com\/en\/wp-json\/wp\/v2\/media?parent=5539"}],"wp:term":[{"taxonomy":"category","embeddable":true,"href":"https:\/\/universomola.com\/en\/wp-json\/wp\/v2\/categories?post=5539"},{"taxonomy":"post_tag","embeddable":true,"href":"https:\/\/universomola.com\/en\/wp-json\/wp\/v2\/tags?post=5539"}],"curies":[{"name":"wp","href":"https:\/\/api.w.org\/{rel}","templated":true}]}}