{"id":5546,"date":"2019-09-14T18:56:42","date_gmt":"2019-09-14T21:56:42","guid":{"rendered":"http:\/\/desarrollosdeprueba.xyz\/universo_mola\/?p=5546"},"modified":"2021-08-08T18:59:03","modified_gmt":"2021-08-08T21:59:03","slug":"acceso-a-materiales-sostenibles-disponible-en-portugues","status":"publish","type":"post","link":"https:\/\/universomola.com\/en\/acceso-a-materiales-sostenibles-disponible-en-portugues\/","title":{"rendered":"ACCESO A MATERIALES SOSTENIBLES (DISPONIBLE EN PORTUGU\u00c9S)"},"content":{"rendered":"<div class=\"fusion-fullwidth fullwidth-box fusion-builder-row-1 fusion-flex-container nonhundred-percent-fullwidth non-hundred-percent-height-scrolling\" style=\"--awb-border-radius-top-left:0px;--awb-border-radius-top-right:0px;--awb-border-radius-bottom-right:0px;--awb-border-radius-bottom-left:0px;--awb-flex-wrap:wrap;\" ><div class=\"fusion-builder-row fusion-row fusion-flex-align-items-flex-start fusion-flex-content-wrap\" style=\"max-width:1248px;margin-left: calc(-4% \/ 2 );margin-right: calc(-4% \/ 2 );\"><div class=\"fusion-layout-column fusion_builder_column fusion-builder-column-0 fusion_builder_column_1_1 1_1 fusion-flex-column\" style=\"--awb-bg-size:cover;--awb-width-large:100%;--awb-margin-top-large:0px;--awb-spacing-right-large:1.92%;--awb-margin-bottom-large:0px;--awb-spacing-left-large:1.92%;--awb-width-medium:100%;--awb-spacing-right-medium:1.92%;--awb-spacing-left-medium:1.92%;--awb-width-small:100%;--awb-spacing-right-small:1.92%;--awb-spacing-left-small:1.92%;\"><div class=\"fusion-column-wrapper fusion-flex-justify-content-flex-start fusion-content-layout-column\"><div class=\"fusion-text fusion-text-1\"><p><em><span style=\"color: #33cccc;\">Escrito por: Noticias <\/span><\/em><em><span style=\"color: #33cccc;\">de Universo MOLA<\/span><\/em><\/p>\n<p><span style=\"font-weight: 400; color: #999999;\">Por Gabriela De Laurentis Voz del #UniversoMOLA Brasil<\/span><\/p>\n<p><i><span style=\"font-weight: 400;\">ACESSO A MATERIAIS SUSTENT\u00c1VEIS\u00a0 \u00b7 <\/span><\/i><b>ACCESO A MATERIALES SOSTENIBLES<\/b><\/p>\n<p><span style=\"color: #e61212;\"><i><span style=\"font-weight: 400;\">O acesso a materiais sustent\u00e1veis e inovadores, muitas vezes se restringem a marcas de m\u00e9dio e grande porte. Como a compra do pequeno produtor \u00e9 em pequeno volume, \u00e9 dif\u00edcil que empresas de mat\u00e9rias-primas e servi\u00e7os te deem aten\u00e7\u00e3o e atendimento com afinco. Como conseguir trabalhar com o algod\u00e3o org\u00e2nico da Para\u00edba, no nordeste do Brasil? Para o pequeno n\u00e3o h\u00e1 vez nesse caso. H\u00e1 um ano o m\u00ednimo de pedido era 100m de tecido, e nesse ano, passou a ser de 300 metros. As amostras s\u00e3o comercializadas em forma de kit, s\u00e3o 22 amostras de 20x25cm e custa 340,00 com frete a\u00e9reo (quase 100 USD). Por outro lado, existem empresas que veem nisso\u00a0 uma oportunidade e oferecem compras com um m\u00ednimo baixo ou sem um m\u00ednimo, como a Justa Trama.<\/span><\/i><\/span><\/p>\n<p><b>El acceso a materiales sostenibles e innovadores a menudo est\u00e1 restringido a marcas medianas y grandes.<\/b><span style=\"font-weight: 400;\"> Como la compra de peque\u00f1os productores es tan peque\u00f1a, es dif\u00edcil para las compa\u00f1\u00edas de productos y servicios prestarle atenci\u00f3n y darles una atenci\u00f3n interesada. \u00bfC\u00f3mo trabajar con algod\u00f3n org\u00e1nico Para\u00edba en el noreste de Brasil? Para el peque\u00f1o no es posible en ese caso. Hace un a\u00f1o, el pedido m\u00ednimo era de 100 metros de tela, y ese a\u00f1o, es de 300 metros. Las muestras se venden en forma de kit, 22 muestras de 20x25cm y cuestan 340 reales con flete a\u00e9reo nacional (casi 100 USD). Por otro lado, hay empresas que veen en eso uma oportunidad y ofrecen compras com m\u00ednimo bajo, o sin m\u00ednimo como la Justa Trama<\/span><\/p>\n<p><span style=\"color: #999999;\"><i><span style=\"font-weight: 400;\">Essa falta de interesse \u00e9 uma constante. Tem empresas que se comprometem em mandar amostras, ap\u00f3s visita em estande em feira na \u00e1rea, e mesmo ap\u00f3s 5 meses n\u00e3o mandam, nem d\u00e3o not\u00edcias, pois d\u00e3o prefer\u00eancia a big players. H\u00e1 outras que dizem em feiras que n\u00e3o cobram as amostras, mas somente o frete, e na hora de enviar, pedem para fazer o pagamento da amostra al\u00e9m do frete, mesmo quando se solicita material para poder aproveitar o frete. A falta do poder de barganha do pequeno produtor faz com que fornecedores, muitas vezes, n\u00e3o honrem com o prometido em contatos iniciais em feiras, por exemplo, ou n\u00e3o deem a devida aten\u00e7\u00e3o a este tipo de produtor. \u00c9 um desrespeito habitual, em que essa falta de clareza e transpar\u00eancia \u00e9 mais um empecilho para o produtor pequeno realizar o seu trabalho.<\/span><\/i><\/span><\/p>\n<p><span style=\"font-weight: 400;\">Esta falta de inter\u00e9s es una constante. <\/span><b>Hay empresas que se comprometen a enviar muestras, despu\u00e9s de visitar un stand en una feria en el \u00e1rea, e incluso despu\u00e9s de 5 meses no env\u00edan ni dan noticias, porque dan preferencia a los grandes jugadores.<\/b><span style=\"font-weight: 400;\"> Hay otros que dicen en las ferias que no cobran las muestras, sino solo el flete, y al momento del env\u00edo, solicitan pagar la muestra adem\u00e1s del flete, incluso cuando solicitan material para poder disfrutar del flete. La falta de poder de negociaci\u00f3n del peque\u00f1o productor a menudo hace que los proveedores no cumplan con lo prometido en los contactos iniciales en las ferias, por ejemplo, o que no presten la debida atenci\u00f3n a este tipo de productor. <\/span><b>Es una falta de respeto habitual, donde esta falta de claridad y transparencia es otro obst\u00e1culo para que el peque\u00f1o productor haga su trabajo.<\/b><\/p>\n<p><span style=\"color: #999999;\"><i><span style=\"font-weight: 400;\">Por outro lado, o consumidor ainda passa por um processo de adapta\u00e7\u00e3o dos novos meios e canais de consumo, em prol de um consumo mais consciente. Quem consome um produto sustent\u00e1vel, muitas vezes est\u00e1 disposto a pagar mais por esse produto, pois escolhe contribuir para uma cadeia de produ\u00e7\u00e3o mais justa e, entende que o produtor n\u00e3o compra nem vende em volume. Seu custo proporcional por ser em pequena escala \u00e9 mais caro, e isso reflete muitas vezes no valor final.<\/span><\/i><\/span><\/p>\n<p><b>A su vez el consumidor todav\u00eda pasa por un proceso de adaptaci\u00f3n de los nuevos medios y canales de consumo, a favor de un consumo m\u00e1s consciente<\/b><span style=\"font-weight: 400;\">. Quienes consumen un producto sostenible a menudo est\u00e1n dispuestos a pagar m\u00e1s por este producto porque eligen contribuir a una cadena de producci\u00f3n m\u00e1s justa y entienden que el productor no compra ni vende en volumen. Su costo proporcional por ser de peque\u00f1a escala es m\u00e1s costoso, y esto a menudo refleja el valor final.<\/span><\/p>\n<p><span style=\"color: #999999;\"><i><span style=\"font-weight: 400;\">A valoriza\u00e7\u00e3o do consumidor por produtos de marcas de marcas pequenas sustent\u00e1veis se d\u00e1 por uma educa\u00e7\u00e3o sobre sustentabilidade, com\u00e9rcio mais justo e ativa\u00e7\u00e3o da economia local. As iniciativas e campanhas nacionais #compredopequeno impulsionam e ajudam a formar esse pensamento de conscientiza\u00e7\u00e3o, de valorizar e dar prefer\u00eancia, quando poss\u00edvel, a esse tipo de produtor. No entanto, esse processo de educa\u00e7\u00e3o leva tempo, e enfrenta graus de maturidade diferentes no consumidor.<\/span><\/i><\/span><\/p>\n<p><b>La apreciaci\u00f3n del consumidor por los productos sostenibles de marca peque\u00f1a proviene de una educaci\u00f3n sobre sostenibilidad<\/b><span style=\"font-weight: 400;\">, comercio m\u00e1s justo y activaci\u00f3n de la econom\u00eda local.Las iniciativas y campa\u00f1as nacionales \u201c#compreDoPequeno\u201d (#compreDelPeque\u00f1o) integrales impulsan y ayudan a dar forma a este pensamiento de sensibilizaci\u00f3n, a valorar y dar preferencia cuando sea posible a este tipo de productor. Sin embargo, este proceso educativo lleva tiempo y enfrenta diferentes grados de madurez en el consumidor.<\/span><\/p>\n<ul>\n<li style=\"font-weight: 400;\" aria-level=\"1\"><i><span style=\"font-weight: 400;\">Movimento #CompreDoPequeno \/<\/span><\/i> <span style=\"font-weight: 400;\">Movimiento <\/span><i><span style=\"font-weight: 400;\">#<\/span><\/i><span style=\"font-weight: 400;\">compredelpeque\u00f1o: <\/span><span style=\"color: #33cccc;\"><a style=\"color: #33cccc;\" href=\"https:\/\/blog.sebrae-sc.com.br\/levante-a-bandeira-do-movimento-compredopequeno\/\"><span style=\"font-weight: 400;\">https:\/\/blog.sebrae-sc.com.br\/levante-a-bandeira-do-movimento-compredopequeno\/<\/span><\/a><\/span><\/li>\n<li style=\"font-weight: 400;\" aria-level=\"1\"><i><span style=\"font-weight: 400;\">Algod\u00e3o org\u00e2nico colorido do Sul do Brasil que vende ao Pequeno\/ <\/span><\/i><span style=\"font-weight: 400;\">Algod\u00f3n org\u00e1nico colorido del sur de Brasil que vende al Peque\u00f1o: @_justatrama_<\/span><\/li>\n<\/ul>\n<\/div><\/div><\/div><\/div><\/div>","protected":false},"excerpt":{"rendered":"<p>Lorem ipsum dolor sit amet, consectetur adipiscing elit. Nam pharetra dictum eleifend. Sed posuere magna at luctus pretium. Aliquam ligula sem, aliquet sit amet nisi ac, dignissim porta ipsum.<\/p>","protected":false},"author":9,"featured_media":5548,"comment_status":"open","ping_status":"open","sticky":false,"template":"","format":"standard","meta":{"_monsterinsights_skip_tracking":false,"_monsterinsights_sitenote_active":false,"_monsterinsights_sitenote_note":"","_monsterinsights_sitenote_category":0,"footnotes":""},"categories":[40],"tags":[93,89,48,92,47,96,88],"class_list":["post-5546","post","type-post","status-publish","format-standard","has-post-thumbnail","hentry","category-blog","tag-disenadores-sostenibles","tag-moda-etica","tag-moda-latina","tag-moda-latinoamericana","tag-moda-sostenible","tag-moda-sustentable","tag-universo-mola"],"_links":{"self":[{"href":"https:\/\/universomola.com\/en\/wp-json\/wp\/v2\/posts\/5546","targetHints":{"allow":["GET"]}}],"collection":[{"href":"https:\/\/universomola.com\/en\/wp-json\/wp\/v2\/posts"}],"about":[{"href":"https:\/\/universomola.com\/en\/wp-json\/wp\/v2\/types\/post"}],"author":[{"embeddable":true,"href":"https:\/\/universomola.com\/en\/wp-json\/wp\/v2\/users\/9"}],"replies":[{"embeddable":true,"href":"https:\/\/universomola.com\/en\/wp-json\/wp\/v2\/comments?post=5546"}],"version-history":[{"count":1,"href":"https:\/\/universomola.com\/en\/wp-json\/wp\/v2\/posts\/5546\/revisions"}],"predecessor-version":[{"id":5549,"href":"https:\/\/universomola.com\/en\/wp-json\/wp\/v2\/posts\/5546\/revisions\/5549"}],"wp:featuredmedia":[{"embeddable":true,"href":"https:\/\/universomola.com\/en\/wp-json\/wp\/v2\/media\/5548"}],"wp:attachment":[{"href":"https:\/\/universomola.com\/en\/wp-json\/wp\/v2\/media?parent=5546"}],"wp:term":[{"taxonomy":"category","embeddable":true,"href":"https:\/\/universomola.com\/en\/wp-json\/wp\/v2\/categories?post=5546"},{"taxonomy":"post_tag","embeddable":true,"href":"https:\/\/universomola.com\/en\/wp-json\/wp\/v2\/tags?post=5546"}],"curies":[{"name":"wp","href":"https:\/\/api.w.org\/{rel}","templated":true}]}}