{"id":5551,"date":"2019-09-23T19:02:30","date_gmt":"2019-09-23T22:02:30","guid":{"rendered":"http:\/\/desarrollosdeprueba.xyz\/universo_mola\/?p=5551"},"modified":"2021-08-08T19:03:56","modified_gmt":"2021-08-08T22:03:56","slug":"innovacion-pilar-de-la-moda-sostenible","status":"publish","type":"post","link":"https:\/\/universomola.com\/en\/innovacion-pilar-de-la-moda-sostenible\/","title":{"rendered":"INNOVACI\u00d3N, PILAR DE LA MODA SOSTENIBLE"},"content":{"rendered":"<div class=\"fusion-fullwidth fullwidth-box fusion-builder-row-1 fusion-flex-container nonhundred-percent-fullwidth non-hundred-percent-height-scrolling\" style=\"--awb-border-radius-top-left:0px;--awb-border-radius-top-right:0px;--awb-border-radius-bottom-right:0px;--awb-border-radius-bottom-left:0px;--awb-flex-wrap:wrap;\" ><div class=\"fusion-builder-row fusion-row fusion-flex-align-items-flex-start fusion-flex-content-wrap\" style=\"max-width:1248px;margin-left: calc(-4% \/ 2 );margin-right: calc(-4% \/ 2 );\"><div class=\"fusion-layout-column fusion_builder_column fusion-builder-column-0 fusion_builder_column_1_1 1_1 fusion-flex-column\" style=\"--awb-bg-size:cover;--awb-width-large:100%;--awb-margin-top-large:0px;--awb-spacing-right-large:1.92%;--awb-margin-bottom-large:0px;--awb-spacing-left-large:1.92%;--awb-width-medium:100%;--awb-spacing-right-medium:1.92%;--awb-spacing-left-medium:1.92%;--awb-width-small:100%;--awb-spacing-right-small:1.92%;--awb-spacing-left-small:1.92%;\"><div class=\"fusion-column-wrapper fusion-flex-justify-content-flex-start fusion-content-layout-column\"><div class=\"fusion-text fusion-text-1\"><p><em><span style=\"color: #33cccc;\">Escrito por: Noticias <\/span><\/em><em><span style=\"color: #33cccc;\">de Universo MOLA<\/span><\/em><\/p>\n<p style=\"text-align: right;\"><span style=\"color: #bd1111;\"><b><i>RECOPILADO DEL SEMINARIO ACAD\u00c9MICO DE MODA SOSTENIBLE, BOGOT\u00c1, 2019.<\/i><\/b><\/span><\/p>\n<p><span style=\"font-weight: 400;\">La innovaci\u00f3n nos permite crear econom\u00edas disruptivas enfocadas en contextos de desarrollo espec\u00edficos, donde se enlazan distintas industrias, actores y marcas para proponer y crear a partir de la investigaci\u00f3n, la experimentaci\u00f3n y la tecnolog\u00eda, productos que den respuesta a necesidades del entorno, solucionen problemas y minimicen el impacto generado por las cadenas productivas a nivel ambiental y social.<\/span><\/p>\n<p><span style=\"font-weight: 400;\">Crear a partir de desechos alimenticios, residuos automotrices, flora local y desperdicios de otros sectores, es lo que permite vincular la sostenibilidad como una apuesta de equilibrio de los ecosistemas naturales y humanos, para reestablecer el status quo y las din\u00e1micas circulares del planeta.<\/span><\/p>\n<p><span style=\"font-weight: 400;\">Enfocar la innovaci\u00f3n desde los materiales y la creaci\u00f3n de telara\u00f1as sociales, genera posibilidades a mediano y largo plazo, con gran impacto, donde las propuestas emergentes est\u00e1n dadas por la capacidad de los actores de vincularse a redes sociales, para crear valor a partir de materia prima existente y valores sociales que conecten a nivel global.<\/span><\/p>\n<p><span style=\"font-weight: 400;\">Ana L\u00f3pez es soci\u00f3loga, especialista en sociolog\u00eda del dise\u00f1o y estudios en moda sostenible y comunicaci\u00f3n. Creadora de contenido de<\/span><a href=\"https:\/\/tribeco.godaddysites.com\/\"> <b>TRIB-ECO<\/b><\/a><span style=\"font-weight: 400;\"> empresa multidisciplinar donde asesoramos y acompa\u00f1amos marcas latinoamericanas en temas de moda sostenible, brindamos espacios de visibilizaci\u00f3n internacional y a trav\u00e9s de nuestra Fundaci\u00f3n, creamos enlaces entre emprendedores y comunidades vulnerables, con el fin de dignificar el trabajo de sus manos, el saber ancestral y proponer otras formas de crear a partir del saber hacer.<\/span><\/p>\n<p><span style=\"font-weight: 400;\">Fundadora de<\/span><a href=\"http:\/\/www.waliruu.com\/\"> <b>WALIRUU<\/b><\/a><span style=\"font-weight: 400;\"> plataforma digital de investigaci\u00f3n sobre moda sostenible Colombia y entrevistas a marcas locales. <\/span><span style=\"font-weight: 400;\">\u00a0<\/span><\/p>\n<\/div><\/div><\/div><\/div><\/div>","protected":false},"excerpt":{"rendered":"<p>Lorem ipsum dolor sit amet, consectetur adipiscing elit. Nam pharetra dictum eleifend. Sed posuere magna at luctus pretium. Aliquam ligula sem, aliquet sit amet nisi ac, dignissim porta ipsum.<\/p>","protected":false},"author":9,"featured_media":5555,"comment_status":"open","ping_status":"open","sticky":false,"template":"","format":"standard","meta":{"_monsterinsights_skip_tracking":false,"_monsterinsights_sitenote_active":false,"_monsterinsights_sitenote_note":"","_monsterinsights_sitenote_category":0,"footnotes":""},"categories":[40],"tags":[93,89,48,92,47,96,88],"class_list":["post-5551","post","type-post","status-publish","format-standard","has-post-thumbnail","hentry","category-blog","tag-disenadores-sostenibles","tag-moda-etica","tag-moda-latina","tag-moda-latinoamericana","tag-moda-sostenible","tag-moda-sustentable","tag-universo-mola"],"_links":{"self":[{"href":"https:\/\/universomola.com\/en\/wp-json\/wp\/v2\/posts\/5551","targetHints":{"allow":["GET"]}}],"collection":[{"href":"https:\/\/universomola.com\/en\/wp-json\/wp\/v2\/posts"}],"about":[{"href":"https:\/\/universomola.com\/en\/wp-json\/wp\/v2\/types\/post"}],"author":[{"embeddable":true,"href":"https:\/\/universomola.com\/en\/wp-json\/wp\/v2\/users\/9"}],"replies":[{"embeddable":true,"href":"https:\/\/universomola.com\/en\/wp-json\/wp\/v2\/comments?post=5551"}],"version-history":[{"count":1,"href":"https:\/\/universomola.com\/en\/wp-json\/wp\/v2\/posts\/5551\/revisions"}],"predecessor-version":[{"id":5556,"href":"https:\/\/universomola.com\/en\/wp-json\/wp\/v2\/posts\/5551\/revisions\/5556"}],"wp:featuredmedia":[{"embeddable":true,"href":"https:\/\/universomola.com\/en\/wp-json\/wp\/v2\/media\/5555"}],"wp:attachment":[{"href":"https:\/\/universomola.com\/en\/wp-json\/wp\/v2\/media?parent=5551"}],"wp:term":[{"taxonomy":"category","embeddable":true,"href":"https:\/\/universomola.com\/en\/wp-json\/wp\/v2\/categories?post=5551"},{"taxonomy":"post_tag","embeddable":true,"href":"https:\/\/universomola.com\/en\/wp-json\/wp\/v2\/tags?post=5551"}],"curies":[{"name":"wp","href":"https:\/\/api.w.org\/{rel}","templated":true}]}}