{"id":5553,"date":"2020-09-07T19:01:07","date_gmt":"2020-09-07T22:01:07","guid":{"rendered":"http:\/\/desarrollosdeprueba.xyz\/universo_mola\/?p=5553"},"modified":"2021-08-08T19:05:13","modified_gmt":"2021-08-08T22:05:13","slug":"garcia-bello-del-sur-de-america-latina-al-mundo","status":"publish","type":"post","link":"https:\/\/universomola.com\/en\/garcia-bello-del-sur-de-america-latina-al-mundo\/","title":{"rendered":"GARC\u00cdA BELLO, DEL SUR DE AM\u00c9RICA LATINA AL MUNDO."},"content":{"rendered":"<div class=\"fusion-fullwidth fullwidth-box fusion-builder-row-1 fusion-flex-container nonhundred-percent-fullwidth non-hundred-percent-height-scrolling\" style=\"--awb-border-radius-top-left:0px;--awb-border-radius-top-right:0px;--awb-border-radius-bottom-right:0px;--awb-border-radius-bottom-left:0px;--awb-flex-wrap:wrap;\" ><div class=\"fusion-builder-row fusion-row fusion-flex-align-items-flex-start fusion-flex-content-wrap\" style=\"max-width:1248px;margin-left: calc(-4% \/ 2 );margin-right: calc(-4% \/ 2 );\"><div class=\"fusion-layout-column fusion_builder_column fusion-builder-column-0 fusion_builder_column_1_1 1_1 fusion-flex-column\" style=\"--awb-bg-size:cover;--awb-width-large:100%;--awb-margin-top-large:0px;--awb-spacing-right-large:1.92%;--awb-margin-bottom-large:0px;--awb-spacing-left-large:1.92%;--awb-width-medium:100%;--awb-spacing-right-medium:1.92%;--awb-spacing-left-medium:1.92%;--awb-width-small:100%;--awb-spacing-right-small:1.92%;--awb-spacing-left-small:1.92%;\"><div class=\"fusion-column-wrapper fusion-flex-justify-content-flex-start fusion-content-layout-column\"><div class=\"fusion-text fusion-text-1\"><\/div><div class=\"fusion-text fusion-text-2\"><p><span style=\"color: #33cccc;\"><i><span style=\"font-weight: 400;\">Por Florencia Scotti, Voz del Universo MOLA Argentina.\u00a0 \/ Imagen portada: cortes\u00eda <\/span><\/i><a style=\"color: #33cccc;\" href=\"https:\/\/www.instagram.com\/garciabello_\/\"><i><span style=\"font-weight: 400;\">Garciabello<\/span><\/i><\/a><i><span style=\"font-weight: 400;\">.<\/span><\/i><\/span><\/p>\n<p><span style=\"font-weight: 400;\">El pasado jueves 3 de Septiembre, se realiz\u00f3 la final de la <\/span><b>Redress Design Award 2020<\/b><span style=\"font-weight: 400;\"> el concurso fundado en Hong Kong m\u00e1s importante del mundo en el \u00e1mbito de la moda sostenible, que premia a dise\u00f1adores de indumentaria que est\u00e1n trabajando en la innovaci\u00f3n de nuevos sistemas de producci\u00f3n para el dise\u00f1o de prendas con bases en la sostenibilidad. Este evento es llevado a cabo por Redress, una ONG medioambiental que desde hace 10 a\u00f1os trabaja para reducir y transformar los desechos textiles en objetos con un valor mayor promoviendo la econom\u00eda circular, pero que a su vez tiene la misi\u00f3n de inspirar un cambio positivo en la industria de la moda.\u00a0<\/span><\/p>\n<p><b>Los ganadores<\/b><span style=\"font-weight: 400;\"> de la competencia, fueron el dise\u00f1ador de indumentaria masculina <\/span><b>Le Ngoc Ha Thu de Vietnam<\/b><span style=\"font-weight: 400;\"> y la dise\u00f1adora de indumentaria femenina <\/span><b>Juliana Garc\u00eda Bello<\/b> <b>de Argentina<\/b><span style=\"font-weight: 400;\">, con su marca <\/span><b>GARCIABELLO<\/b><span style=\"font-weight: 400;\">.<\/span> <span style=\"font-weight: 400;\">Estos dise\u00f1adores tendr\u00e1n la oportunidad de crear una c\u00e1psula de 10 piezas para la firma The R Collective con sede en Londres y Hong Kong, y de realizar una mentor\u00eda con la fundadora de Fashion Revolution Orsola de Castro.<\/span><\/p>\n<p><b>Nacida en Rio Grande, Tierra del Fuego, Juliana es la primera dise\u00f1adora Argentina y latinoamericana ganadora del premio Redress Design Award.\u00a0<\/b><\/p>\n<p><span style=\"font-weight: 400;\">Desde Enero reside en la ciudad de Arnhem, Pa\u00edses Bajos, lugar que eligi\u00f3 para dar forma a la <\/span><b>colecci\u00f3n Herencia<\/b><span style=\"font-weight: 400;\"> que la convirti\u00f3 en ganadora del concurso. <\/span><b>Las piezas que la integran fueron realizadas a partir de 2 jeans, 9 camisas y 5 manteles que le donaron sus amigos y vecinos<\/b><span style=\"font-weight: 400;\">. Por medio de un sistema de producci\u00f3n basado en la t\u00e9cnica de upcycling y la molderia zero waste cre\u00f3 prendas con un car\u00e1cter minimalista, atemporales, funcionales y adaptables a la diversidad de los cuerpos.<\/span><\/p>\n<p><span style=\"font-weight: 400;\">A trav\u00e9s de su instagram <\/span><span style=\"font-weight: 400;\">\u00a0@<\/span><a href=\"https:\/\/www.instagram.com\/garciabello_\/\"><span style=\"font-weight: 400;\">garciabello_<\/span><\/a><span style=\"font-weight: 400;\"> Juliana cuenta que Herencia \u201c<\/span><i><span style=\"font-weight: 400;\">Habla de lo que somos, de la huella, de la historia de los objetos y las personas. Como siempre estoy trabajando con las personas que tengo cerca -mis vecinos- recibiendo donaciones de prendas que ya no usan. Trabajar con prendas usadas es, para m\u00ed, una herramienta de aprendizaje constante. Me ayuda a entender el sistema de producci\u00f3n, el consumo y la relaci\u00f3n que las personas tenemos con la ropa.<\/span><\/i><span style=\"font-weight: 400;\">\u201d. Y agrega en otra publicaci\u00f3n <\/span><i><span style=\"font-weight: 400;\">\u201cEsta colecci\u00f3n no habla de mi historia, habla de la historia de muchas personas. La herencia, aquellas cosas que construimos en comunidad. Habla de Rio Grande, de La Plata y de Arnhem, de mi familia y el amor por los objetos. Habla de mi cultura, de mi forma de ser y estar.\u201d<\/span><\/i><span style=\"font-weight: 400;\">\u00a0\u00a0<\/span><\/p>\n<p><span style=\"font-weight: 400;\">A modo de cierre, hablamos con Juliana sobre su \u00faltima colecci\u00f3n, su experiencia y su modo de entender el dise\u00f1o.<\/span><\/p>\n<p><img decoding=\"async\" class=\"size-full wp-image-5554 aligncenter lazyload\" data-src=\"http:\/\/desarrollosdeprueba.xyz\/universo_mola\/wp-content\/uploads\/2021\/08\/37.png\" alt=\"\" width=\"494\" height=\"342\" data-srcset=\"https:\/\/universomola.com\/wp-content\/uploads\/2021\/08\/37-200x138.png 200w, https:\/\/universomola.com\/wp-content\/uploads\/2021\/08\/37-300x208.png 300w, https:\/\/universomola.com\/wp-content\/uploads\/2021\/08\/37-400x277.png 400w, https:\/\/universomola.com\/wp-content\/uploads\/2021\/08\/37.png 494w\" data-sizes=\"(max-width: 494px) 100vw, 494px\" src=\"data:image\/svg+xml;base64,PHN2ZyB3aWR0aD0iMSIgaGVpZ2h0PSIxIiB4bWxucz0iaHR0cDovL3d3dy53My5vcmcvMjAwMC9zdmciPjwvc3ZnPg==\" style=\"--smush-placeholder-width: 494px; --smush-placeholder-aspect-ratio: 494\/342;\" \/><\/p>\n<p><b>\u00bfQu\u00e9 significa este reconocimiento a nivel internacional para vos?\u00a0<\/b><\/p>\n<p><i><span style=\"font-weight: 400;\">Estas \u00faltimas dos semanas que estuve concursando en Redress me estuve preguntando sobre mi perfil como dise\u00f1adora, mi forma de trabajar y de ver el mundo. Me encontr\u00e9 y me vi reflejada en otros dise\u00f1adores colegas Argentinos, en docentes de la universidad, familiares y amigos. Empec\u00e9 a entender que hab\u00eda un mont\u00f3n de personas que me hab\u00edan construido durante este tiempo y creo que este reconocimiento refleja eso, que no soy yo la que est\u00e1 dando una propuesta sino que esas personas que me construyeron hacen que hoy este pudiendo hacer esto. Entonces es un reconocimiento para todos los que pasaron por mi vida. As\u00ed que es un logro estar ah\u00ed compartiendo mi forma de pensar y ver las cosas con otros dise\u00f1adores del mundo.<\/span><\/i><\/p>\n<p><b>\u00bfC\u00f3mo crees que esto puede impactar en la forma de entender el dise\u00f1o en Argentina?<\/b><\/p>\n<p><i><span style=\"font-weight: 400;\">Es algo que se viene construyendo hace a\u00f1os, yo creo que muchos dise\u00f1adores en Argentina nos preguntamos acerca de nuestra identidad nacional. Creo que es interesante cuando de repente empezamos a dialogar entre nosotros, a compartir ciertos saberes, aunar conocimiento y comenzamos a entendernos como un colectivo y no como dise\u00f1adores aislados. Desde mi peque\u00f1o granito, creo que puedo impactar desde ah\u00ed, que otras personas puedan verse reflejadas. Quiz\u00e1 eso ayuda a otros a ver el camino un poco m\u00e1s simple y de encontrarnos en la misma historia.<\/span><\/i><\/p>\n<p><b>Queremos pedirte un mensaje para los dise\u00f1adores latinoamericanos que a\u00fan est\u00e1n en el camino de la sostenibilidad.<\/b><\/p>\n<p><i><span style=\"font-weight: 400;\">Decirles que <\/span><\/i><b><i>necesitamos volver a mirar hacia adentro<\/i><\/b><i><span style=\"font-weight: 400;\">, tomarnos un tiempo para poder encontrarnos con otros y poder entender el lugar donde estamos parados, quienes nos rodean para poder trabajar con nuestras comunidades m\u00e1s cercanas, con la materia prima que existe al lado de nosotros. Creo que es un momento para poder tomar una pausa y volver a empezar entendiendo todo lo que tenemos y todo lo que podemos dar. <\/span><\/i><b><i>Y clarificar un poco para que y porque estamos haciendo dise\u00f1o actualmente.<\/i><\/b><i><span style=\"font-weight: 400;\"> Volver a conectarnos con nuestros valores, respetando al mundo y respetando a las personas que forman parte del sistema actual de la moda.<\/span><\/i><\/p>\n<\/div><\/div><\/div><\/div><\/div>","protected":false},"excerpt":{"rendered":"<p>Lorem ipsum dolor sit amet, consectetur adipiscing elit. Nam pharetra dictum eleifend. Sed posuere magna at luctus pretium. Aliquam ligula sem, aliquet sit amet nisi ac, dignissim porta ipsum.<\/p>","protected":false},"author":9,"featured_media":5558,"comment_status":"open","ping_status":"open","sticky":false,"template":"","format":"standard","meta":{"_monsterinsights_skip_tracking":false,"_monsterinsights_sitenote_active":false,"_monsterinsights_sitenote_note":"","_monsterinsights_sitenote_category":0,"footnotes":""},"categories":[40],"tags":[93,91,89,48,92,47,96,90,88],"class_list":["post-5553","post","type-post","status-publish","format-standard","has-post-thumbnail","hentry","category-blog","tag-disenadores-sostenibles","tag-ethical-fashion","tag-moda-etica","tag-moda-latina","tag-moda-latinoamericana","tag-moda-sostenible","tag-moda-sustentable","tag-sustainable","tag-universo-mola"],"_links":{"self":[{"href":"https:\/\/universomola.com\/en\/wp-json\/wp\/v2\/posts\/5553","targetHints":{"allow":["GET"]}}],"collection":[{"href":"https:\/\/universomola.com\/en\/wp-json\/wp\/v2\/posts"}],"about":[{"href":"https:\/\/universomola.com\/en\/wp-json\/wp\/v2\/types\/post"}],"author":[{"embeddable":true,"href":"https:\/\/universomola.com\/en\/wp-json\/wp\/v2\/users\/9"}],"replies":[{"embeddable":true,"href":"https:\/\/universomola.com\/en\/wp-json\/wp\/v2\/comments?post=5553"}],"version-history":[{"count":1,"href":"https:\/\/universomola.com\/en\/wp-json\/wp\/v2\/posts\/5553\/revisions"}],"predecessor-version":[{"id":5559,"href":"https:\/\/universomola.com\/en\/wp-json\/wp\/v2\/posts\/5553\/revisions\/5559"}],"wp:featuredmedia":[{"embeddable":true,"href":"https:\/\/universomola.com\/en\/wp-json\/wp\/v2\/media\/5558"}],"wp:attachment":[{"href":"https:\/\/universomola.com\/en\/wp-json\/wp\/v2\/media?parent=5553"}],"wp:term":[{"taxonomy":"category","embeddable":true,"href":"https:\/\/universomola.com\/en\/wp-json\/wp\/v2\/categories?post=5553"},{"taxonomy":"post_tag","embeddable":true,"href":"https:\/\/universomola.com\/en\/wp-json\/wp\/v2\/tags?post=5553"}],"curies":[{"name":"wp","href":"https:\/\/api.w.org\/{rel}","templated":true}]}}