{"id":5560,"date":"2020-09-10T19:05:42","date_gmt":"2020-09-10T22:05:42","guid":{"rendered":"http:\/\/desarrollosdeprueba.xyz\/universo_mola\/?p=5560"},"modified":"2021-08-08T19:11:33","modified_gmt":"2021-08-08T22:11:33","slug":"dos-marcas-de-mola-hub-presentes-en-nyfw-sep-2020","status":"publish","type":"post","link":"https:\/\/universomola.com\/en\/dos-marcas-de-mola-hub-presentes-en-nyfw-sep-2020\/","title":{"rendered":"DOS MARCAS DE MOLA HUB, PRESENTES EN NYFW SEP 2020"},"content":{"rendered":"<div class=\"fusion-fullwidth fullwidth-box fusion-builder-row-1 fusion-flex-container nonhundred-percent-fullwidth non-hundred-percent-height-scrolling\" style=\"--awb-border-radius-top-left:0px;--awb-border-radius-top-right:0px;--awb-border-radius-bottom-right:0px;--awb-border-radius-bottom-left:0px;--awb-flex-wrap:wrap;\" ><div class=\"fusion-builder-row fusion-row fusion-flex-align-items-flex-start fusion-flex-content-wrap\" style=\"max-width:1248px;margin-left: calc(-4% \/ 2 );margin-right: calc(-4% \/ 2 );\"><div class=\"fusion-layout-column fusion_builder_column fusion-builder-column-0 fusion_builder_column_1_1 1_1 fusion-flex-column\" style=\"--awb-bg-size:cover;--awb-width-large:100%;--awb-margin-top-large:0px;--awb-spacing-right-large:1.92%;--awb-margin-bottom-large:0px;--awb-spacing-left-large:1.92%;--awb-width-medium:100%;--awb-spacing-right-medium:1.92%;--awb-spacing-left-medium:1.92%;--awb-width-small:100%;--awb-spacing-right-small:1.92%;--awb-spacing-left-small:1.92%;\"><div class=\"fusion-column-wrapper fusion-flex-justify-content-flex-start fusion-content-layout-column\"><div class=\"fusion-text fusion-text-1\"><\/div><div class=\"fusion-text fusion-text-2\"><p><i><span style=\"font-weight: 400;\">Por Manuela Toro, Universo MOLA.\u00a0 \/ Imagen portada: cortes\u00eda <\/span><\/i><a href=\"https:\/\/www.instagram.com\/garciabello_\/\"><i><span style=\"font-weight: 400;\">Garciabello<\/span><\/i><\/a><i><span style=\"font-weight: 400;\">.<\/span><\/i><\/p>\n<p><b>Dos dise\u00f1adores miembros de MOLA HUB presentes en el New York Fashion Week invitados por la Federaci\u00f3n de Dise\u00f1adores Latinoamericanos.<\/b><\/p>\n<p><a href=\"https:\/\/www.instagram.com\/toribiodonatobrand\/\"><span style=\"font-weight: 400;\">Toribio &amp; Donato<\/span><\/a> <b>de Costa Rica y <\/b><a href=\"https:\/\/www.instagram.com\/cuarto.colorado\/\"><b>Cuarto Colorado<\/b><\/a><b> de Argentina<\/b><span style=\"font-weight: 400;\">, ambas marcas sostenibles y que hacen parte de <\/span><b>MOLA Hub<\/b><span style=\"font-weight: 400;\">, tendr\u00e1n lugar en la pasarela internacional, que esta vez ser\u00e1 virtual por la situaci\u00f3n de confinamiento social.<\/span><\/p>\n<p><span style=\"font-weight: 400;\">The <\/span><a href=\"https:\/\/www.instagram.com\/fashiondesignersoflatinamerica\/\"><span style=\"font-weight: 400;\">\u200bFDLA &#8211; \u200bFederaci\u00f3n de Dise\u00f1adores Latinoamericanos<\/span><\/a><span style=\"font-weight: 400;\"> \u200b- ha invitado a diferentes marcas Latinoamericanas a hacer parte de la semana de la moda de Nueva York para visibilizar sus dise\u00f1os, creatividad y portafolio.<\/span><\/p>\n<p><span style=\"font-weight: 400;\">El evento tendr\u00e1 lugar la <\/span><b>semana del 11 al 16 de septiembre<\/b><span style=\"font-weight: 400;\"> a trav\u00e9s de un video-desfile donde las marcas contar\u00e1n su historia mostrando sus dise\u00f1os.<\/span><\/p>\n<p><img decoding=\"async\" class=\"size-full wp-image-5568 aligncenter lazyload\" data-src=\"http:\/\/desarrollosdeprueba.xyz\/universo_mola\/wp-content\/uploads\/2021\/08\/38-1.png\" alt=\"\" width=\"620\" height=\"522\" data-srcset=\"https:\/\/universomola.com\/wp-content\/uploads\/2021\/08\/38-1-200x168.png 200w, https:\/\/universomola.com\/wp-content\/uploads\/2021\/08\/38-1-300x253.png 300w, https:\/\/universomola.com\/wp-content\/uploads\/2021\/08\/38-1-400x337.png 400w, https:\/\/universomola.com\/wp-content\/uploads\/2021\/08\/38-1-500x421.png 500w, https:\/\/universomola.com\/wp-content\/uploads\/2021\/08\/38-1-600x505.png 600w, https:\/\/universomola.com\/wp-content\/uploads\/2021\/08\/38-1.png 620w\" data-sizes=\"(max-width: 620px) 100vw, 620px\" src=\"data:image\/svg+xml;base64,PHN2ZyB3aWR0aD0iMSIgaGVpZ2h0PSIxIiB4bWxucz0iaHR0cDovL3d3dy53My5vcmcvMjAwMC9zdmciPjwvc3ZnPg==\" style=\"--smush-placeholder-width: 620px; --smush-placeholder-aspect-ratio: 620\/522;\" \/><\/p>\n<p><b>Cuarto Colorado<\/b><span style=\"font-weight: 400;\">\u00a0 \u200bnaci\u00f3 en el 2011 en Buenos Aires, Argentina de la mano de la dise\u00f1adora Marianela Balbi. Es un proyecto de triple impacto en donde se fusiona arte, moda y dise\u00f1o en indumentaria y accesorios para la lluvia bajo la propuesta de cambiarle el color a los d\u00edas grises. <\/span><b>La colecci\u00f3n<\/b><span style=\"font-weight: 400;\"> que presentan para la semana de la moda de Nueva York fue realizada en Buenos Aires, Argentina, con la colaboraci\u00f3n de Fundaci\u00f3n Pinta Argentina, Vika Ferreyra, Andrea Zucol, Fran Sandoval y Laura Asaro,<\/span><b> bajo el concepto \u201cEL ARTE SANA, SALVA Y UNE\u201d<\/b><span style=\"font-weight: 400;\"> (Laura Asaro). <\/span><b>Pretenden llevar el arte a toda la sociedad<\/b><span style=\"font-weight: 400;\">, a trav\u00e9s de cada uno de sus dise\u00f1os, llevando as\u00ed una galer\u00eda de arte a las calles. La marca siempre hace un llamado a la acci\u00f3n y una invitaci\u00f3n a la resiliencia. Propone que las adversidades son como una tormenta, un puente para crecer.<\/span><\/p>\n<p><span style=\"font-weight: 400;\">On the other hand,<\/span><b> Toribio &amp; Donato<\/b><span style=\"font-weight: 400;\"> \u200b es una marca que naci\u00f3 en Costa Rica y que a trav\u00e9s de diferentes t\u00e9cnicas, una de ellas el upcycling, crea prendas sostenibles, que inspiran a otros para apostar por el desarrollo sostenible, unido a la creatividad, la est\u00e9tica y el dise\u00f1o. Adem\u00e1s tambi\u00e9n le apuestan al modelo cero desperdicios, lo que les permite hacer un uso m\u00e1s inteligente de sus textiles, permitiendo crear volumen y textura a las prendas con los sobrantes de tela. Su colecci\u00f3n primavera-verano llamada Hope S\/S tendr\u00e1 lugar en el New York Fashion Week. <\/span><b>La colecci\u00f3n \u200bque destaca por ser 100% sostenible y vegana, creada con materiales naturales, reciclados, con texturas agradables al tacto, frescos, con dise\u00f1os actuales y urbanos.<\/b><span style=\"font-weight: 400;\"> Entre las prendas resaltan las maxifaldas, acompa\u00f1adas de corpi\u00f1os, pantalones, joggers y transparencias. En total ser\u00e1n 35 \u201coutfits\u201d fabricados a partir de denim y algod\u00f3n reciclado y cuero de cactus, en tonos como celestes, grises, azules y beige. Todos los sobrantes del proceso de producci\u00f3n se reutilizaron para crear texturas en las prendas, logrando eliminar los desechos. <\/span><\/p>\n<p><img decoding=\"async\" class=\"size-full wp-image-5569 aligncenter lazyload\" data-src=\"http:\/\/desarrollosdeprueba.xyz\/universo_mola\/wp-content\/uploads\/2021\/08\/38-2.png\" alt=\"\" width=\"620\" height=\"314\" data-srcset=\"https:\/\/universomola.com\/wp-content\/uploads\/2021\/08\/38-2-200x101.png 200w, https:\/\/universomola.com\/wp-content\/uploads\/2021\/08\/38-2-300x152.png 300w, https:\/\/universomola.com\/wp-content\/uploads\/2021\/08\/38-2-400x203.png 400w, https:\/\/universomola.com\/wp-content\/uploads\/2021\/08\/38-2-500x253.png 500w, https:\/\/universomola.com\/wp-content\/uploads\/2021\/08\/38-2-540x272.png 540w, https:\/\/universomola.com\/wp-content\/uploads\/2021\/08\/38-2-600x304.png 600w, https:\/\/universomola.com\/wp-content\/uploads\/2021\/08\/38-2.png 620w\" data-sizes=\"(max-width: 620px) 100vw, 620px\" src=\"data:image\/svg+xml;base64,PHN2ZyB3aWR0aD0iMSIgaGVpZ2h0PSIxIiB4bWxucz0iaHR0cDovL3d3dy53My5vcmcvMjAwMC9zdmciPjwvc3ZnPg==\" style=\"--smush-placeholder-width: 620px; --smush-placeholder-aspect-ratio: 620\/314;\" \/><\/p>\n<p><b>Para \u200bLa Fundaci\u00f3n Entre Soles \u200by Lunas en conjunto con su programa \u200bUniverso MOLA es un orgullo como movimiento internacional que impulsa y visibiliza la sostenibilidad en moda, poder ver a dos de las marcas que hacen parte del talento Latinoamericano estar presentes en un espacio tan importante como \u200bNew York Fashion Week \u200bque busca resaltar el dise\u00f1o y las historias detr\u00e1s de cada pieza y marca.<\/b><\/p>\n<h2 style=\"text-align: center;\"><span style=\"color: #33cccc;\"><a style=\"color: #33cccc;\" href=\"https:\/\/universomola.com\/index.php\/mola-hub\/nyfw-feb-2020\"><span style=\"font-weight: 400;\">Revive la pasarela oficial de Universo MOLA en New York Fashion Week Febrero 2020 donde participaron 10 dise\u00f1adores latinoamericanos.<\/span><\/a><\/span><\/h2>\n<\/div><\/div><\/div><\/div><\/div>","protected":false},"excerpt":{"rendered":"<p>Lorem ipsum dolor sit amet, consectetur adipiscing elit. Nam pharetra dictum eleifend. Sed posuere magna at luctus pretium. Aliquam ligula sem, aliquet sit amet nisi ac, dignissim porta ipsum.<\/p>","protected":false},"author":9,"featured_media":5571,"comment_status":"open","ping_status":"open","sticky":false,"template":"","format":"standard","meta":{"_monsterinsights_skip_tracking":false,"_monsterinsights_sitenote_active":false,"_monsterinsights_sitenote_note":"","_monsterinsights_sitenote_category":0,"footnotes":""},"categories":[40],"tags":[93,91,89,48,92,47,96,90,88],"class_list":["post-5560","post","type-post","status-publish","format-standard","has-post-thumbnail","hentry","category-blog","tag-disenadores-sostenibles","tag-ethical-fashion","tag-moda-etica","tag-moda-latina","tag-moda-latinoamericana","tag-moda-sostenible","tag-moda-sustentable","tag-sustainable","tag-universo-mola"],"_links":{"self":[{"href":"https:\/\/universomola.com\/en\/wp-json\/wp\/v2\/posts\/5560","targetHints":{"allow":["GET"]}}],"collection":[{"href":"https:\/\/universomola.com\/en\/wp-json\/wp\/v2\/posts"}],"about":[{"href":"https:\/\/universomola.com\/en\/wp-json\/wp\/v2\/types\/post"}],"author":[{"embeddable":true,"href":"https:\/\/universomola.com\/en\/wp-json\/wp\/v2\/users\/9"}],"replies":[{"embeddable":true,"href":"https:\/\/universomola.com\/en\/wp-json\/wp\/v2\/comments?post=5560"}],"version-history":[{"count":1,"href":"https:\/\/universomola.com\/en\/wp-json\/wp\/v2\/posts\/5560\/revisions"}],"predecessor-version":[{"id":5572,"href":"https:\/\/universomola.com\/en\/wp-json\/wp\/v2\/posts\/5560\/revisions\/5572"}],"wp:featuredmedia":[{"embeddable":true,"href":"https:\/\/universomola.com\/en\/wp-json\/wp\/v2\/media\/5571"}],"wp:attachment":[{"href":"https:\/\/universomola.com\/en\/wp-json\/wp\/v2\/media?parent=5560"}],"wp:term":[{"taxonomy":"category","embeddable":true,"href":"https:\/\/universomola.com\/en\/wp-json\/wp\/v2\/categories?post=5560"},{"taxonomy":"post_tag","embeddable":true,"href":"https:\/\/universomola.com\/en\/wp-json\/wp\/v2\/tags?post=5560"}],"curies":[{"name":"wp","href":"https:\/\/api.w.org\/{rel}","templated":true}]}}