{"id":5563,"date":"2019-10-04T19:08:27","date_gmt":"2019-10-04T22:08:27","guid":{"rendered":"http:\/\/desarrollosdeprueba.xyz\/universo_mola\/?p=5563"},"modified":"2021-08-08T19:10:54","modified_gmt":"2021-08-08T22:10:54","slug":"la-guajira-apuesta-por-economias-creativas-culturales-y-sostenibles","status":"publish","type":"post","link":"https:\/\/universomola.com\/en\/la-guajira-apuesta-por-economias-creativas-culturales-y-sostenibles\/","title":{"rendered":"LA GUAJIRA APUESTA POR ECONOMIAS CREATIVAS, CULTURALES Y SOSTENIBLES"},"content":{"rendered":"[fusion_builder_container hundred_percent=\u00bbno\u00bb equal_height_columns=\u00bbno\u00bb menu_anchor=\u00bb\u00bb hide_on_mobile=\u00bbsmall-visibility,medium-visibility,large-visibility\u00bb class=\u00bb\u00bb id=\u00bb\u00bb background_color=\u00bb\u00bb background_image=\u00bb\u00bb background_position=\u00bbcenter center\u00bb background_repeat=\u00bbno-repeat\u00bb fade=\u00bbno\u00bb background_parallax=\u00bbnone\u00bb parallax_speed=\u00bb0.3&#8243; video_mp4=\u00bb\u00bb video_webm=\u00bb\u00bb video_ogv=\u00bb\u00bb video_url=\u00bb\u00bb video_aspect_ratio=\u00bb16:9&#8243; video_loop=\u00bbyes\u00bb video_mute=\u00bbyes\u00bb overlay_color=\u00bb\u00bb video_preview_image=\u00bb\u00bb border_color=\u00bb\u00bb border_style=\u00bbsolid\u00bb padding_top=\u00bb\u00bb padding_bottom=\u00bb\u00bb padding_left=\u00bb\u00bb padding_right=\u00bb\u00bb type=\u00bbflex\u00bb][fusion_builder_row][fusion_builder_column type=\u00bb1_1&#8243; layout=\u00bb1_1&#8243; background_position=\u00bbleft top\u00bb background_color=\u00bb\u00bb border_color=\u00bb\u00bb border_style=\u00bbsolid\u00bb border_position=\u00bball\u00bb spacing=\u00bbyes\u00bb background_image=\u00bb\u00bb background_repeat=\u00bbno-repeat\u00bb padding_top=\u00bb\u00bb padding_right=\u00bb\u00bb padding_bottom=\u00bb\u00bb padding_left=\u00bb\u00bb margin_top=\u00bb0px\u00bb margin_bottom=\u00bb0px\u00bb class=\u00bb\u00bb id=\u00bb\u00bb animation_type=\u00bb\u00bb animation_speed=\u00bb0.3&#8243; animation_direction=\u00bbleft\u00bb hide_on_mobile=\u00bbsmall-visibility,medium-visibility,large-visibility\u00bb center_content=\u00bbno\u00bb last=\u00bbtrue\u00bb min_height=\u00bb\u00bb hover_type=\u00bbnone\u00bb link=\u00bb\u00bb border_sizes_top=\u00bb\u00bb border_sizes_bottom=\u00bb\u00bb border_sizes_left=\u00bb\u00bb border_sizes_right=\u00bb\u00bb first=\u00bbtrue\u00bb][fusion_text columns=\u00bb1&#8243; column_min_width=\u00bb\u00bb column_spacing=\u00bb\u00bb rule_style=\u00bbdefault\u00bb rule_size=\u00bb\u00bb rule_color=\u00bb\u00bb content_alignment_medium=\u00bb\u00bb content_alignment_small=\u00bb\u00bb content_alignment=\u00bb\u00bb hide_on_mobile=\u00bbsmall-visibility,medium-visibility,large-visibility\u00bb sticky_display=\u00bbnormal,sticky\u00bb class=\u00bb\u00bb id=\u00bb\u00bb font_size=\u00bb\u00bb fusion_font_family_text_font=\u00bb\u00bb fusion_font_variant_text_font=\u00bb\u00bb line_height=\u00bb\u00bb letter_spacing=\u00bb\u00bb text_color=\u00bb\u00bb animation_type=\u00bb\u00bb animation_direction=\u00bbleft\u00bb animation_speed=\u00bb0.3&#8243; animation_offset=\u00bb\u00bb]\n<p><em><span style=\"color: #33cccc;\">Escrito por: Noticias <\/span><\/em><em><span style=\"color: #33cccc;\">de Universo MOLA<\/span><\/em><\/p>\n<p><span style=\"font-weight: 400; color: #999999;\">Por Lina Bermeo Voz del #UniversoMOLA Colombia<\/span><\/p>\n<p><b>Un departamento con grandes retos, necesidades b\u00e1sicas insatisfechas, falta de educaci\u00f3n e infraestructura, violaci\u00f3n de derechos humanos, riqueza en recursos naturales pero escases de ellos en los territorios , fronteras en conflicto pol\u00edtico y migraci\u00f3n diaria de extranjeros en situaci\u00f3n de vulnerabilidad, todo lo anterior sumado a las tasas m\u00e1s altas de corrupci\u00f3n en el pa\u00eds.<\/b><\/p>\n<p><b>En el departamento donde habita la poblaci\u00f3n ind\u00edgena m\u00e1s grande en Colombia, existe la esperanza de surgir y adelantar iniciativas que le den otro aire<\/b><span style=\"font-weight: 400;\">,\u00a0 all\u00ed donde los paisajes son exhuberantes, la gente consentidora y pujante, los oficios artesanales cargados de cultura \u201ca los que les piden rebaja\u201d\u00a0 y son el sustento de muchas familias, el turismo sostenible con un gran potencial y entidades que quieren hacer las cosas bien en pro del mejoramiento de la regi\u00f3n.<\/span><\/p>\n<p><span style=\"font-weight: 400;\">El mes de agosto y septiembre del presente\u00a0 a\u00f1o se llev\u00f3 a cabo<\/span><b> Inter \u2013 artes<\/b><span style=\"font-weight: 400;\">\u00a0 una iniciativa de la caja de compensaci\u00f3n familiar <\/span><b>Comfaguajira<\/b><span style=\"font-weight: 400;\"> en el que se realizan actividades para acercar a la comunidad del departamento a diversas expresiones\u00a0 art\u00edsticas y creativas que potencialicen\u00a0 las capacidades, incentiven y contribuyan\u00a0 a la socializaci\u00f3n de la regi\u00f3n<\/span><\/p>\n<p><span style=\"font-weight: 400;\">En este marco se realiz\u00f3 la <\/span><b>primera feria de econom\u00eda naranja<\/b><span style=\"font-weight: 400;\"> y aunque el t\u00e9rmino \u201ceconom\u00eda naranja\u201d est\u00e1 en auge y muy usado por estos tiempos para referirse a\u00a0 procesos productivos\u00a0 de los que los Guajiros nos son ajenos\u00a0 y\u00a0 han venido gestando desde siempre a trav\u00e9s de su m\u00fasica, oficios artesanales,\u00a0 artes y turismo.<\/span><\/p>\n<p><img decoding=\"async\" class=\"alignnone size-full wp-image-5567 lazyload\" data-src=\"http:\/\/desarrollosdeprueba.xyz\/universo_mola\/wp-content\/uploads\/2021\/08\/Captura225.png\" alt=\"\" width=\"428\" height=\"292\" data-srcset=\"https:\/\/universomola.com\/wp-content\/uploads\/2021\/08\/Captura225.png 428w, https:\/\/universomola.com\/wp-content\/uploads\/2021\/08\/Captura225-300x205.png 300w, https:\/\/universomola.com\/wp-content\/uploads\/2021\/08\/Captura225-200x136.png 200w, https:\/\/universomola.com\/wp-content\/uploads\/2021\/08\/Captura225-400x273.png 400w\" data-sizes=\"(max-width: 428px) 100vw, 428px\" src=\"data:image\/svg+xml;base64,PHN2ZyB3aWR0aD0iMSIgaGVpZ2h0PSIxIiB4bWxucz0iaHR0cDovL3d3dy53My5vcmcvMjAwMC9zdmciPjwvc3ZnPg==\" style=\"--smush-placeholder-width: 428px; --smush-placeholder-aspect-ratio: 428\/292;\" \/><\/p>\n<p><b>El objetivo de la feria es dar a conocer los emprendimientos culturales, sociales, de servicios y productos de la regi\u00f3n<\/b><span style=\"font-weight: 400;\">; en este marco se llev\u00f3 a cabo un foro con invitados que inspiraron a los asistentes acerca de sus experiencias y retos emprendiendo en campos de moda sostenible, innovaci\u00f3n social, cine, artes, directorios sostenibles, co-working, turismo, reciclaje y basura cero.<\/span><\/p>\n<p><span style=\"font-weight: 400;\">Comfaguajira convoc\u00f3 estudiantes, fondos de desempleo, entusiastas y personas del com\u00fan como asistentes, para que durante tres d\u00edas donde la premisa era incentivar el emprendimiento, a pesar de las dificultades que les rodean<\/span><\/p>\n<p><b>Universo Mola<\/b><span style=\"font-weight: 400;\"> estuvo all\u00ed presente hablamos de las cifras que hacen de la moda r\u00e1pida una industria que va en detrimento del medio ambiente y el comercio justo, conversamos acerca de las opciones diversas para ser parte activa como buen consumidor de prendas de vestir, <\/span><b>contamos acerca de la experiencia de TARPUI marca de moda sostenible Colombiana<\/b><span style=\"font-weight: 400;\">, ahondamos en la riqueza y <\/span><i><span style=\"font-weight: 400;\">patrimonio cultural<\/span><\/i> <span style=\"font-weight: 400;\">de la Guajira referente a sus tejidos, tintes y fibras naturales de\u00a0 su propia regi\u00f3n y c\u00f3mo hacer un aprovechamiento responsable de estos recursos en proyectos productivos sustentables.\u00a0<\/span><\/p>\n<p><b>Conversamos con algunos de los expositores y emprendedores para saber c\u00f3mo operan y cu\u00e1les son sus mayores retos.\u00a0<\/b><\/p>\n<p><b>Asociaci\u00f3n Agropecuaria Internacional-AGROIN<\/b> <span style=\"font-weight: 400;\">\u2013 quienes elaboran artesan\u00edas y productos en fique y otras fibras naturales , entre ellos bolsas para mercar, mochilas, bolsos, sombreros, textiles, sogas, cabuyas, sacos.\u00a0<\/span><\/p>\n<p><img decoding=\"async\" class=\"alignnone size-full wp-image-5564 lazyload\" data-src=\"http:\/\/desarrollosdeprueba.xyz\/universo_mola\/wp-content\/uploads\/2021\/08\/Captura226.png\" alt=\"\" width=\"445\" height=\"337\" data-srcset=\"https:\/\/universomola.com\/wp-content\/uploads\/2021\/08\/Captura226.png 445w, https:\/\/universomola.com\/wp-content\/uploads\/2021\/08\/Captura226-300x227.png 300w, https:\/\/universomola.com\/wp-content\/uploads\/2021\/08\/Captura226-200x151.png 200w, https:\/\/universomola.com\/wp-content\/uploads\/2021\/08\/Captura226-400x303.png 400w\" data-sizes=\"(max-width: 445px) 100vw, 445px\" src=\"data:image\/svg+xml;base64,PHN2ZyB3aWR0aD0iMSIgaGVpZ2h0PSIxIiB4bWxucz0iaHR0cDovL3d3dy53My5vcmcvMjAwMC9zdmciPjwvc3ZnPg==\" style=\"--smush-placeholder-width: 445px; --smush-placeholder-aspect-ratio: 445\/337;\" \/><\/p>\n<ul>\n<li style=\"font-weight: 400;\" aria-level=\"1\"><b>\u00bfC\u00f3mo operan o\u00a0 funcionan?<\/b><\/li>\n<\/ul>\n<p><i><span style=\"font-weight: 400;\">Contamos con nuestro taller artesanal de AGROIN, tambi\u00e9n nos apoyan desde sus casas nuestras artesanas. Cultivamos la fibra del maguey, extraemos y trabajamos la fibra de manera artesanal, peinado, te\u00f1ido, hilado hasta el producto final<\/span><\/i><\/p>\n<ul>\n<li style=\"font-weight: 400;\" aria-level=\"1\"><b>\u00bfQu\u00e9 oportunidades tienen en el mercado?<\/b><\/li>\n<\/ul>\n<p><i><span style=\"font-weight: 400;\">Muchas porque las fibras biodegradables est\u00e1n tomando de nuevo fuerza en el mercado, las personas est\u00e1n pidiendo de nuevo productos que sean amigables con el\u00a0 ambiente, estamos muy optimistas con eso.<\/span><\/i><\/p>\n<ul>\n<li style=\"font-weight: 400;\" aria-level=\"1\"><span style=\"font-weight: 400;\">\u00a0<\/span><b>\u00bfCu\u00e1l es la mayor dificultad que han tenido?<\/b><\/li>\n<\/ul>\n<p><i><span style=\"font-weight: 400;\">Comercializaci\u00f3n y mercadeo. Porque sabemos manejar la fibra y operarla, pero esas tareas de comercializaci\u00f3n requieren ayuda.<\/span><\/i><\/p>\n<ul>\n<li style=\"font-weight: 400;\" aria-level=\"1\"><b>\u00bfQu\u00e9 apoyos locales conocen en La Guajira para mejorar su emprendimiento?<\/b><\/li>\n<\/ul>\n<p><i><span style=\"font-weight: 400;\">Fondo emprender y el SENA, de este \u00faltimo hemos recibido apoyo y capacitaci\u00f3n para fortalecernos.<\/span><\/i><\/p>\n<ul>\n<li style=\"font-weight: 400;\" aria-level=\"1\"><b>\u00a0\u00bfCu\u00e1l es la visi\u00f3n a futuro de AGROIN?<\/b><\/li>\n<\/ul>\n<p><i><span style=\"font-weight: 400;\">Ser reconocidos a nivel nacional en Internacional como una organizaci\u00f3n de productores q promueve la agricultura sostenible y sustentable de fibras y productos artesanales en fibras naturales biodegradables.<\/span><\/i><\/p>\n<p><b>Asawaa Market S.A.S.<\/b> <span style=\"font-weight: 400;\">es una empresa Guajira que busca mostrar y promocionar lo mejor del departamento, a trav\u00e9s de productos artesanales locales, de los cu\u00e1les sobresalen el Licor Artesanal Guajiro y el Aperitivo Saborizado de Iguraya marca Asawaa.<\/span><\/p>\n<ul>\n<li style=\"font-weight: 400;\" aria-level=\"1\"><b>\u00bfC\u00f3mo operan o funcionan?<\/b><\/li>\n<\/ul>\n<p><i><span style=\"font-weight: 400;\">Promocionamos nuestros productos a trav\u00e9s de un caf\u00e9 ubicado en R\u00edohacha y una p\u00e1gina web www.asawaa.com, la idea con esta es proveer la informaci\u00f3n tur\u00edstica disponible en l\u00ednea antes de que el turista llegue al departamento, permiti\u00e9ndole el ahorro de tiempo, posibilidad de planear y acceso a informaci\u00f3n \u00fanica que maximice su experiencia.<\/span><\/i><\/p>\n<p><img decoding=\"async\" class=\"alignnone size-full wp-image-5565 lazyload\" data-src=\"http:\/\/desarrollosdeprueba.xyz\/universo_mola\/wp-content\/uploads\/2021\/08\/Captura227.png\" alt=\"\" width=\"202\" height=\"286\" data-srcset=\"https:\/\/universomola.com\/wp-content\/uploads\/2021\/08\/Captura227.png 202w, https:\/\/universomola.com\/wp-content\/uploads\/2021\/08\/Captura227-200x283.png 200w\" data-sizes=\"(max-width: 202px) 100vw, 202px\" src=\"data:image\/svg+xml;base64,PHN2ZyB3aWR0aD0iMSIgaGVpZ2h0PSIxIiB4bWxucz0iaHR0cDovL3d3dy53My5vcmcvMjAwMC9zdmciPjwvc3ZnPg==\" style=\"--smush-placeholder-width: 202px; --smush-placeholder-aspect-ratio: 202\/286;\" \/><\/p>\n<ul>\n<li style=\"font-weight: 400;\" aria-level=\"1\"><b>\u00bfCu\u00e1l es la visi\u00f3n a futuro de ASAWAA?<\/b><\/li>\n<\/ul>\n<p><i><span style=\"font-weight: 400;\">Queremos ser la \u00fanica p\u00e1gina web que agrupa informaci\u00f3n confiable, f\u00e1cil de clasificar y actualizada de la amplia y desconocida oferta de productos, experiencias y servicios que ofrece La Guajira en ingl\u00e9s y espa\u00f1ol, basados en la diversidad de costumbres, cultura, historia y tradiciones del departamento.<\/span><\/i><\/p>\n<ul>\n<li style=\"font-weight: 400;\" aria-level=\"1\"><b>\u00bfCu\u00e1l es la mayor dificultad que han tenido durante su recorrido?<\/b><\/li>\n<\/ul>\n<p><i><span style=\"font-weight: 400;\">Gestionar los pocos recursos (tiempo y capital) que tenemos para trabajar eficientemente en un ambiente empresarial donde se presentan debilidades de recursos tanto humanos, como de log\u00edstica, infraestructura y capacidad institucional.<\/span><\/i><\/p>\n<ul>\n<li style=\"font-weight: 400;\" aria-level=\"1\"><b>\u00bfQu\u00e9 apoyos locales conocen para mejorar su emprendimiento?<\/b><\/li>\n<\/ul>\n<p><i><span style=\"font-weight: 400;\">Turismo Emprende, Nacionales Aldea, Innpulsa y Fondo Emprender del que ganamos convocatoria y recibimos apoyo econ\u00f3mico y capacitaciones que nos han servido mucho. Queremos volvernos un referente en calidad de productos guajiros. Lo que esperamos es poder mostrar el departamento\u00a0 potencializando Sus recursos tanto culturales como agr\u00edcolas para invitar a que se conozca mejor el departamento.<\/span><\/i><\/p>\n<p><b>Tanto Asawaa como Agroin tienen la visi\u00f3n de quedarse en su regi\u00f3n hacerla sostenible econ\u00f3mica, ambiental y socialmente.<\/b><span style=\"font-weight: 400;\"> Encaminar sus esfuerzos a dar a conocer la riqueza que tienen y el patrimonio cultural que enmarca su\u00a0 departamento, la responsabilidad que nos compete como ciudadanos es apoyar a este tipo de emprendimientos con nuestro mayor voto de confianza que es una compra y consumo responsable y las entidades por su parte establecer y compartir diversas herramientas y espacios para que se generen sinergias entre toda la comunidad.<\/span><\/p>\n[\/fusion_text][\/fusion_builder_column][\/fusion_builder_row][\/fusion_builder_container]\n","protected":false},"excerpt":{"rendered":"<p>Lorem ipsum dolor sit amet, consectetur adipiscing elit. Nam pharetra dictum eleifend. Sed posuere magna at luctus pretium. Aliquam ligula sem, aliquet sit amet nisi ac, dignissim porta ipsum.<\/p>","protected":false},"author":9,"featured_media":5566,"comment_status":"open","ping_status":"open","sticky":false,"template":"","format":"standard","meta":{"footnotes":""},"categories":[40],"tags":[93,89,48,92,47,96,88],"class_list":["post-5563","post","type-post","status-publish","format-standard","has-post-thumbnail","category-blog","tag-disenadores-sostenibles","tag-moda-etica","tag-moda-latina","tag-moda-latinoamericana","tag-moda-sostenible","tag-moda-sustentable","tag-universo-mola"],"_links":{"self":[{"href":"https:\/\/universomola.com\/en\/wp-json\/wp\/v2\/posts\/5563","targetHints":{"allow":["GET"]}}],"collection":[{"href":"https:\/\/universomola.com\/en\/wp-json\/wp\/v2\/posts"}],"about":[{"href":"https:\/\/universomola.com\/en\/wp-json\/wp\/v2\/types\/post"}],"author":[{"embeddable":true,"href":"https:\/\/universomola.com\/en\/wp-json\/wp\/v2\/users\/9"}],"replies":[{"embeddable":true,"href":"https:\/\/universomola.com\/en\/wp-json\/wp\/v2\/comments?post=5563"}],"version-history":[{"count":1,"href":"https:\/\/universomola.com\/en\/wp-json\/wp\/v2\/posts\/5563\/revisions"}],"predecessor-version":[{"id":5570,"href":"https:\/\/universomola.com\/en\/wp-json\/wp\/v2\/posts\/5563\/revisions\/5570"}],"wp:featuredmedia":[{"embeddable":true,"href":"https:\/\/universomola.com\/en\/wp-json\/wp\/v2\/media\/5566"}],"wp:attachment":[{"href":"https:\/\/universomola.com\/en\/wp-json\/wp\/v2\/media?parent=5563"}],"wp:term":[{"taxonomy":"category","embeddable":true,"href":"https:\/\/universomola.com\/en\/wp-json\/wp\/v2\/categories?post=5563"},{"taxonomy":"post_tag","embeddable":true,"href":"https:\/\/universomola.com\/en\/wp-json\/wp\/v2\/tags?post=5563"}],"curies":[{"name":"wp","href":"https:\/\/api.w.org\/{rel}","templated":true}]}}