{"id":5573,"date":"2020-09-11T19:12:01","date_gmt":"2020-09-11T22:12:01","guid":{"rendered":"http:\/\/desarrollosdeprueba.xyz\/universo_mola\/?p=5573"},"modified":"2021-08-08T19:21:34","modified_gmt":"2021-08-08T22:21:34","slug":"marcas-que-trabajan-por-la-regeneracion","status":"publish","type":"post","link":"https:\/\/universomola.com\/en\/marcas-que-trabajan-por-la-regeneracion\/","title":{"rendered":"MARCAS QUE TRABAJAN POR LA REGENERACI\u00d3N"},"content":{"rendered":"<div class=\"fusion-fullwidth fullwidth-box fusion-builder-row-1 fusion-flex-container nonhundred-percent-fullwidth non-hundred-percent-height-scrolling\" style=\"--awb-border-radius-top-left:0px;--awb-border-radius-top-right:0px;--awb-border-radius-bottom-right:0px;--awb-border-radius-bottom-left:0px;--awb-flex-wrap:wrap;\" ><div class=\"fusion-builder-row fusion-row fusion-flex-align-items-flex-start fusion-flex-content-wrap\" style=\"max-width:1248px;margin-left: calc(-4% \/ 2 );margin-right: calc(-4% \/ 2 );\"><div class=\"fusion-layout-column fusion_builder_column fusion-builder-column-0 fusion_builder_column_1_1 1_1 fusion-flex-column\" style=\"--awb-bg-size:cover;--awb-width-large:100%;--awb-margin-top-large:0px;--awb-spacing-right-large:1.92%;--awb-margin-bottom-large:0px;--awb-spacing-left-large:1.92%;--awb-width-medium:100%;--awb-spacing-right-medium:1.92%;--awb-spacing-left-medium:1.92%;--awb-width-small:100%;--awb-spacing-right-small:1.92%;--awb-spacing-left-small:1.92%;\"><div class=\"fusion-column-wrapper fusion-flex-justify-content-flex-start fusion-content-layout-column\"><div class=\"fusion-text fusion-text-1\"><\/div><div class=\"fusion-text fusion-text-2\"><p><span style=\"color: #33cccc;\"><i><span style=\"font-weight: 400;\">Por Manuela Toro, Universo MOLA.\u00a0 \/ Imagen portada: Dustin para Universo MOLA en NYFW con Tarpui y Pazca.\u00a0<\/span><\/i><\/span><\/p>\n<p><span style=\"font-weight: 400;\">Existen diversas marcas dentro de la industria de la moda que apuestan por generar bienestar, ser adaptables al ecosistema del que hacemos parte, preocuparse por el planeta, impactar la vida de todos aquellos que est\u00e1n adheridos de un modo u otro a todo el proceso de producci\u00f3n, distribuci\u00f3n y consumo de las prendas, m\u00e1s all\u00e1 de la etiqueta de sostenible,<\/span><b> realmente viven un proceso regenerativo y restaurativo de forma estructural.\u00a0<\/b><\/p>\n<p><b>Hoy desde MOLA Hub te traemos cuatro marcas que son inspiradoras y que buscan crear un futuro m\u00e1s pr\u00f3spero<\/b><span style=\"font-weight: 400;\"> para la humanidad en t\u00e9rminos de valorar y cuidar el medio ambiente y las materias primas que nos ofrece, respetar los derechos humanos de cada persona que forma parte de toda la cadena, y garantizar la calidad de vida de cada ser vivo que se suma al proceso de creaci\u00f3n de prendas de vestir.<\/span><\/p>\n<h1><b>Pero antes\u2026 \u00bfQu\u00e9 es la regeneraci\u00f3n?<\/b><\/h1>\n<p><span style=\"font-weight: 400;\">Un poco del concepto, lo que promovemos en Universo MOLA y la relaci\u00f3n con la industria de la moda. <\/span><b><i>Universo MOLA es el movimiento latinoamericano por la sostenibilidad en toda la cadena de valor de la moda. Es por esto que dentro de todo el universo que abarca este movimiento, como biodiversidad, patrimonio, dise\u00f1o, moda, se promueve la cultura regenerativa que apunta hacia una conciencia colectiva frente a la conservaci\u00f3n de la naturaleza, preservar lo ancestral, la tradici\u00f3n de una forma sustentable, tocando muchos \u00e1mbitos dentro de la cadena de valor para generar desarrollo.<\/i><\/b><\/p>\n<p><span style=\"color: #33cccc;\"><b>Ronald Sistek<\/b><\/span><span style=\"font-weight: 400;\"><span style=\"color: #33cccc;\">,<\/span> quien administra proyectos regenerativos y hace acompa\u00f1amientos en la gesti\u00f3n del cambio cultural, comparti\u00f3 con nosotros durante el webinar de dise\u00f1o y moda por la biodiversidad lo que para \u00e9l es el resumen en una frase de lo que es regeneraci\u00f3n\u00a0 <\/span><i><span style=\"font-weight: 400;\">\u201cla regeneraci\u00f3n es dejar nuestro lugar mejor de lo que lo encontramos\u201d<\/span><\/i><span style=\"font-weight: 400;\">. \u00c9l habla acerca de la regeneraci\u00f3n como un concepto de reconciliaci\u00f3n, porque tiene que ver con sentirnos part\u00edcipes, una parte m\u00e1s de todo el ecosistema mayor, donde podemos ir transfiriendo ese poder a los otros y resignificar la colaboraci\u00f3n com\u00fan.\u00a0\u00a0\u00a0\u00a0\u00a0\u00a0<\/span><\/p>\n<p><span style=\"font-weight: 400;\">Para dimensionar lo que implica la regeneraci\u00f3n<\/span><i><span style=\"font-weight: 400;\"> \u201ces necesario entendernos como parte de la naturaleza viviendo una experiencia humana. Si lo entendemos as\u00ed, todos somos parte de una misma esfera, de ese modo somos conscientes de que no existe separaci\u00f3n alguna entre la naturaleza y el ser humano, porque s\u00f3lo haciendo consciente esto entenderemos nuestras implicaciones frente a lo que decidimos para la naturaleza\u201d.<\/span><\/i><\/p>\n<p><span style=\"font-weight: 400;\">Entendiendo ahora el concepto de regeneraci\u00f3n y todo el v\u00ednculo con el ser humano y la biodiversidad, tambi\u00e9n hay que entender la relaci\u00f3n de una expresi\u00f3n art\u00edstica tan fuerte y tan poderosa como la vestimenta con esta reconexi\u00f3n y reconocimiento de todo y de todos. <\/span><b>La sostenibilidad no alcanza, se desvirt\u00faa un poco desde la industria y lo que se busca con promover una cultura regenerativa es revalorizar la cadena de valor completa, otorgando un valor estructural desde las pr\u00e1cticas aplicadas a toda la industria, cuidando todo el ecosistema de cada ser vivo que hace parte de ella.<\/b><\/p>\n<p><span style=\"font-weight: 400;\">Adem\u00e1s tambi\u00e9n podemos ser regenerativos con materiales que ya existen en la moda, gracias a los procesos de innovaci\u00f3n y a las aplicaciones tecnol\u00f3gicas que permiten regenerarlo, darle un nuevo\u00a0 uso a materias que ya han sido procesadas. Todos los desechos textiles pueden ser reaprovechados en un nuevo elemento de vestir o en un elemento utilitario.<\/span><\/p>\n<h2><b>Marcas de MOLA Hub que trabajan con regeneraci\u00f3n:<\/b><\/h2>\n<p><a href=\"https:\/\/www.instagram.com\/pazca.co\/\"><b>PAZCA<\/b><b>\u00a0<\/b><\/a><\/p>\n<p><b><i>Colombia<\/i><\/b><\/p>\n<p><span style=\"font-weight: 400;\">Tiene el prop\u00f3sito\u00a0 de contribuir positivamente al planeta, aportando a la sostenibilidad y al cuidado de la naturaleza a partir de su materias primas para hacer zapatos veganos, con telas hechas a partir del reciclaje de botellas pl\u00e1sticas y de la reutilizaci\u00f3n de retal de confecci\u00f3n. Para las suelas usan caucho natural con cascarilla de arroz, para hacerlas m\u00e1s biodegradables.<\/span><\/p>\n<p><span style=\"font-weight: 400;\">Para hacer un par de zapatos, <\/span><b>PAZCA recicla 5 botellas de pl\u00e1stico<\/b><span style=\"font-weight: 400;\">, adem\u00e1s de no usar tintes contaminantes, ahorrando agua y evitando el uso de qu\u00edmicos. Los cordones son el\u00e1sticos y cuentan con un sistema innovador que hace que no tengan que amarrarse.<\/span><\/p>\n<p><img decoding=\"async\" class=\"size-full wp-image-5577 aligncenter lazyload\" data-src=\"http:\/\/desarrollosdeprueba.xyz\/universo_mola\/wp-content\/uploads\/2021\/08\/39-1.png\" alt=\"\" width=\"475\" height=\"275\" data-srcset=\"https:\/\/universomola.com\/wp-content\/uploads\/2021\/08\/39-1-200x116.png 200w, https:\/\/universomola.com\/wp-content\/uploads\/2021\/08\/39-1-300x174.png 300w, https:\/\/universomola.com\/wp-content\/uploads\/2021\/08\/39-1-400x232.png 400w, https:\/\/universomola.com\/wp-content\/uploads\/2021\/08\/39-1.png 475w\" data-sizes=\"(max-width: 475px) 100vw, 475px\" src=\"data:image\/svg+xml;base64,PHN2ZyB3aWR0aD0iMSIgaGVpZ2h0PSIxIiB4bWxucz0iaHR0cDovL3d3dy53My5vcmcvMjAwMC9zdmciPjwvc3ZnPg==\" style=\"--smush-placeholder-width: 475px; --smush-placeholder-aspect-ratio: 475\/275;\" \/><\/p>\n<p><span style=\"color: #33cccc;\"><a style=\"color: #33cccc;\" href=\"https:\/\/www.instagram.com\/shopsisa\/\"><b>SISA<\/b><\/a><\/span><\/p>\n<p><b><i>Chile<\/i><\/b><\/p>\n<p><span style=\"font-weight: 400;\">Es una marca de Chile, con presencia tambi\u00e9n en Per\u00fa que m\u00e1s all\u00e1 del hecho de vender ropa, su filosof\u00eda es crear valor y contenido en todo el proceso de dise\u00f1o y promover la industria local. Por lo cual en t\u00e9rminos de dise\u00f1o, han desarrollado colecciones alejadas de las tendencias pasajeras, con la intenci\u00f3n de crear piezas permanentes que se puedan redescubrir a\u00f1o tras a\u00f1o. <\/span><b>Adem\u00e1s esta marca promueve relaciones sostenidas y cercanas con talleres, artesanos y costureras dentro de Chile y Per\u00fa.<\/b><span style=\"font-weight: 400;\"> Es una marca consciente de que el lujo est\u00e1 en lo que permanece, en lo que se hereda y permite ser cuidado.<\/span><\/p>\n<p><span style=\"font-weight: 400;\">Usan t\u00e9cnicas como el tejido en 3D, que permite elaborar prendas a partir de un solo hilo, sin cortes ni costuras, por lo que son especialmente durables al no tener uniones.<\/span><\/p>\n<p><span style=\"font-weight: 400;\">Sus tejidos son de alpaca, lana, seda, algod\u00f3n, lino, cupro, que es una fibra regenerada de las pelusas cortas de la semilla del\u00a0 algod\u00f3n, que normalmente ser\u00edan desechadas. Es un material biodegradable y puede usarse para la composta. Tambi\u00e9n usan materiales como cuero y lanas recicladas de otros textiles, adem\u00e1s\u00a0 detalles como botones de cuerno hechos por artesanos peruanos de San Juan de Lurigancho, un distrito lime\u00f1o.<\/span><\/p>\n<p><img decoding=\"async\" class=\"size-full wp-image-5579 aligncenter lazyload\" data-src=\"http:\/\/desarrollosdeprueba.xyz\/universo_mola\/wp-content\/uploads\/2021\/08\/39-2.png\" alt=\"\" width=\"322\" height=\"502\" data-srcset=\"https:\/\/universomola.com\/wp-content\/uploads\/2021\/08\/39-2-192x300.png 192w, https:\/\/universomola.com\/wp-content\/uploads\/2021\/08\/39-2-200x312.png 200w, https:\/\/universomola.com\/wp-content\/uploads\/2021\/08\/39-2.png 322w\" data-sizes=\"(max-width: 322px) 100vw, 322px\" src=\"data:image\/svg+xml;base64,PHN2ZyB3aWR0aD0iMSIgaGVpZ2h0PSIxIiB4bWxucz0iaHR0cDovL3d3dy53My5vcmcvMjAwMC9zdmciPjwvc3ZnPg==\" style=\"--smush-placeholder-width: 322px; --smush-placeholder-aspect-ratio: 322\/502;\" \/><\/p>\n<p><span style=\"color: #33cccc;\"><a style=\"color: #33cccc;\" href=\"https:\/\/www.instagram.com\/philomenaperu\/\"><b>PHILOMENA<\/b><\/a><\/span><\/p>\n<p><b><i>Per\u00fa<\/i><\/b><\/p>\n<p><span style=\"font-weight: 400;\">Esta es una marca peruana comprometida a ser sustentable en toda la cadena, desde los materiales hasta el empaque. Desde que comenzaron eligieron la fibra de alpaca como su materia prima ya que es una de las m\u00e1s sostenibles del mundo y una de las mejores. <\/span><b>Su principal proveedor de lana de alpaca es Incatops<\/b><span style=\"font-weight: 400;\">, quienes tienen como principios el respeto, la responsabilidad y la integridad en sus procesos. Incatops pertenece a The Inca Groups que cuenta con su propio centro de investigaci\u00f3n cient\u00edfico dedicado al mejoramiento gen\u00e9tico de la fibra de alpaca, asegurando siempre el bienestar de la alpaca y el esquilador. Adem\u00e1s, trabajan con mujeres artesanas peruanas, empoderando a la mujer de los andes tejiendo y haciendo sus\u00a0 ruanas.<\/span><\/p>\n<p><img decoding=\"async\" class=\"size-full wp-image-5580 aligncenter lazyload\" data-src=\"http:\/\/desarrollosdeprueba.xyz\/universo_mola\/wp-content\/uploads\/2021\/08\/39-3.png\" alt=\"\" width=\"310\" height=\"416\" data-srcset=\"https:\/\/universomola.com\/wp-content\/uploads\/2021\/08\/39-3-200x268.png 200w, https:\/\/universomola.com\/wp-content\/uploads\/2021\/08\/39-3-224x300.png 224w, https:\/\/universomola.com\/wp-content\/uploads\/2021\/08\/39-3.png 310w\" data-sizes=\"(max-width: 310px) 100vw, 310px\" src=\"data:image\/svg+xml;base64,PHN2ZyB3aWR0aD0iMSIgaGVpZ2h0PSIxIiB4bWxucz0iaHR0cDovL3d3dy53My5vcmcvMjAwMC9zdmciPjwvc3ZnPg==\" style=\"--smush-placeholder-width: 310px; --smush-placeholder-aspect-ratio: 310\/416;\" \/><\/p>\n<p><span style=\"color: #33cccc;\"><a style=\"color: #33cccc;\" href=\"https:\/\/www.instagram.com\/manosdelmonte\/\"><b>MANOS DEL MONTE<\/b><\/a><\/span><\/p>\n<p><b><i>Argentina<\/i><\/b><\/p>\n<p><span style=\"font-weight: 400;\">Es un emprendimiento socio ambiental creado por mujeres de parajes rurales en Chaco.<\/span><b> Se capacitan a m\u00e1s de 200 madres brindando talleres de tejido y costura en m\u00e1s de 15 parajes rurales.<\/b><span style=\"font-weight: 400;\"> Lo que se busca es generar comunidad y nuevas oportunidades para ellas, empoderarlas y que logren generar ingresos genuinos y dignos, a partir del esfuerzo y el trabajo.<\/span><\/p>\n<p><span style=\"font-weight: 400;\">Promueven una alternativa sustentable, fomentando el uso de bolsas de tela que puedan reutilizarse, y as\u00ed se evita generar residuos innecesarios. Se trabaja con descartes de tela, retazos reciclados de residuos textiles que se usan para fabricar diferentes tama\u00f1os de bolsas.\u00a0 Adem\u00e1s tambi\u00e9n hacen bolsos, carteras, organizadores y canastas tejidas.<\/span><\/p>\n<p><img decoding=\"async\" class=\"size-full wp-image-5582 aligncenter lazyload\" data-src=\"http:\/\/desarrollosdeprueba.xyz\/universo_mola\/wp-content\/uploads\/2021\/08\/39-4.png\" alt=\"\" width=\"300\" height=\"304\" data-srcset=\"https:\/\/universomola.com\/wp-content\/uploads\/2021\/08\/39-4-66x66.png 66w, https:\/\/universomola.com\/wp-content\/uploads\/2021\/08\/39-4-100x100.png 100w, https:\/\/universomola.com\/wp-content\/uploads\/2021\/08\/39-4-200x203.png 200w, https:\/\/universomola.com\/wp-content\/uploads\/2021\/08\/39-4-296x300.png 296w, https:\/\/universomola.com\/wp-content\/uploads\/2021\/08\/39-4.png 300w\" data-sizes=\"(max-width: 300px) 100vw, 300px\" src=\"data:image\/svg+xml;base64,PHN2ZyB3aWR0aD0iMSIgaGVpZ2h0PSIxIiB4bWxucz0iaHR0cDovL3d3dy53My5vcmcvMjAwMC9zdmciPjwvc3ZnPg==\" style=\"--smush-placeholder-width: 300px; --smush-placeholder-aspect-ratio: 300\/304;\" \/><\/p>\n<h2 style=\"text-align: center;\"><b>Descarga la APP de Universo MOLA para ver m\u00e1s proyectos as\u00ed.<\/b><\/h2>\n<p><b><i>Fuentes de investigaci\u00f3n:<\/i><\/b><\/p>\n<p><i><span style=\"font-weight: 400;\">Dise\u00f1o y moda por la biodiversidad:<\/span><\/i><a href=\"https:\/\/www.youtube.com\/watch?v=qk-UH3p5O74\"> <i><span style=\"font-weight: 400;\">https:\/\/www.youtube.com\/watch?v=qk-UH3p5O74<\/span><\/i><\/a><\/p>\n<p><a href=\"https:\/\/medium.com\/age-of-awareness\/la-sostenibilidad-ya-no-es-suficiente-necesitamos-culturas-regenerativas-5b2e5032ea2a\"><i><span style=\"font-weight: 400;\">https:\/\/medium.com\/age-of-awareness\/la-sostenibilidad-ya-no-es-suficiente-necesitamos-culturas-regenerativas-5b2e5032ea2a<\/span><\/i><\/a><\/p>\n<p><i><span style=\"font-weight: 400;\">P\u00e1ginas de instagram de cada marca<\/span><\/i><\/p>\n<\/div><\/div><\/div><\/div><\/div>","protected":false},"excerpt":{"rendered":"<p>Lorem ipsum dolor sit amet, consectetur adipiscing elit. Nam pharetra dictum eleifend. Sed posuere magna at luctus pretium. Aliquam ligula sem, aliquet sit amet nisi ac, dignissim porta ipsum.<\/p>","protected":false},"author":9,"featured_media":5583,"comment_status":"open","ping_status":"open","sticky":false,"template":"","format":"standard","meta":{"_monsterinsights_skip_tracking":false,"_monsterinsights_sitenote_active":false,"_monsterinsights_sitenote_note":"","_monsterinsights_sitenote_category":0,"footnotes":""},"categories":[40],"tags":[93,91,89,48,92,47,96,90,88],"class_list":["post-5573","post","type-post","status-publish","format-standard","has-post-thumbnail","hentry","category-blog","tag-disenadores-sostenibles","tag-ethical-fashion","tag-moda-etica","tag-moda-latina","tag-moda-latinoamericana","tag-moda-sostenible","tag-moda-sustentable","tag-sustainable","tag-universo-mola"],"_links":{"self":[{"href":"https:\/\/universomola.com\/en\/wp-json\/wp\/v2\/posts\/5573","targetHints":{"allow":["GET"]}}],"collection":[{"href":"https:\/\/universomola.com\/en\/wp-json\/wp\/v2\/posts"}],"about":[{"href":"https:\/\/universomola.com\/en\/wp-json\/wp\/v2\/types\/post"}],"author":[{"embeddable":true,"href":"https:\/\/universomola.com\/en\/wp-json\/wp\/v2\/users\/9"}],"replies":[{"embeddable":true,"href":"https:\/\/universomola.com\/en\/wp-json\/wp\/v2\/comments?post=5573"}],"version-history":[{"count":1,"href":"https:\/\/universomola.com\/en\/wp-json\/wp\/v2\/posts\/5573\/revisions"}],"predecessor-version":[{"id":5584,"href":"https:\/\/universomola.com\/en\/wp-json\/wp\/v2\/posts\/5573\/revisions\/5584"}],"wp:featuredmedia":[{"embeddable":true,"href":"https:\/\/universomola.com\/en\/wp-json\/wp\/v2\/media\/5583"}],"wp:attachment":[{"href":"https:\/\/universomola.com\/en\/wp-json\/wp\/v2\/media?parent=5573"}],"wp:term":[{"taxonomy":"category","embeddable":true,"href":"https:\/\/universomola.com\/en\/wp-json\/wp\/v2\/categories?post=5573"},{"taxonomy":"post_tag","embeddable":true,"href":"https:\/\/universomola.com\/en\/wp-json\/wp\/v2\/tags?post=5573"}],"curies":[{"name":"wp","href":"https:\/\/api.w.org\/{rel}","templated":true}]}}