{"id":5574,"date":"2019-10-08T19:13:31","date_gmt":"2019-10-08T22:13:31","guid":{"rendered":"http:\/\/desarrollosdeprueba.xyz\/universo_mola\/?p=5574"},"modified":"2021-08-08T19:18:33","modified_gmt":"2021-08-08T22:18:33","slug":"transformacion-de-residuales-textiles","status":"publish","type":"post","link":"https:\/\/universomola.com\/en\/transformacion-de-residuales-textiles\/","title":{"rendered":"TRANSFORMACI\u00d3N DE RESIDUALES TEXTILES"},"content":{"rendered":"<div class=\"fusion-fullwidth fullwidth-box fusion-builder-row-1 fusion-flex-container nonhundred-percent-fullwidth non-hundred-percent-height-scrolling\" style=\"--awb-border-radius-top-left:0px;--awb-border-radius-top-right:0px;--awb-border-radius-bottom-right:0px;--awb-border-radius-bottom-left:0px;--awb-flex-wrap:wrap;\" ><div class=\"fusion-builder-row fusion-row fusion-flex-align-items-flex-start fusion-flex-content-wrap\" style=\"max-width:1248px;margin-left: calc(-4% \/ 2 );margin-right: calc(-4% \/ 2 );\"><div class=\"fusion-layout-column fusion_builder_column fusion-builder-column-0 fusion_builder_column_1_1 1_1 fusion-flex-column\" style=\"--awb-bg-size:cover;--awb-width-large:100%;--awb-margin-top-large:0px;--awb-spacing-right-large:1.92%;--awb-margin-bottom-large:0px;--awb-spacing-left-large:1.92%;--awb-width-medium:100%;--awb-spacing-right-medium:1.92%;--awb-spacing-left-medium:1.92%;--awb-width-small:100%;--awb-spacing-right-small:1.92%;--awb-spacing-left-small:1.92%;\"><div class=\"fusion-column-wrapper fusion-flex-justify-content-flex-start fusion-content-layout-column\"><div class=\"fusion-text fusion-text-1\"><p><em><span style=\"color: #33cccc;\">Escrito por: Noticias <\/span><\/em><em><span style=\"color: #33cccc;\">de Universo MOLA<\/span><\/em><\/p>\n<p><span style=\"font-weight: 400;\">Por Sandra Acosta, La Beltrana.<\/span><\/p>\n<p><b><i>RECOPILADO DEL SEMINARIO ACAD\u00c9MICO DE MODA SOSTENIBLE, BOGOT\u00c1, 2019.<\/i><\/b><\/p>\n<p><span style=\"font-weight: 400;\">La Beltrana particip\u00f3 en el 1er Seminario Acad\u00e9mico de Moda Sostenible, del 8 al 9 de agosto en Bogot\u00e1, como marca invitada dentro del panel de di\u00e1logo nuevas econom\u00edas y medio ambiente.\u00a0 A partir del conocimiento y experiencia de m\u00e1s de 20 a\u00f1os, de los cuales gran parte en el sector de inclusi\u00f3n social,\u00a0 M\u00e1ster en sistemas de Gesti\u00f3n de Calidad y Medio Ambiente, especializada en RSE, formada en Econom\u00eda Circular y Estrategia Alineadas a los Objetivos de Desarrollo Sostenibles, y certificada en Moda Sostenible, <\/span><b>Sandra Acosta actualmente es la fundadora y Gerente Social del emprendimiento La Beltrana, laboratorio de ideas enfocadas a soluciones basadas en la TRANSFORMACI\u00d3N DE RESIDUALES TEXTILES<\/b><span style=\"font-weight: 400;\"> generados en la industria textil, en las empresas e instituciones; con el objetivo de darles un nuevo ciclo de vida a estos materiales, para disminuir su impacto medio ambiental.<\/span><\/p>\n<p><span style=\"font-weight: 400;\">En <\/span><b>La B<\/b><span style=\"font-weight: 400;\">eltrana apostamos por la <\/span><b>RECUPERACI\u00d3N<\/b><span style=\"font-weight: 400;\"> de estos residuales, convirti\u00e9ndoles en elementos de entrada en <\/span><b>modelos de negocios inclusivos de la Econom\u00eda Circular.<\/b><span style=\"font-weight: 400;\">\u00a0<\/span><\/p>\n<p><span style=\"font-weight: 400;\">Y en nuestros procesos de elaboraci\u00f3n <\/span><b>VINCULAMOS<\/b> <b>a colectivos vulnerables en riesgo de exclusi\u00f3n laboral<\/b><span style=\"font-weight: 400;\">, al d\u00eda de hoy nuestras protagonistas son MUJERES DESPLAZADAS VICTIMAS DE CONCLICTO ARMADO<\/span><\/p>\n<p><img decoding=\"async\" class=\"alignnone size-full wp-image-5576 lazyload\" data-src=\"http:\/\/desarrollosdeprueba.xyz\/universo_mola\/wp-content\/uploads\/2021\/08\/Captura229.png\" alt=\"\" width=\"562\" height=\"373\" data-srcset=\"https:\/\/universomola.com\/wp-content\/uploads\/2021\/08\/Captura229-200x133.png 200w, https:\/\/universomola.com\/wp-content\/uploads\/2021\/08\/Captura229-300x199.png 300w, https:\/\/universomola.com\/wp-content\/uploads\/2021\/08\/Captura229-400x265.png 400w, https:\/\/universomola.com\/wp-content\/uploads\/2021\/08\/Captura229-500x332.png 500w, https:\/\/universomola.com\/wp-content\/uploads\/2021\/08\/Captura229.png 562w\" data-sizes=\"(max-width: 562px) 100vw, 562px\" src=\"data:image\/svg+xml;base64,PHN2ZyB3aWR0aD0iMSIgaGVpZ2h0PSIxIiB4bWxucz0iaHR0cDovL3d3dy53My5vcmcvMjAwMC9zdmciPjwvc3ZnPg==\" style=\"--smush-placeholder-width: 562px; --smush-placeholder-aspect-ratio: 562\/373;\" \/><\/p>\n<p><span style=\"font-weight: 400;\">Nacemos a finales del 2017, motivados por 2 necesidades que se vuelven oportunidades de vida:\u00a0<\/span><\/p>\n<ul>\n<li style=\"font-weight: 400;\" aria-level=\"1\"><span style=\"font-weight: 400;\">\u00bfQu\u00e9 hacer con los materiales textiles en desuso o restantes que actualmente son convertidos en basura o incinerados en vez de ser reutilizados?<\/span><\/li>\n<li style=\"font-weight: 400;\" aria-level=\"1\"><span style=\"font-weight: 400;\">\u00bfC\u00f3mo crear oportunidades de trabajo, a colectivos vulnerables en riesgo de exclusi\u00f3n laboral?<\/span><\/li>\n<\/ul>\n<p><span style=\"font-weight: 400;\">Nuestros valores est\u00e1n basados en <\/span><b>CONECTAR a las personas con la comunidad y con el medio ambiente, RETORNAR a lo b\u00e1sico, recuperar, sanar y reparar es sencillo y natural; y \u201cDESPACIAR\u201d Consumo y producci\u00f3n lentos.<\/b><\/p>\n<p><img decoding=\"async\" class=\"alignnone size-full wp-image-5578 lazyload\" data-src=\"http:\/\/desarrollosdeprueba.xyz\/universo_mola\/wp-content\/uploads\/2021\/08\/Captura230.png\" alt=\"\" width=\"246\" height=\"307\" data-srcset=\"https:\/\/universomola.com\/wp-content\/uploads\/2021\/08\/Captura230-200x250.png 200w, https:\/\/universomola.com\/wp-content\/uploads\/2021\/08\/Captura230-240x300.png 240w, https:\/\/universomola.com\/wp-content\/uploads\/2021\/08\/Captura230.png 246w\" data-sizes=\"(max-width: 246px) 100vw, 246px\" src=\"data:image\/svg+xml;base64,PHN2ZyB3aWR0aD0iMSIgaGVpZ2h0PSIxIiB4bWxucz0iaHR0cDovL3d3dy53My5vcmcvMjAwMC9zdmciPjwvc3ZnPg==\" style=\"--smush-placeholder-width: 246px; --smush-placeholder-aspect-ratio: 246\/307;\" \/><\/p>\n<p><b>La B<\/b><span style=\"font-weight: 400;\">eltrana cuida sus procesos de transformaci\u00f3n en los modos de fabricaci\u00f3n, evitando desperdicio desde la concepci\u00f3n de la idea y usos limitados de recursos como agua y electricidad, nuestros empaques son austeros, nuestra log\u00edstica de entrega est\u00e1 con baja huella de carbono, promoviendo producciones m\u00e1s peque\u00f1as, pero m\u00e1s flexibles, valorando a las personas que trabajan en la cadena proporcionando condiciones laborales basados en<\/span><b> Comercio Justo<\/b><span style=\"font-weight: 400;\">; cuidamos la relaci\u00f3n con los aliados y clientes, basados en una comunicaci\u00f3n clara y cercana.\u00a0<\/span><\/p>\n<p><span style=\"font-weight: 400;\">Invitamos a la participaci\u00f3n dentro de modelos circulares a otras iniciativas, al gobierno, la academia, entidades o la misma empresa ordinaria, con un sentido compartido,\u00a0 lo cual es la fuerza que potencia el cumplimiento de metas integradas sin perder la caracter\u00edstica individual o propia de cada uno de estos; generando la conjunci\u00f3n de diversas capacidades y conocimientos como hondas de expansi\u00f3n hacia estilos de vidas m\u00e1s conscientes con el medio ambiente y la comunidad,\u00a0 alineados a los Objetivos de desarrollo Sostenibles, en el caso puntual de <\/span><b>La B<\/b><span style=\"font-weight: 400;\">eltrana, que apuesta a un consumo y una producci\u00f3n responsable ODS12.<\/span><\/p>\n<\/div><\/div><\/div><\/div><\/div>","protected":false},"excerpt":{"rendered":"<p>Lorem ipsum dolor sit amet, consectetur adipiscing elit. Nam pharetra dictum eleifend. Sed posuere magna at luctus pretium. Aliquam ligula sem, aliquet sit amet nisi ac, dignissim porta ipsum.<\/p>","protected":false},"author":9,"featured_media":5575,"comment_status":"open","ping_status":"open","sticky":false,"template":"","format":"standard","meta":{"_monsterinsights_skip_tracking":false,"_monsterinsights_sitenote_active":false,"_monsterinsights_sitenote_note":"","_monsterinsights_sitenote_category":0,"footnotes":""},"categories":[40],"tags":[93,89,48,92,47,96,88],"class_list":["post-5574","post","type-post","status-publish","format-standard","has-post-thumbnail","hentry","category-blog","tag-disenadores-sostenibles","tag-moda-etica","tag-moda-latina","tag-moda-latinoamericana","tag-moda-sostenible","tag-moda-sustentable","tag-universo-mola"],"_links":{"self":[{"href":"https:\/\/universomola.com\/en\/wp-json\/wp\/v2\/posts\/5574","targetHints":{"allow":["GET"]}}],"collection":[{"href":"https:\/\/universomola.com\/en\/wp-json\/wp\/v2\/posts"}],"about":[{"href":"https:\/\/universomola.com\/en\/wp-json\/wp\/v2\/types\/post"}],"author":[{"embeddable":true,"href":"https:\/\/universomola.com\/en\/wp-json\/wp\/v2\/users\/9"}],"replies":[{"embeddable":true,"href":"https:\/\/universomola.com\/en\/wp-json\/wp\/v2\/comments?post=5574"}],"version-history":[{"count":1,"href":"https:\/\/universomola.com\/en\/wp-json\/wp\/v2\/posts\/5574\/revisions"}],"predecessor-version":[{"id":5581,"href":"https:\/\/universomola.com\/en\/wp-json\/wp\/v2\/posts\/5574\/revisions\/5581"}],"wp:featuredmedia":[{"embeddable":true,"href":"https:\/\/universomola.com\/en\/wp-json\/wp\/v2\/media\/5575"}],"wp:attachment":[{"href":"https:\/\/universomola.com\/en\/wp-json\/wp\/v2\/media?parent=5574"}],"wp:term":[{"taxonomy":"category","embeddable":true,"href":"https:\/\/universomola.com\/en\/wp-json\/wp\/v2\/categories?post=5574"},{"taxonomy":"post_tag","embeddable":true,"href":"https:\/\/universomola.com\/en\/wp-json\/wp\/v2\/tags?post=5574"}],"curies":[{"name":"wp","href":"https:\/\/api.w.org\/{rel}","templated":true}]}}