{"id":5585,"date":"2020-09-14T19:22:03","date_gmt":"2020-09-14T22:22:03","guid":{"rendered":"http:\/\/desarrollosdeprueba.xyz\/universo_mola\/?p=5585"},"modified":"2021-08-08T19:26:12","modified_gmt":"2021-08-08T22:26:12","slug":"que-has-tocado-hoy","status":"publish","type":"post","link":"https:\/\/universomola.com\/en\/que-has-tocado-hoy\/","title":{"rendered":"\u00bfQU\u00c9 HAS TOCADO HOY?"},"content":{"rendered":"<div class=\"fusion-fullwidth fullwidth-box fusion-builder-row-1 fusion-flex-container nonhundred-percent-fullwidth non-hundred-percent-height-scrolling\" style=\"--awb-border-radius-top-left:0px;--awb-border-radius-top-right:0px;--awb-border-radius-bottom-right:0px;--awb-border-radius-bottom-left:0px;--awb-flex-wrap:wrap;\" ><div class=\"fusion-builder-row fusion-row fusion-flex-align-items-flex-start fusion-flex-content-wrap\" style=\"max-width:1248px;margin-left: calc(-4% \/ 2 );margin-right: calc(-4% \/ 2 );\"><div class=\"fusion-layout-column fusion_builder_column fusion-builder-column-0 fusion_builder_column_1_1 1_1 fusion-flex-column\" style=\"--awb-bg-size:cover;--awb-width-large:100%;--awb-margin-top-large:0px;--awb-spacing-right-large:1.92%;--awb-margin-bottom-large:0px;--awb-spacing-left-large:1.92%;--awb-width-medium:100%;--awb-spacing-right-medium:1.92%;--awb-spacing-left-medium:1.92%;--awb-width-small:100%;--awb-spacing-right-small:1.92%;--awb-spacing-left-small:1.92%;\"><div class=\"fusion-column-wrapper fusion-flex-justify-content-flex-start fusion-content-layout-column\"><div class=\"fusion-text fusion-text-1\"><\/div><div class=\"fusion-text fusion-text-2\"><p><span style=\"color: #33cccc;\"><i><span style=\"font-weight: 400;\">Por Ingra Lopes, VOZ MOLA Brasil\u00a0 \/ Imagen portada: cortes\u00eda <\/span><\/i><a style=\"color: #33cccc;\" href=\"https:\/\/www.instagram.com\/garciabello_\/\"><i><span style=\"font-weight: 400;\">Garciabello<\/span><\/i><\/a><i><span style=\"font-weight: 400;\">.<\/span><\/i><\/span><\/p>\n<p style=\"text-align: center;\"><b>Quais foram as coisas que voc\u00ea tocou hoje?<\/b><b> \/\/ \u00bfQu\u00e9 has tocado hoy?<\/b><\/p>\n<p><b><i>Tudo aquilo que estimula nossos sentidos nos afeta de alguma maneira.<\/i><\/b><i><span style=\"font-weight: 400;\"> Conseguimos perceber isso facilmente se pensarmos nos est\u00edmulos visuais ou sonoros, em como alguns tem poder de gerar emo\u00e7\u00f5es diversas. Mas e o tato? Tocamos coisas frias, r\u00edgidas, \u00e1speras, ou macias, quentes\u2026 Isso nos afeta tamb\u00e9m. O tato \u00e9 o primeiro sentido desenvolvido no feto, \u00e9 o sentido que nos traz as sensa\u00e7\u00f5es e mem\u00f3rias mais primitivas de nossa exist\u00eancia.<\/span><\/i><\/p>\n<p><span style=\"color: #999999;\"><b>Todo lo que estimula nuestros sentidos nos afecta de alguna manera.<\/b><span style=\"font-weight: 400;\"> Podemos ver esto f\u00e1cilmente si pensamos en est\u00edmulos visuales o sonoros, c\u00f3mo algunos tienen el poder de generar diferentes emociones. Pero \u00bfy el tacto? Tocamos cosas fr\u00edas, duras, \u00e1speras, blandas, calientes &#8230; Eso tambi\u00e9n nos afecta. El tacto es el primer sentido desarrollado en el feto, es el sentido que nos trae las sensaciones y recuerdos m\u00e1s primitivos de nuestra existencia.<\/span><\/span><\/p>\n<p><i><span style=\"font-weight: 400;\">Indo um pouco mais al\u00e9m, <\/span><\/i><b><i>j\u00e1 parou pra pensar que desde o primeiro dia de nossas vidas, talvez antes mesmo de tocar a pele dos nossos pais, nossa pele esteve envolta em tecidos?<\/i><\/b><i><span style=\"font-weight: 400;\"> Nosso maior \u00f3rg\u00e3o, a pele, teve, em todo o seu percurso, grande parte de sua experi\u00eancia sensorial pautada pelo toque dos diferentes tecidos e fibras, e ainda assim, os tecidos s\u00e3o muitas vezes renegados a um status de objeto secund\u00e1rio em nossas vidas. Mas a verdade \u00e9 que ele \u00e9 das coisas mais ancestrais j\u00e1 criadas: por algum motivo decidimos criar essa esp\u00e9cie de segunda pele e com ela continuamos, ap\u00f3s mil\u00eanios.\u00a0<\/span><\/i><\/p>\n<p><span style=\"color: #999999;\"><span style=\"font-weight: 400;\">Adem\u00e1s, <\/span><b>\u00bfalguna vez te has parado a pensar que desde el primer d\u00eda de nuestra vida, quiz\u00e1s incluso antes de tocar la piel de nuestros padres, nuestra piel estaba envuelta en telas?<\/b><span style=\"font-weight: 400;\"> Nuestro \u00f3rgano m\u00e1s grande, la piel, tuvo, a lo largo de su curso, gran parte de su experiencia sensorial guiada por el tacto de diferentes tejidos y fibras y, sin embargo, los tejidos a menudo son renegados del estatus de objeto secundario en nuestras vidas. Pero lo cierto es que es una de las cosas m\u00e1s ancestrales jam\u00e1s creadas: por alguna raz\u00f3n decidimos crear este tipo de segunda piel y continuar con ella, despu\u00e9s de milenios.<\/span><\/span><\/p>\n<p><b><i>Trazer de volta um olhar mais atento aos materiais que nos adornam \u00e9 uma chance de nos redescobrirmos atrav\u00e9s dos nossos sentidos mais primitivos.<\/i><\/b><i><span style=\"font-weight: 400;\"> Tocar mat\u00e9rias primas naturais e sustent\u00e1veis, \u00e9 tamb\u00e9m reacostumar os sentidos \u00e0 natureza. Que tal nos permitirmos sair um pouco do estigma de que determinados materiais servem apenas para determinadas finalidades e olhar para toda a mat\u00e9ria que cerca nossos corpos \u2013 e tamb\u00e9m para os nossos pr\u00f3prios corpos \u2013 como possibilidades abertas, de novas reflex\u00f5es, de novas percep\u00e7\u00f5es, de uma viv\u00eancia constantemente criativa?<\/span><\/i><\/p>\n<p><span style=\"color: #999999;\"><b>Recuperar una mirada m\u00e1s cercana a los materiales que nos adornan es una oportunidad para redescubrirnos a trav\u00e9s de nuestros sentidos m\u00e1s primitivos.<\/b><span style=\"font-weight: 400;\"> Tocar materias primas naturales y sostenibles es tambi\u00e9n volver a acostumbrar los sentidos a la naturaleza. \u00bfQu\u00e9 tal si nos permitimos salirnos del estigma de que ciertos materiales sirven solo para ciertos fines y mirar toda la materia que rodea nuestro cuerpo &#8211;y tambi\u00e9n nuestro propio cuerpo&#8211; como posibilidades abiertas, de nuevos reflejos, de nuevas percepciones, de una experiencia constantemente creativa?<\/span><\/span><\/p>\n<p><i><span style=\"font-weight: 400;\">Com isso, deixo a provoca\u00e7\u00e3o: <\/span><\/i><b><i>as roupas que voc\u00ea veste te trazem conforto e acolhimento ou te apertam e tem uma textura estranha?<\/i><\/b><i><span style=\"font-weight: 400;\"> Quais s\u00e3o os momentos em que me sinto precisando de texturas mais suaves e em quais preciso de mais rigidez? E como \u00e9 tocar a natureza? Com o que ou quem voc\u00ea se conecta diariamente?<\/span><\/i><\/p>\n<p><span style=\"color: #999999;\"><b>Con eso, dejo la pregunta: \u00bfla ropa que llevas te aporta comodidad y calidez o te aprieta y tiene una textura extra\u00f1a? \u00bfCu\u00e1les son los momentos en los que siento que necesito texturas m\u00e1s suaves y cu\u00e1ndo necesito m\u00e1s rigidez? \u00bfY c\u00f3mo es tocar la naturaleza? \u00bfCon qu\u00e9 o con qui\u00e9n te conectas a diario?<\/b><\/span><\/p>\n<p><span style=\"font-weight: 400;\">\u00a0<\/span><\/p>\n<p><i><span style=\"font-weight: 400;\">Tecel\u00e3, pesquisadora t\u00eaxtil e criadora da P\u00e9plos, uma marca de mantos artesanais, que nasceu em 2017, em S\u00e3o Paulo, Brasil, inspirada pelas formas ancestrais de vestir e das t\u00e9cnicas de tecelagem utilizadas para esse fim. A palavra grega \u2018P\u00e9plos\u2019 remonta aos antigos mantos cerimoniais que eram tecidos por meses, geralmente por mulheres, e, depois de finalizados, oferecidos \u00e0s imagens das deusas cultuadas na Gr\u00e9cia Antiga.<\/span><\/i><a href=\"https:\/\/www.instagram.com\/peplos_\/?hl=pt-br\"> <i><span style=\"font-weight: 400;\">https:\/\/www.instagram.com\/peplos_\/?hl=pt-br<\/span><\/i><\/a><\/p>\n<p><i><span style=\"font-weight: 400;\">Paulista de 26 anos de idade e \u00e9 formada em Ci\u00eancias e Humanidades pela Universidade Federal do ABC, tendo feito diversos cursos t\u00e9cnicos e livres na \u00e1rea de Moda em institui\u00e7\u00f5es como o SENAI-SP e a Escola S\u00e3o Paulo. Na fase inicial de sua pesquisa na \u00e1rea de moda, por volta de 2013, teve seu primeiro contato com tingimento natural, e posteriormente, em 2015, fez seu primeiro curso de tecelagem manual em tear de pente li\u00e7o. A paix\u00e3o pelo fazer manual cresceu cada vez mais e em 2017, criou a P\u00e9plos para transformar a inspira\u00e7\u00e3o em fazer pr\u00e1tico. Em 2018 fez uma imers\u00e3o em tecelagem em tear de cintura e tear mapuche no Chile, aprofundando seu repert\u00f3rio sobre trabalhos manuais artesanais de povos tradicionais latinoamericanos. Seu principal interesse e tema de pesquisa atualmente \u00e9 a rela\u00e7\u00e3o do ser humano com o fazer e vestir t\u00eaxtil, suas percep\u00e7\u00f5es sensoriais, e a influ\u00eancia dos t\u00eaxteis e do trabalho manual em si no pensamento\/ conhecimento\/ sentimento de mundo. \u00c9 particularmente influenciada pela corrente do ecofeminismo e pelas filosofias latinoamericanas que falam sobre a descoloniza\u00e7\u00e3o do pensamento e do viver.<\/span><\/i><\/p>\n<p><i><span style=\"font-weight: 400;\">Tejelana, investigadora textil y creadora de P\u00e9plos, una marca de mantos hechos a mano, que naci\u00f3 en 2017, en S\u00e3o Paulo, Brasil, inspirada en las antiguas formas de vestir y las t\u00e9cnicas de tejeduria utilizadas para este prop\u00f3sito. La palabra griega &#8216;P\u00e9plos&#8217; se remonta a las antiguas t\u00fanicas ceremoniales que eran tejidas durante meses, generalmente por mujeres, y, una vez terminadas, ofrecidas a las im\u00e1genes de las diosas adoradas en la antigua Grecia.<\/span><\/i><a href=\"https:\/\/www.instagram.com\/peplos_\/?hl=en\"><i><span style=\"font-weight: 400;\"> https:\/\/www.instagram.com\/peplos_\/?hl=en<\/span><\/i><\/a><\/p>\n<p><i><span style=\"font-weight: 400;\">Paulista, de 26 a\u00f1os y graduada en Ciencias y Humanidades por la Universidad Federal de ABC, ha tomado varios cursos t\u00e9cnicos en el \u00e1rea de Moda en instituciones como SENAI-SP y Escola S\u00e3o Paulo. En la fase inicial de su investigaci\u00f3n en el \u00e1rea de la moda, alrededor de 2013, tuvo su primer contacto con el te\u00f1ido natural, y m\u00e1s tarde, en 2015, tom\u00f3 su primer curso de tejido manual en telar de peine. La pasi\u00f3n por las artes manuales creci\u00f3 m\u00e1s y m\u00e1s y en 2017, cre\u00f3 P\u00e9plos para transformar la inspiraci\u00f3n en pr\u00e1ctica. En 2018, tom\u00f3 clases de telar de cintura y telar mapuche en Chile, profundizando su repertorio en artesan\u00edas tradicionales latinoamericanas. Su principal inter\u00e9s y tema de investigaci\u00f3n hoy en d\u00eda es la relaci\u00f3n entre los seres humanos y la fabricaci\u00f3n y el uso de textiles, sus percepciones sensoriales y la influencia de los textiles y el trabajo manual en s\u00ed mismo para pensar \/ conocer \/ sentir el mundo. Es particularmente influenciada por la corriente del ecofeminismo y por las filosof\u00edas latinoamericanas que hablan sobre la descolonizaci\u00f3n del pensamiento y la vida.<\/span><\/i><\/p>\n<\/div><\/div><\/div><\/div><\/div>","protected":false},"excerpt":{"rendered":"<p>Lorem ipsum dolor sit amet, consectetur adipiscing elit. Nam pharetra dictum eleifend. Sed posuere magna at luctus pretium. Aliquam ligula sem, aliquet sit amet nisi ac, dignissim porta ipsum.<\/p>","protected":false},"author":9,"featured_media":5593,"comment_status":"open","ping_status":"open","sticky":false,"template":"","format":"standard","meta":{"_monsterinsights_skip_tracking":false,"_monsterinsights_sitenote_active":false,"_monsterinsights_sitenote_note":"","_monsterinsights_sitenote_category":0,"footnotes":""},"categories":[40],"tags":[93,91,89,48,92,47,96,90,88],"class_list":["post-5585","post","type-post","status-publish","format-standard","has-post-thumbnail","hentry","category-blog","tag-disenadores-sostenibles","tag-ethical-fashion","tag-moda-etica","tag-moda-latina","tag-moda-latinoamericana","tag-moda-sostenible","tag-moda-sustentable","tag-sustainable","tag-universo-mola"],"_links":{"self":[{"href":"https:\/\/universomola.com\/en\/wp-json\/wp\/v2\/posts\/5585","targetHints":{"allow":["GET"]}}],"collection":[{"href":"https:\/\/universomola.com\/en\/wp-json\/wp\/v2\/posts"}],"about":[{"href":"https:\/\/universomola.com\/en\/wp-json\/wp\/v2\/types\/post"}],"author":[{"embeddable":true,"href":"https:\/\/universomola.com\/en\/wp-json\/wp\/v2\/users\/9"}],"replies":[{"embeddable":true,"href":"https:\/\/universomola.com\/en\/wp-json\/wp\/v2\/comments?post=5585"}],"version-history":[{"count":1,"href":"https:\/\/universomola.com\/en\/wp-json\/wp\/v2\/posts\/5585\/revisions"}],"predecessor-version":[{"id":5594,"href":"https:\/\/universomola.com\/en\/wp-json\/wp\/v2\/posts\/5585\/revisions\/5594"}],"wp:featuredmedia":[{"embeddable":true,"href":"https:\/\/universomola.com\/en\/wp-json\/wp\/v2\/media\/5593"}],"wp:attachment":[{"href":"https:\/\/universomola.com\/en\/wp-json\/wp\/v2\/media?parent=5585"}],"wp:term":[{"taxonomy":"category","embeddable":true,"href":"https:\/\/universomola.com\/en\/wp-json\/wp\/v2\/categories?post=5585"},{"taxonomy":"post_tag","embeddable":true,"href":"https:\/\/universomola.com\/en\/wp-json\/wp\/v2\/tags?post=5585"}],"curies":[{"name":"wp","href":"https:\/\/api.w.org\/{rel}","templated":true}]}}