{"id":5586,"date":"2019-10-08T19:22:13","date_gmt":"2019-10-08T22:22:13","guid":{"rendered":"http:\/\/desarrollosdeprueba.xyz\/universo_mola\/?p=5586"},"modified":"2021-08-08T19:29:19","modified_gmt":"2021-08-08T22:29:19","slug":"tarpui-sembrar-moda-sostenible","status":"publish","type":"post","link":"https:\/\/universomola.com\/en\/tarpui-sembrar-moda-sostenible\/","title":{"rendered":"TARPUI &#8211; SEMBRAR MODA SOSTENIBLE"},"content":{"rendered":"<div class=\"fusion-fullwidth fullwidth-box fusion-builder-row-1 fusion-flex-container nonhundred-percent-fullwidth non-hundred-percent-height-scrolling\" style=\"--awb-border-radius-top-left:0px;--awb-border-radius-top-right:0px;--awb-border-radius-bottom-right:0px;--awb-border-radius-bottom-left:0px;--awb-flex-wrap:wrap;\" ><div class=\"fusion-builder-row fusion-row fusion-flex-align-items-flex-start fusion-flex-content-wrap\" style=\"max-width:1248px;margin-left: calc(-4% \/ 2 );margin-right: calc(-4% \/ 2 );\"><div class=\"fusion-layout-column fusion_builder_column fusion-builder-column-0 fusion_builder_column_1_1 1_1 fusion-flex-column\" style=\"--awb-bg-size:cover;--awb-width-large:100%;--awb-margin-top-large:0px;--awb-spacing-right-large:1.92%;--awb-margin-bottom-large:0px;--awb-spacing-left-large:1.92%;--awb-width-medium:100%;--awb-spacing-right-medium:1.92%;--awb-spacing-left-medium:1.92%;--awb-width-small:100%;--awb-spacing-right-small:1.92%;--awb-spacing-left-small:1.92%;\"><div class=\"fusion-column-wrapper fusion-flex-justify-content-flex-start fusion-content-layout-column\"><div class=\"fusion-text fusion-text-1\"><p><em><span style=\"color: #33cccc;\">Escrito por: Noticias <\/span><\/em><em><span style=\"color: #33cccc;\">de Universo MOLA<\/span><\/em><\/p>\n<p><span style=\"font-weight: 400;\">Por Lina Bermeo, Tarpui.<\/span><\/p>\n<p><b><i>RECOPILADO DEL SEMINARIO ACAD\u00c9MICO DE MODA SOSTENIBLE, BOGOT\u00c1, 2019.<\/i><\/b><\/p>\n<p><b>El fen\u00f3meno del fast fashion o moda r\u00e1pida:<\/b><\/p>\n<p><span style=\"font-weight: 400;\">El consumidor promedio no conoce o es indiferente a los segmentos que se generan y los juiciosos estudios que se hacen a cada uno de los comportamientos de compra, los cuales a nivel global han arrojado varios fen\u00f3menos entre ellos la democratizaci\u00f3n de la moda y el fast fashi\u00f3n que propende por la producci\u00f3n en serie y a bajo costo de prendas y accesorios, que si bien son accesibles, duran pocas semanas a las que sobrevienen\u00a0 nuevas colecciones de prendas una tras otra, pasando al olvido r\u00e1pidamente la anterior.\u00a0<\/span><\/p>\n<p><b>Algunas cifras de la moda r\u00e1pida<\/b><\/p>\n<ul>\n<li style=\"font-weight: 400;\" aria-level=\"1\"><span style=\"font-weight: 400;\">23 de abril de 2013. Complejo fabril Rana Plaza, en las afueras de Dhaka (Bangladesh)<\/span><\/li>\n<li style=\"font-weight: 400;\" aria-level=\"1\"><span style=\"font-weight: 400;\">Declarada por la ONU en 2018 como\u00a0 emergencia medio ambiental.<\/span><\/li>\n<li style=\"font-weight: 400;\" aria-level=\"1\"><span style=\"font-weight: 400;\">1.127 personas murieron y 2.437 heridos en el derrumbe de Rana Plaza en Bangladesh en 2013.<\/span><\/li>\n<li style=\"font-weight: 400;\" aria-level=\"1\"><span style=\"font-weight: 400;\">Segunda industria m\u00e1s contaminante despu\u00e9s de la petrolera.<\/span><\/li>\n<li style=\"font-weight: 400;\" aria-level=\"1\"><span style=\"font-weight: 400;\">150.000 millones de prendas se confeccionan al a\u00f1o.<\/span><\/li>\n<li style=\"font-weight: 400;\" aria-level=\"1\"><span style=\"font-weight: 400;\">12 horas diarias de trabajo cumplen sus confeccionistas.<\/span><\/li>\n<li style=\"font-weight: 400;\" aria-level=\"1\"><span style=\"font-weight: 400;\">1.5 toneladas de CO2 se emiten por cada hogar en procesos de lavado de las prendas.<\/span><\/li>\n<li style=\"font-weight: 400;\" aria-level=\"1\"><span style=\"font-weight: 400;\">20% emisiones de aguas residuales t\u00f3xicas que llegan a r\u00edos y mares.<\/span><\/li>\n<li style=\"font-weight: 400;\" aria-level=\"1\"><span style=\"font-weight: 400;\">1.400 camisetas son desechadas por minuto.<\/span><\/li>\n<li style=\"font-weight: 400;\" aria-level=\"1\"><span style=\"font-weight: 400;\">500 toneladas diarias de ropa son desechadas solo en Bogot\u00e1<\/span><\/li>\n<li style=\"font-weight: 400;\" aria-level=\"1\"><span style=\"font-weight: 400;\">2 mil toneladas de qu\u00edmicos son usados para procesos de tinci\u00f3n.<\/span><\/li>\n<li style=\"font-weight: 400;\" aria-level=\"1\"><span style=\"font-weight: 400;\">10% de emisiones de CO2 emite toda la cadena de producci\u00f3n de la moda r\u00e1pida; m\u00e1s que todos los vuelos y env\u00edos mar\u00edtimos a nivel global.<\/span><\/li>\n<li style=\"font-weight: 400;\" aria-level=\"1\"><span style=\"font-weight: 400;\">80 (USD) equivalentes a $264.000 pesos colombianos, es el salario mensual de quienes confeccionan moda r\u00e1pida en el Sudeste Asi\u00e1tico.<\/span><\/li>\n<li style=\"font-weight: 400;\" aria-level=\"1\"><span style=\"font-weight: 400;\">2.700 litros agua, equivalentes a 2.5 a\u00f1os de consumo de un humano, se usan en la producci\u00f3n de 1 camiseta de algod\u00f3n.<br \/>\n<\/span><span style=\"font-weight: 400;\">10.000 litros de agua por cada kilo de algod\u00f3n se usan para la producci\u00f3n de 1 solo jean.<\/span><\/li>\n<\/ul>\n<p><img decoding=\"async\" class=\"alignnone size-full wp-image-5591 lazyload\" data-src=\"http:\/\/desarrollosdeprueba.xyz\/universo_mola\/wp-content\/uploads\/2021\/08\/Captura232.png\" alt=\"\" width=\"559\" height=\"315\" data-srcset=\"https:\/\/universomola.com\/wp-content\/uploads\/2021\/08\/Captura232-200x113.png 200w, https:\/\/universomola.com\/wp-content\/uploads\/2021\/08\/Captura232-300x169.png 300w, https:\/\/universomola.com\/wp-content\/uploads\/2021\/08\/Captura232-400x225.png 400w, https:\/\/universomola.com\/wp-content\/uploads\/2021\/08\/Captura232-500x282.png 500w, https:\/\/universomola.com\/wp-content\/uploads\/2021\/08\/Captura232.png 559w\" data-sizes=\"(max-width: 559px) 100vw, 559px\" src=\"data:image\/svg+xml;base64,PHN2ZyB3aWR0aD0iMSIgaGVpZ2h0PSIxIiB4bWxucz0iaHR0cDovL3d3dy53My5vcmcvMjAwMC9zdmciPjwvc3ZnPg==\" style=\"--smush-placeholder-width: 559px; --smush-placeholder-aspect-ratio: 559\/315;\" \/><\/p>\n<p><i><span style=\"font-weight: 400;\">(Cifras tomadas de: <\/span><\/i><span style=\"color: #999999;\"><a style=\"color: #999999;\" href=\"https:\/\/ilquartierevalencia.com\/coste-real-la-fast-fashion-te-lo-explicamos-paso-paso\/\"><i><span style=\"font-weight: 400;\">https:\/\/ilquartierevalencia.com\/coste-real-la-fast-fashion-te-lo-explicamos-paso-paso\/<\/span><\/i><\/a> <a style=\"color: #999999;\" href=\"https:\/\/www.elespectador.com\/noticias\/medio-ambiente\/industria-de-fast-fashion-esta-en-una-emergencia-ambiental-onu-articulo-74413)\"><i><span style=\"font-weight: 400;\">https:\/\/www.elespectador.com\/noticias\/medio-ambiente\/industria-de-fast-fashion-esta-en-una-emergencia-ambiental-onu-articulo-74413)<\/span><\/i><\/a> <a style=\"color: #999999;\" href=\"https:\/\/www.instagram.com\/larepublica_co\/\"><i><span style=\"font-weight: 400;\">@larepublica_co<\/span><\/i><\/a><\/span><\/p>\n<p><span style=\"color: #b32020;\"><b>Solo 6 de cada 100 Colombianos consume <\/b><b>Moda Sostenible<\/b><\/span><\/p>\n<p><img decoding=\"async\" class=\"alignnone size-full wp-image-5592 lazyload\" data-src=\"http:\/\/desarrollosdeprueba.xyz\/universo_mola\/wp-content\/uploads\/2021\/08\/Captura233.png\" alt=\"\" width=\"347\" height=\"226\" data-srcset=\"https:\/\/universomola.com\/wp-content\/uploads\/2021\/08\/Captura233-200x130.png 200w, https:\/\/universomola.com\/wp-content\/uploads\/2021\/08\/Captura233-300x195.png 300w, https:\/\/universomola.com\/wp-content\/uploads\/2021\/08\/Captura233.png 347w\" data-sizes=\"(max-width: 347px) 100vw, 347px\" src=\"data:image\/svg+xml;base64,PHN2ZyB3aWR0aD0iMSIgaGVpZ2h0PSIxIiB4bWxucz0iaHR0cDovL3d3dy53My5vcmcvMjAwMC9zdmciPjwvc3ZnPg==\" style=\"--smush-placeholder-width: 347px; --smush-placeholder-aspect-ratio: 347\/226;\" \/><\/p>\n<p><i><span style=\"font-weight: 400;\">Imagen tomada de: <\/span><\/i><span style=\"color: #999999;\"><a style=\"color: #999999;\" href=\"http:\/\/m.madaish.com\/imartinezcor\/el-marketing-en-moda-sostenible\"><i><span style=\"font-weight: 400;\">http:\/\/m.madaish.com\/imartinezcor\/el-marketing-en-moda-sostenible<\/span><\/i><\/a><\/span><\/p>\n<p><b>Desarrollo del emprendimiento<\/b><\/p>\n<p><span style=\"font-weight: 400;\">Los caminos y el andar son como los tejidos: entrelazados, horizontales, diagonales, verticales y cargados de historias.<\/span><\/p>\n<p><span style=\"font-weight: 400;\">Los inicios comerciales de la marca estuvieron encaminados hacia la alta moda, trajes hechos a la medida y el desarrollo de prendas con ocasi\u00f3n especial, lo que marc\u00f3 un impacto a nivel de t\u00e9cnica y trabajo a mano, inquietud con la que ya ven\u00eda Lina Bermeo la directora creativa de TARPUI.<\/span><\/p>\n<p><span style=\"font-weight: 400;\">La laboriosidad en cada pieza y tomando como base, el bordado, drapeado y corte de piezas \u00fanicas fueron las caracter\u00edsticas de casi 8 a\u00f1os de trabajo.\u00a0<\/span><\/p>\n<p><span style=\"font-weight: 400;\">\u00a0Hubo un punto de <\/span><b>encuentro entre moda y sostenibilidad<\/b><span style=\"font-weight: 400;\"> durante este trabajo, se decide hacer un alto en el camino e iniciar una introspecci\u00f3n que permite tomar otros caminos, m\u00e1s sintonizados con un sentir y b\u00fasqueda personal hacia una vida y consumo m\u00e1s natural, responsable.<\/span><\/p>\n<p><b>Introspecci\u00f3n-cohesi\u00f3n-Labor<\/b><\/p>\n<p><span style=\"font-weight: 400;\">Inicia un proceso de reconocimiento, identificar frente a las experiencias, recuerdos, valores y deseos, que pasi\u00f3n mueve el camino en adelante, all\u00ed se encuentran <\/span><b>el amor por el \u201chacer\u201d las artesan\u00edas, los oficios, la naturaleza, los textiles, los tintes naturales.<\/b><span style=\"font-weight: 400;\"> Todas estas convergencias es necesario empezar a conocerlas a fondo para poder hacer un proceso de introspecci\u00f3n que permita reconocer dentro de todo ese universo como puede cohesionarse con el dise\u00f1o y el vestuario y es en ese reconocer donde se puede empezar a colaborar con diferentes personas y comunidades para llevar a cabo nuevos proyectos, limitando claro est\u00e1 hasta donde puede ir el dise\u00f1o sin apropiaci\u00f3n de lo cultural o de un entorno especifico.\u00a0<\/span><\/p>\n<p><b>Encuentros maravillosos\u00a0<\/b><\/p>\n<p><span style=\"font-weight: 400;\">Iniciamos la b\u00fasqueda por los entornos m\u00e1s cercanos, Cundinamarca donde encontramos artesanas como Marcela, Do\u00f1a Flor, Do\u00f1a Martha y otras m\u00e1s dedicadas a la producci\u00f3n de lana y art\u00edculos con esta fibra que es permite ser hilada, cardada, tejida o fieltrada con innumerables posibilidades, pasamos por Boyac\u00e1 tierra de mantas donde la versatilidad en tejidos es asombrosa, el cedazo como cultura en Tota y donde la lana es la principal materia prima de sus piezas de artesan\u00eda para vestir.\u00a0<\/span><\/p>\n<p><img decoding=\"async\" class=\"alignnone size-full wp-image-5587 lazyload\" data-src=\"http:\/\/desarrollosdeprueba.xyz\/universo_mola\/wp-content\/uploads\/2021\/08\/Captura234.png\" alt=\"\" width=\"506\" height=\"264\" data-srcset=\"https:\/\/universomola.com\/wp-content\/uploads\/2021\/08\/Captura234-200x104.png 200w, https:\/\/universomola.com\/wp-content\/uploads\/2021\/08\/Captura234-300x157.png 300w, https:\/\/universomola.com\/wp-content\/uploads\/2021\/08\/Captura234-400x209.png 400w, https:\/\/universomola.com\/wp-content\/uploads\/2021\/08\/Captura234-500x261.png 500w, https:\/\/universomola.com\/wp-content\/uploads\/2021\/08\/Captura234.png 506w\" data-sizes=\"(max-width: 506px) 100vw, 506px\" src=\"data:image\/svg+xml;base64,PHN2ZyB3aWR0aD0iMSIgaGVpZ2h0PSIxIiB4bWxucz0iaHR0cDovL3d3dy53My5vcmcvMjAwMC9zdmciPjwvc3ZnPg==\" style=\"--smush-placeholder-width: 506px; --smush-placeholder-aspect-ratio: 506\/264;\" \/><\/p>\n<p><span style=\"font-weight: 400;\">Santander con su riqueza algodonera y en fique, preserva un trabajo precolombino pasamos por el museo del algod\u00f3n y encontramos mujeres maravillosas all\u00ed Do\u00f1a Graciaela, Martica y otras tantas, cada d\u00eda rescatan un oficio que va perdiendo vigencia pero que ellas pretender dejar legado a sus familiares y otras mujeres para que contin\u00faen la labor.\u00a0<\/span><\/p>\n<p><span style=\"font-weight: 400;\">\u00a0Risaralda con su trabajo maravilloso de la seda, desde el cultivo de la morera hasta el acabado de prendas que tienen un brillo especial y todo el amor de manos artesanas dedicadas a este tejido maravilloso, all\u00ed hay un trabajo importante ya que ti\u00f1en sus textiles con tintes qu\u00edmicos, donde podr\u00eda ser una excelente oportunidad para rescatar el te\u00f1ido con tinturas naturales que dar\u00edan un valor agregado al tejido artesanal.<\/span><\/p>\n<p><span style=\"font-weight: 400;\">En el Cesar Melvis y sus compa\u00f1eras artesanas , en la junta Don Javier y su grupo fiquero, en la Guajira artesanas excepcionales que trabajan el fique desde el cultivo del maguey penca proveniente de M\u00e9xico y culturas pre colombinas Aztecas, la cual conserva un mito de amores y odios entre dioses y sus hijos.<\/span><\/p>\n<p><span style=\"font-weight: 400;\">Esta fibra rustica pero noble al mismo tiempo tiene un gran potencial de trabajo a nivel textil, ya hay investigaciones que conocimos en el congreso de fibras naturales en San Gil donde la Universidad de Bucaramanga ha cottonizado la fibra para experimentar textiles similares al Jean, con un potencial incre\u00edble a nivel de sostenibilidad ambiental, econ\u00f3mica, social y cultural.<\/span><\/p>\n<p><span style=\"font-weight: 400;\">En las faldas de la Sierra Nevada maestras artesanas Kankuamas, entre ellas la maestra Aura Rosa, conservan sus tradiciones con la lana, el fique, los tejidos y las plantas, juntando estos elementos desarrollan productos y proyectos productivos que permiten un desarrollo de trabajo excepcional preservando tradiciones culturales de su zona.\u00a0\u00a0<\/span><\/p>\n<p><b>Manos a la obra.<\/b><\/p>\n<p><span style=\"font-weight: 400;\">Entendiendo un poco y decimos que un poco en el sentido de que el arte del trabajo a mano, la artesan\u00eda o los oficios en general, son diversos a lo largo y ancho del pa\u00eds, el recorrido ha sido m\u00ednimo con respecto a la cantidad de comunidades que existe en cada territorio nacional. Decidimos explorar individualmente algunas t\u00e9cnicas de tejidos para entender su composici\u00f3n y complejidad, no con el \u00e1nimo de hacer una representaci\u00f3n sino\u00a0 m\u00e1s bien con el \u00e1nimo de darle forma a un lienzo que aten\u00faa los pensamientos y ordena el caos de hilos, mara\u00f1as y saberes.<\/span><\/p>\n<p><span style=\"font-weight: 400;\">Participamos entonces en talleres de tejido en telar vertical y horizontal, talleres de fieltro de lana, talleres de tintes naturales vegetales y all\u00ed en los tintes nos hemos quedado, porque es un saber ancestral en el que convergen la bot\u00e1nica, la qu\u00edmica, la alquimia, la cosmogon\u00eda, la luna, la tierra y hasta el humor de quien extrae el color, este fue un encuentro fant\u00e1stico y es ahora uno de los caminos m\u00e1s buscados en este recorrido.<\/span><\/p>\n<p><img decoding=\"async\" class=\"alignnone size-full wp-image-5588 lazyload\" data-src=\"http:\/\/desarrollosdeprueba.xyz\/universo_mola\/wp-content\/uploads\/2021\/08\/Captura235.png\" alt=\"\" width=\"353\" height=\"428\" data-srcset=\"https:\/\/universomola.com\/wp-content\/uploads\/2021\/08\/Captura235-200x242.png 200w, https:\/\/universomola.com\/wp-content\/uploads\/2021\/08\/Captura235-247x300.png 247w, https:\/\/universomola.com\/wp-content\/uploads\/2021\/08\/Captura235.png 353w\" data-sizes=\"(max-width: 353px) 100vw, 353px\" src=\"data:image\/svg+xml;base64,PHN2ZyB3aWR0aD0iMSIgaGVpZ2h0PSIxIiB4bWxucz0iaHR0cDovL3d3dy53My5vcmcvMjAwMC9zdmciPjwvc3ZnPg==\" style=\"--smush-placeholder-width: 353px; --smush-placeholder-aspect-ratio: 353\/428;\" \/><\/p>\n<p><b>T A R P U I<\/b><b>\u00a0 -\u201cSembrar\u201d en lengua Quechua<\/b><span style=\"font-weight: 400;\">, Tarpui, palabra de la comunidad Inga del valle de Sibundoy quienes comparten territorio con la comunidad Kamentsa . Este territorio sagrado, ind\u00edgena, ancestral, tiene un patrimonio cultural maravilloso, resguardan su seguridad alimentaria, sus tradiciones, culturales y artesanales.<\/span><\/p>\n<p><span style=\"font-weight: 400;\">Tomamos con mucho respeto de su lengua la palabra sembrar porque refiere al acto de dejar la semilla para cuidar y despu\u00e9s cosechar.\u00a0<\/span><\/p>\n<p><span style=\"font-weight: 400;\">Queremos sembrar, dejar la semilla de un recorrido muy \u00edntimo a nivel nacional, de encuentros maravillosos y aprendizajes que nos abren las puertas a m\u00e1s lugares por recorrer. Creemos que a trav\u00e9s de Tarpui podemos vivir y vestir sin apuro, m\u00e1s consciente, entendiendo que los oficios, la naturaleza y las fibras aqu\u00ed convergen.<\/span><\/p>\n<p><b>Manos a la obra.<\/b><\/p>\n<p><span style=\"font-weight: 400;\">Mujeres y hombres artesanos, dejando huella entre hilos,fibras, historias, mantas y colores.<\/span><\/p>\n<p><span style=\"font-weight: 400;\">Los procesos y las fibras que nos acompa\u00f1an:<\/span><\/p>\n<p><span style=\"font-weight: 400;\">El recorrido a trav\u00e9s de lugares e historias nos ha permitido entender la nobleza de cada material, como podemos adecuarlo a c\u00e1psulas de vestuario de moda sostenible que sean atemporales, unisex y vers\u00e1tiles, sin dejar a un lado el cuidado por quienes est\u00e1n detr\u00e1s desarroll\u00e1ndolos, el impacto medio ambiental y la raz\u00f3n de ser de que no es otra que vestir lento , vivir sin apuro.<\/span><\/p>\n<p><span style=\"font-weight: 400;\">Hemos desarrollado piezas \u00fanicas en seda de Risaralda, Lana de Boyac\u00e1 y Cundinamarca, Algod\u00f3n agroecol\u00f3gico de Santander, Accesorios en Fique de La Guajira y algunas otras piezas en textiles recuperados de fibras como algod\u00f3n y lino.\u00a0<\/span><\/p>\n<p><b>El proceso de color con materiales tint\u00f3reos se desarrolla bajo la premisa del cuidado del agua, intentamos en lo posible con aguas lluvias para lo que necesitamos un promedio de unos 5 a 8 litros de agua para 5 metros de textil para lavado, pre-mordentado, mordentado, cocci\u00f3n y tinci\u00f3n de las fibras, ahorrando al m\u00e1ximo en el proceso.<\/b><\/p>\n<p><span style=\"font-weight: 400;\">Los materiales tint\u00f3reos que usamos para dar color a los textiles son hojas ca\u00eddas y algunas verdes de especies recolectadas localmente, residuos org\u00e1nicos de cocina como aguacates, leguminosas y c\u00e1scaras de algunos alimentos.<\/span><\/p>\n<p><img decoding=\"async\" class=\"alignnone size-full wp-image-5589 lazyload\" data-src=\"http:\/\/desarrollosdeprueba.xyz\/universo_mola\/wp-content\/uploads\/2021\/08\/Captura236.png\" alt=\"\" width=\"454\" height=\"321\" data-srcset=\"https:\/\/universomola.com\/wp-content\/uploads\/2021\/08\/Captura236-200x141.png 200w, https:\/\/universomola.com\/wp-content\/uploads\/2021\/08\/Captura236-300x212.png 300w, https:\/\/universomola.com\/wp-content\/uploads\/2021\/08\/Captura236-400x283.png 400w, https:\/\/universomola.com\/wp-content\/uploads\/2021\/08\/Captura236.png 454w\" data-sizes=\"(max-width: 454px) 100vw, 454px\" src=\"data:image\/svg+xml;base64,PHN2ZyB3aWR0aD0iMSIgaGVpZ2h0PSIxIiB4bWxucz0iaHR0cDovL3d3dy53My5vcmcvMjAwMC9zdmciPjwvc3ZnPg==\" style=\"--smush-placeholder-width: 454px; --smush-placeholder-aspect-ratio: 454\/321;\" \/><\/p>\n<p><span style=\"font-weight: 400;\">Las tonalidades diversas de los , las modificamos con elementos naturales, como lim\u00f3n, vinagres, alumbres y hierros, los cuales permiten abarcar varias opciones para dar texturas y colores a los textiles.\u00a0<\/span><\/p>\n<p><span style=\"font-weight: 400;\">Llevamos un registro de cada proceso en tiempo, cantidad, color y referencia de cada experimentaci\u00f3n lo que permite no solo generar m\u00e1s conocimiento si no la oportunidad de compartirlo mediante talleres y documentos.<\/span><\/p>\n<p><b>TARPUI apuesta por la sustentabilidad, propone concienciar al sector moda, transformar sus impactos medio ambientales, culturales, sociales y \u00e9ticos<\/b><span style=\"font-weight: 400;\"> en una herramienta de cambio positivo hacia el consumo responsable de moda, sin embargo en el camino hemos comprendido que es necesario una compartir lo que hemos aprendido y a partir de eso hemos generado procesos interesantes de intercambio de informaci\u00f3n con otros proyectos similares y entendiendo que al compartir informaci\u00f3n, ampliamos nuestras redes, nuestro trabajo y hacemos extensiva la idea de sembrar nuevas semillas para un cambio significativo en la forma en la que vivimos, vestimos y nos relacionamos con nuestro entorno.<\/span><\/p>\n<\/div><\/div><\/div><\/div><\/div>","protected":false},"excerpt":{"rendered":"<p>Lorem ipsum dolor sit amet, consectetur adipiscing elit. Nam pharetra dictum eleifend. Sed posuere magna at luctus pretium. Aliquam ligula sem, aliquet sit amet nisi ac, dignissim porta ipsum.<\/p>","protected":false},"author":9,"featured_media":5590,"comment_status":"open","ping_status":"open","sticky":false,"template":"","format":"standard","meta":{"_monsterinsights_skip_tracking":false,"_monsterinsights_sitenote_active":false,"_monsterinsights_sitenote_note":"","_monsterinsights_sitenote_category":0,"footnotes":""},"categories":[40],"tags":[93,89,48,92,47,96,88],"class_list":["post-5586","post","type-post","status-publish","format-standard","has-post-thumbnail","hentry","category-blog","tag-disenadores-sostenibles","tag-moda-etica","tag-moda-latina","tag-moda-latinoamericana","tag-moda-sostenible","tag-moda-sustentable","tag-universo-mola"],"_links":{"self":[{"href":"https:\/\/universomola.com\/en\/wp-json\/wp\/v2\/posts\/5586","targetHints":{"allow":["GET"]}}],"collection":[{"href":"https:\/\/universomola.com\/en\/wp-json\/wp\/v2\/posts"}],"about":[{"href":"https:\/\/universomola.com\/en\/wp-json\/wp\/v2\/types\/post"}],"author":[{"embeddable":true,"href":"https:\/\/universomola.com\/en\/wp-json\/wp\/v2\/users\/9"}],"replies":[{"embeddable":true,"href":"https:\/\/universomola.com\/en\/wp-json\/wp\/v2\/comments?post=5586"}],"version-history":[{"count":1,"href":"https:\/\/universomola.com\/en\/wp-json\/wp\/v2\/posts\/5586\/revisions"}],"predecessor-version":[{"id":5598,"href":"https:\/\/universomola.com\/en\/wp-json\/wp\/v2\/posts\/5586\/revisions\/5598"}],"wp:featuredmedia":[{"embeddable":true,"href":"https:\/\/universomola.com\/en\/wp-json\/wp\/v2\/media\/5590"}],"wp:attachment":[{"href":"https:\/\/universomola.com\/en\/wp-json\/wp\/v2\/media?parent=5586"}],"wp:term":[{"taxonomy":"category","embeddable":true,"href":"https:\/\/universomola.com\/en\/wp-json\/wp\/v2\/categories?post=5586"},{"taxonomy":"post_tag","embeddable":true,"href":"https:\/\/universomola.com\/en\/wp-json\/wp\/v2\/tags?post=5586"}],"curies":[{"name":"wp","href":"https:\/\/api.w.org\/{rel}","templated":true}]}}