{"id":5599,"date":"2020-09-25T19:29:41","date_gmt":"2020-09-25T22:29:41","guid":{"rendered":"http:\/\/desarrollosdeprueba.xyz\/universo_mola\/?p=5599"},"modified":"2021-08-08T19:32:28","modified_gmt":"2021-08-08T22:32:28","slug":"de-america-latina-a-los-angeles","status":"publish","type":"post","link":"https:\/\/universomola.com\/en\/de-america-latina-a-los-angeles\/","title":{"rendered":"DE AM\u00c9RICA LATINA A LOS \u00c1NGELES"},"content":{"rendered":"<div class=\"fusion-fullwidth fullwidth-box fusion-builder-row-1 fusion-flex-container nonhundred-percent-fullwidth non-hundred-percent-height-scrolling\" style=\"--awb-border-radius-top-left:0px;--awb-border-radius-top-right:0px;--awb-border-radius-bottom-right:0px;--awb-border-radius-bottom-left:0px;--awb-flex-wrap:wrap;\" ><div class=\"fusion-builder-row fusion-row fusion-flex-align-items-flex-start fusion-flex-content-wrap\" style=\"max-width:1248px;margin-left: calc(-4% \/ 2 );margin-right: calc(-4% \/ 2 );\"><div class=\"fusion-layout-column fusion_builder_column fusion-builder-column-0 fusion_builder_column_1_1 1_1 fusion-flex-column\" style=\"--awb-bg-size:cover;--awb-width-large:100%;--awb-margin-top-large:0px;--awb-spacing-right-large:1.92%;--awb-margin-bottom-large:0px;--awb-spacing-left-large:1.92%;--awb-width-medium:100%;--awb-spacing-right-medium:1.92%;--awb-spacing-left-medium:1.92%;--awb-width-small:100%;--awb-spacing-right-small:1.92%;--awb-spacing-left-small:1.92%;\"><div class=\"fusion-column-wrapper fusion-flex-justify-content-flex-start fusion-content-layout-column\"><div class=\"fusion-text fusion-text-1\"><\/div><div class=\"fusion-text fusion-text-2\"><p><em><span style=\"font-weight: 400; color: #33cccc;\">Por Andrea de Iacovo, Voz del #UniversoMOLA Argentina.\u00a0\u00a0<\/span><\/em><\/p>\n<p><span style=\"font-weight: 400;\">Conversamos con Denise,\u00a0 ella es Argentina y arribo de su natal Buenos Aires a California, est\u00e1 armando <\/span><span style=\"font-weight: 400;\">\u00a0<\/span><a href=\"http:\/\/www.harebellgroup.com\/\"><span style=\"font-weight: 400;\">Harebell Boutique<\/span><\/a><span style=\"font-weight: 400;\"> es una de las ramas de Harebell. La cual lanzara\u00a0 en diciembre , llevando dise\u00f1o Argentino y latinoamericano tambi\u00e9n nos va a sorprender con\u00a0 un packaging 100% compostable de la rama Harebell Pack.\u00a0<\/span><\/p>\n<p><span style=\"font-weight: 400;\">Denise se uni\u00f3 recientemente a la comunidad de Universo MOLA como Voz.<\/span><\/p>\n<p><b>Contanos qu\u00e9 te llev\u00f3 a\u00a0 abrir una tienda sustentable y c\u00f3mo fue tu selecci\u00f3n a la hora de elegir los dise\u00f1adores y proveedores para la misma.<\/b><\/p>\n<p><b>La sustentabilidad para m\u00ed es una forma de vida con la que me compromet\u00ed desde muy chica.<\/b><span style=\"font-weight: 400;\"> Iba a la escuela en la Ciudad de Buenos Aires, pero en vacaciones cambiaba de aire 100%. Pasaba todo el verano con mi familia en un rancho en las sierras de C\u00f3rdoba sin luz el\u00e9ctrica, sacando agua de pozo y lavando ropa en el arroyo. As\u00ed aprend\u00ed a vivir en el medio de la naturaleza y apreciar que el tiempo pase lento. Siempretuve una visi\u00f3n diferente con respecto a la sociedad de consumo.De adulta fue imposible no estar impregnada de esas experiencias y querer aportar mi grano de arena. Inicialmente, trabajando y colaborando en diferentes ONG&#8217;s de cuidado ambiental y sustentabilidad (Manos Verdes, Un \u00c1rbol para mi Vereda, entre otras). Y finalmente, con Harebell que tiene la visi\u00f3nde mejorar el mundo y las vidas de las personas. Siempre me gust\u00f3 hacer. Pero hacer con ese sabor de plus, hacer con un por qu\u00e9, que sea m\u00e1s fuerte que cualquier ma\u00f1ana con sue\u00f1o. <\/span><b>Y eso para mi es Harebell. Ayudar. Hacer mejor y diferente. Demostrar la importancia del trabajo bien hecho, con valores como paga justa, animales felices y vivos, tinturas naturales y tanto m\u00e1s. Revalorizar la pieza que consumo, porque lo vale. Y esperarla si es necesario por el mismo motivo. La web de Harebell Boutique va a tener un bot\u00f3n de pre-orden con ese objetivo. Que los clientes puedan comprar sin que est\u00e9 la pieza a\u00fan. Y que del mismo modo la esperen, \u00a1porque lo vale! Reeducar hacia el consumo de un producto que vale la pena esperar y cuidar para que dure es la clave.\u00a0<\/b><\/p>\n<p><span style=\"font-weight: 400;\">Eleg\u00ed diferentes dise\u00f1adorxs con unal\u00ednea de valores que coincide con la mia y, por ende, la de Harebell. Intent\u00e9 ser precisa con preguntas que aseguren una relaci\u00f3n duradera entre las marcas que represento y la Boutique. Cada decisi\u00f3n fue una apuesta, tanto a la empresa o dise\u00f1adxr como al producto. Por ejemplo, no quer\u00eda incluir prendas de origen animal. Finalmente, y despu\u00e9s de descubrir personas que trabajan de manera sostenible, con comunidades que respetan y cuidan a los animales, con paga justa en toda su cadena productiva, decid\u00ed incluir algunas marcas de lana. Trabajo tambi\u00e9n en algunos casos solamente con una l\u00ednea o un producto, ya que las otras l\u00edneas quiz\u00e1s no est\u00e1n alineadas a los valores de Harebell o no tienen manera de demostrar de d\u00f3nde viene el algod\u00f3n (por ejemplificar con algo claro). Hubo otros casos en los que no pudimos incluir la marca\/dise\u00f1ador en la Boutique y no descarto en un futuro poder trabajar con ellxs, la puerta est\u00e1 siempre abierta. Por ejemplo, si utilizaban cuero y est\u00e1n migrando hacia Pi\u00f1atex o eco-cuero de cactus.\u00a0 <\/span><b>La clave es saber siempre en qu\u00e9 lugar del gris uno quiere posicionarse. Para mi, el respeto y tener ese lugar gris en claro es lo que me fue guiando en la inclusi\u00f3n o no de ciertos productos. Ser flexible y permitirse cambiar de opini\u00f3n con humildad, aprendiendo y agradeciendo siempre.<\/b><\/p>\n<p><b>A diferencia de Argentina, \u00bfen California hay m\u00e1s potenciales consumidores a la hora de elegir vegano, sustentable y productos ecol\u00f3gicos?<\/b><\/p>\n<p><span style=\"font-weight: 400;\">Creo que en Argentina el mundo vegano es grande y creciente al igual que las pr\u00e1cticas sustentables.<\/span><b> La conciencia es elevada en todo mundo, incluida latinoam\u00e9rica y Argentina por supuesto.<\/b><span style=\"font-weight: 400;\"> Con respecto a tu pregunta puntualmente creo que Estados Unidos en general tiene un nivel de consumo enorme con lo bueno y lo malo que eso implica. La capacidad de compra y la cantidad que se compra en este pa\u00eds supera notablemente otras partes del mundo. Desde ese lado, es f\u00e1cil emprender y vender, ya que hay mucha demanda de todo siempre. Lo notable de California espec\u00edficamente es que el estilo de vida saludable est\u00e1 en todos los sectores. Es la meca si se quiere de la sustentabilidad en USA con medidas incluso gubernamentales (como la prohibici\u00f3n de bolsas o sorbetes de pl\u00e1stico) que ayudan a que esta transici\u00f3n hacia nuevas maneras de hacer sea m\u00e1s r\u00e1pida y f\u00e1cil.\u00a0<\/span><\/p>\n<p><b>\u00bfC\u00f3mo surge la idea de llevar dise\u00f1o Argentino, a diferencia de comercializar productos locales o ya instalados en tu mercado local?<\/b><\/p>\n<p><span style=\"font-weight: 400;\">Hice contacto con diferentes continentes, pero <\/span><b>confieso que el Directorio de Universo Mola me facilit\u00f3 esa b\u00fasqueda enormemente. \u00a1Fui tan feliz cuando lo encontr\u00e9!<\/b><span style=\"font-weight: 400;\"> En Harebell Boutique tengo dise\u00f1adores de Ecuador, Brasil, Chile, Uruguay y Colombia, pero de Argentina m\u00e1s. En la b\u00fasqueda de productos encontr\u00e9 mucha diversidad y cantidad de proyectos en la Argentina. Sinceramente se dio solo y no por una elecci\u00f3n expl\u00edcita.<\/span><\/p>\n<p><span style=\"font-weight: 400;\">Con respecto a la importaci\u00f3n de productos a Estados Unidos la verdad es que de primeras no ten\u00eda ninguna intenci\u00f3n de importar. Siempre apost\u00e9 a lo local e intentar reducir las huellas de carbono del traslado de materiales lo m\u00e1s posible, pero se fue dando de manera diferente a lo planeado. Como todo en la vida. En el trascurso de la toma de decisiones y de darle forma a la Boutique entend\u00ed que el impacto social ten\u00eda, para m\u00ed, casi igual valor que el medioambiental. Ayudar. Aportar mi granito de arena. Dar la posibilidad a tantxs dise\u00f1adorxs de participar con sus productos en este mercado. Generar oportunidades para todxs y efecto cascada.\u00a0<\/span><\/p>\n<p><b>Contanos un poco sobre tu relaci\u00f3n con la sustentabilidad y cuidado del medioambiente.<\/b><b>\u00a0<\/b><\/p>\n<p><span style=\"font-weight: 400;\">Tuve diferentes momentos como con toda relaci\u00f3n, fue mutando. Hubo momentos en mi vida en los que fui m\u00e1s hacia un extremo quiz\u00e1s, pero entend\u00ed que se necesita transitar el gris hasta llegar a destino. Sin perder de vista la urgencia de medidas y nuevas maneras de, pero flexibilizando para llegar.<\/span><b> Hoy siento que vale la pena hacer el esfuerzo y s\u00ed se puede mejorar el rumbo. Dejar un mundo mejor para las pr\u00f3ximas generaciones.<\/b><\/p>\n<p><span style=\"font-weight: 400;\">Creo que tener informaci\u00f3n es lo que va a hacer que esto funcione y por ello la pata educativa es clave. Informase con fuentes fiables y sacar las propias conclusiones que coincidan con el lugar en el que decida posicionarmedentro de la gran gama de grises que hay. <\/span><b>Si digo por ejemplo que \u00abno al pl\u00e1stico\u00bb ok, pero \u00bfqu\u00e9 tipo de pl\u00e1stico? \u00bfNuevo, reciclado, bio? \u00bfQu\u00e9 hacemos con el pl\u00e1stico que ya hay? Y as\u00ed. Preguntarse responsablemente y ser lo m\u00e1s flexibles que se pueda.<\/b><span style=\"font-weight: 400;\"> No ser esclavos de la informaci\u00f3n que tenemos y hacer lo que mejor en cada circunstancia. Personalmente eso hago: lo mejor que puedo. Y si en el pasado hice diferente, hice lo mejor que pude con la informaci\u00f3n que ten\u00eda en ese momento. Desde Harebell la informaci\u00f3n va a ser transparente y con un objetivo educacional claramente orientado a ayudar al consumidor a tomar decisiones de compras mejores. Entender el por qu\u00e9. Por qu\u00e9 s\u00ed y por qu\u00e9 no.<\/span><\/p>\n<p><b>Recientemente te uniste como Voz MOLA al movimiento internacional de moda sostenible latinoamericana; cont\u00e1nos c\u00f3mo sent\u00eds esta nueva experiencia.<\/b><\/p>\n<p><b>S\u00ed, estoy muy contenta por la alianza con Universo MOLA. Como te comentaba anteriormente, \u00a1estoy tan agradecida de haber encontrado el directorio!<\/b><span style=\"font-weight: 400;\"> Para mi, es una oportunidad y honor enormes ser vocera. Ya estuvimos pensando con Valen algunas opciones para trabajar en Estados Unidos con organismos, museos y eventos. Me interesa representar a MOLA en todos lo que pueda y seguir ayudando a que crezca la organizaci\u00f3n as\u00ed como sus proyectos. Tambi\u00e9n seguir completando el directorio y la pata MOLA Educa. La posibilidad de perfeccionarse con profesionales de todo el mundo a un precio accesible \u00a1me parece genial! Con la modalidad online se puede generar este tipo de intercambio y creo que MOLA lo aprovecha notablemente.\u00a0\u00a0<\/span><\/p>\n<p><b>Por \u00faltimo dejanos un ecotip para adoptar en el dia a dia, y algun otro proyecto que imagines concretar a futuro.<\/b><\/p>\n<p><span style=\"font-weight: 400;\">Lo mejor para mi siempre es pensar que menos es m\u00e1s. <\/span><b>No comprar tantos productos elegir uno bueno y ya \u00a1que dure!<\/b><span style=\"font-weight: 400;\"> Cuidar con peque\u00f1as decisiones diarias todo lo que pueda. Usar shampoo en barra, no usar pasta dental en pomo de pl\u00e1stico y as\u00ed. Son esas peque\u00f1as decisiones las que multiplicadas hacen la diferencia. \u00a1Cada granito de arena suma!\u00a0<\/span><\/p>\n<p><span style=\"font-weight: 400;\">Con respecto al futuro, \u00a1lo veo prominente! El a\u00f1o que viene quiero lanzar Harebell Homes y espero alg\u00fan d\u00eda (ojal\u00e1 simult\u00e1neo al lanzamiento de Homes) abrir un showroom en Los Angeles para mostrar todos los hermosos productos que tenemos. En ese evento me encantar\u00eda conocer personalmente a tantxs personas que por ahora vi solo c\u00e1mara mediante&#8230; entre lxs que te incluyo Andre. \u00a1Gracias!<\/span><\/p>\n<\/div><\/div><\/div><\/div><\/div>","protected":false},"excerpt":{"rendered":"<p>Lorem ipsum dolor sit amet, consectetur adipiscing elit. Nam pharetra dictum eleifend. Sed posuere magna at luctus pretium. Aliquam ligula sem, aliquet sit amet nisi ac, dignissim porta ipsum.<\/p>","protected":false},"author":9,"featured_media":5601,"comment_status":"open","ping_status":"open","sticky":false,"template":"","format":"standard","meta":{"_monsterinsights_skip_tracking":false,"_monsterinsights_sitenote_active":false,"_monsterinsights_sitenote_note":"","_monsterinsights_sitenote_category":0,"footnotes":""},"categories":[40],"tags":[93,91,89,48,92,47,96,90,88],"class_list":["post-5599","post","type-post","status-publish","format-standard","has-post-thumbnail","hentry","category-blog","tag-disenadores-sostenibles","tag-ethical-fashion","tag-moda-etica","tag-moda-latina","tag-moda-latinoamericana","tag-moda-sostenible","tag-moda-sustentable","tag-sustainable","tag-universo-mola"],"_links":{"self":[{"href":"https:\/\/universomola.com\/en\/wp-json\/wp\/v2\/posts\/5599","targetHints":{"allow":["GET"]}}],"collection":[{"href":"https:\/\/universomola.com\/en\/wp-json\/wp\/v2\/posts"}],"about":[{"href":"https:\/\/universomola.com\/en\/wp-json\/wp\/v2\/types\/post"}],"author":[{"embeddable":true,"href":"https:\/\/universomola.com\/en\/wp-json\/wp\/v2\/users\/9"}],"replies":[{"embeddable":true,"href":"https:\/\/universomola.com\/en\/wp-json\/wp\/v2\/comments?post=5599"}],"version-history":[{"count":1,"href":"https:\/\/universomola.com\/en\/wp-json\/wp\/v2\/posts\/5599\/revisions"}],"predecessor-version":[{"id":5602,"href":"https:\/\/universomola.com\/en\/wp-json\/wp\/v2\/posts\/5599\/revisions\/5602"}],"wp:featuredmedia":[{"embeddable":true,"href":"https:\/\/universomola.com\/en\/wp-json\/wp\/v2\/media\/5601"}],"wp:attachment":[{"href":"https:\/\/universomola.com\/en\/wp-json\/wp\/v2\/media?parent=5599"}],"wp:term":[{"taxonomy":"category","embeddable":true,"href":"https:\/\/universomola.com\/en\/wp-json\/wp\/v2\/categories?post=5599"},{"taxonomy":"post_tag","embeddable":true,"href":"https:\/\/universomola.com\/en\/wp-json\/wp\/v2\/tags?post=5599"}],"curies":[{"name":"wp","href":"https:\/\/api.w.org\/{rel}","templated":true}]}}