{"id":5600,"date":"2019-10-19T19:34:11","date_gmt":"2019-10-19T22:34:11","guid":{"rendered":"http:\/\/desarrollosdeprueba.xyz\/universo_mola\/?p=5600"},"modified":"2021-08-08T19:39:12","modified_gmt":"2021-08-08T22:39:12","slug":"el-ao-poi-tejido-fino","status":"publish","type":"post","link":"https:\/\/universomola.com\/en\/el-ao-poi-tejido-fino\/","title":{"rendered":"EL AO PO\u00b4I &#8211; TEJIDO FINO"},"content":{"rendered":"<div class=\"fusion-fullwidth fullwidth-box fusion-builder-row-1 fusion-flex-container nonhundred-percent-fullwidth non-hundred-percent-height-scrolling\" style=\"--awb-border-radius-top-left:0px;--awb-border-radius-top-right:0px;--awb-border-radius-bottom-right:0px;--awb-border-radius-bottom-left:0px;--awb-flex-wrap:wrap;\" ><div class=\"fusion-builder-row fusion-row fusion-flex-align-items-flex-start fusion-flex-content-wrap\" style=\"max-width:1248px;margin-left: calc(-4% \/ 2 );margin-right: calc(-4% \/ 2 );\"><div class=\"fusion-layout-column fusion_builder_column fusion-builder-column-0 fusion_builder_column_1_1 1_1 fusion-flex-column\" style=\"--awb-bg-size:cover;--awb-width-large:100%;--awb-margin-top-large:0px;--awb-spacing-right-large:1.92%;--awb-margin-bottom-large:0px;--awb-spacing-left-large:1.92%;--awb-width-medium:100%;--awb-spacing-right-medium:1.92%;--awb-spacing-left-medium:1.92%;--awb-width-small:100%;--awb-spacing-right-small:1.92%;--awb-spacing-left-small:1.92%;\"><div class=\"fusion-column-wrapper fusion-flex-justify-content-flex-start fusion-content-layout-column\"><div class=\"fusion-text fusion-text-1\"><p><em><span style=\"color: #33cccc;\">Escrito por: Noticias <\/span><\/em><em><span style=\"color: #33cccc;\">de Universo MOLA<\/span><\/em><\/p>\n<p><span style=\"font-weight: 400;\">Por Cintia Figueredo Voz del #UniversoMOLA Paraguay<\/span><\/p>\n<p><b>Although often grouped together, <\/b><b><i>AO PO\u00b4I<\/i><\/b><b> es una palabra en guaran\u00ed que significa <\/b><b><i>\u00abtejido fino o ropa delgada\u00bb<\/i><\/b><i><span style=\"font-weight: 400;\">.<\/span><\/i><span style=\"font-weight: 400;\"> Originalmente, se denomina as\u00ed al tejido que se realizaba en los telares. Durante el gobierno del Dr. Jos\u00e9 Gaspar Rodr\u00edguez de Francia se han cerrado las fronteras para preservar la independencia, por lo tanto, no exist\u00eda la importaci\u00f3n de productos; <\/span><b>las mujeres se vieron en la necesidad de hilar el algod\u00f3n para tejer,<\/b><span style=\"font-weight: 400;\"> bordar y confeccionar las distintas prendas de vestir para uso personal. Se realizaba para confeccionar prendas de vestir, con el tiempo fue transform\u00e1ndose a trav\u00e9s de los diferentes bordados, deshilados, encajes, festones y minucioso punto cruz.<\/span><\/p>\n<p><b>Yataity Del Guair\u00e1, es la ciudad conocida como la \u201cCuna Del Ao Po&#8217;i\u201d<\/b><span style=\"font-weight: 400;\">. Las prendas bordadas por las artesanas de Yataity son \u00fanicas. Los bordados en diversos dise\u00f1os adornas las prendas, ya sean para ni\u00f1os, ni\u00f1as, caballeros o damas. Los accesorios tambi\u00e9n cobran vida a trav\u00e9s de este tejido que cautiva a propios y extra\u00f1os. La creatividad y el talento de las artesanas no tienen l\u00edmites. Ellas fusionan tradici\u00f3n, con modernidad y exploran el mundo de los colores con un resultado de matices maravillosas. Dichas cualidades para el bordado m\u00e1s all\u00e1 de ser un talento, es una cultura viva que se va transmitiendo de generaci\u00f3n en generaci\u00f3n, volvi\u00e9ndola cada d\u00eda m\u00e1s rica y cautivante. <\/span><b>Existen una amplia gama de formas y combinaciones de hilos de colores que caracterizan a este arte<\/b><span style=\"font-weight: 400;\">. Entre ellos encontramos los tipos de bordados bien caracter\u00edsticos de la tierra, las cuales se presentan a continuaci\u00f3n:<\/span><\/p>\n<p><span style=\"font-weight: 400;\">\u00a0<\/span><img decoding=\"async\" class=\"alignnone size-full wp-image-5603 lazyload\" data-src=\"http:\/\/desarrollosdeprueba.xyz\/universo_mola\/wp-content\/uploads\/2021\/08\/Captura237.png\" alt=\"\" width=\"563\" height=\"317\" data-srcset=\"https:\/\/universomola.com\/wp-content\/uploads\/2021\/08\/Captura237-200x113.png 200w, https:\/\/universomola.com\/wp-content\/uploads\/2021\/08\/Captura237-300x169.png 300w, https:\/\/universomola.com\/wp-content\/uploads\/2021\/08\/Captura237-400x225.png 400w, https:\/\/universomola.com\/wp-content\/uploads\/2021\/08\/Captura237-500x282.png 500w, https:\/\/universomola.com\/wp-content\/uploads\/2021\/08\/Captura237.png 563w\" data-sizes=\"(max-width: 563px) 100vw, 563px\" src=\"data:image\/svg+xml;base64,PHN2ZyB3aWR0aD0iMSIgaGVpZ2h0PSIxIiB4bWxucz0iaHR0cDovL3d3dy53My5vcmcvMjAwMC9zdmciPjwvc3ZnPg==\" style=\"--smush-placeholder-width: 563px; --smush-placeholder-aspect-ratio: 563\/317;\" \/><\/p>\n<p><b>El Instituto Paraguayo de Artesan\u00eda (IPA), celebr\u00f3 el Decreto 739 del Poder Ejecutivo que insta a los funcionarios estatales y a los trabajadores del sector privado a que utilicen prendas de ao po&#8217;i durante el verano<\/b><span style=\"font-weight: 400;\">. Aclar\u00f3 que la normativa presidencial es solo una invitaci\u00f3n, no as\u00ed una obligaci\u00f3n para los trabajadores del Estado, ya que, de adoptar esta medida, ser\u00e1n ellos mismos los que adquieran sus camisas, lo que posibilitar\u00e1 que elijan sus dise\u00f1os. Se estima que los que elijan utilizar esta prenda los d\u00edas viernes estar\u00edan colaborando con, aproximadamente, 7.000 artesanos de Yataity, quienes se dedican netamente a la confecci\u00f3n de prendas de ao po&#8217;i y est\u00e1n preparados para recibir una gran cantidad de pedidos.\u00a0<\/span><\/p>\n<p><span style=\"font-weight: 400;\">El Ao Po\u2019i Rape es el circuito de este tejido que pretende posicionar no solo la prenda como tal sino sus antecedentes hist\u00f3ricos, su riqueza ancestral y su valor como producto cultural \u201cHecho en Paraguay\u201d. Recorre dos ciudades (Yataity y Villarrica) con una duraci\u00f3n de 12 horas y m\u00ednimos de 2 pasajeros.\u00a0<\/span><\/p>\n<p><span style=\"font-weight: 400;\">\u00d1a Digna (Se\u00f1ora Digna), con sus m\u00e1s de 90 a\u00f1os, es la aut\u00e9ntica tejedora del Ao Po\u00b4i. Les dejo este enlace su reportaje de esta gran mujer, <\/span><a href=\"https:\/\/mbaeichapa.tv\/na-digna-la-autentica-tejedora-del-ao-poi\/\"><span style=\"font-weight: 400;\">Reportaje<\/span><\/a><span style=\"font-weight: 400;\">\u00a0 <\/span><a href=\"http:\/\/www.artesania.gov.py\/index.php\/tramites\/procesos-artesanal\/ao-poi\"><span style=\"font-weight: 400;\">V\u00eddeo<\/span><\/a><span style=\"font-weight: 400;\">.<\/span><span style=\"font-weight: 400;\">\u00a0<\/span><\/p>\n<p><b>References<\/b><\/p>\n<ul>\n<li style=\"font-weight: 400;\" aria-level=\"1\"><span style=\"color: #33cccc;\"><a style=\"color: #33cccc;\" href=\"https:\/\/artesaniaparaguaya-ao-poi.blogspot.com\/\"><span style=\"font-weight: 400;\">http:\/\/artesaniaparaguaya-ao-poi.blogspot.com\/<\/span><\/a><\/span><\/li>\n<li style=\"font-weight: 400;\" aria-level=\"1\"><span style=\"color: #33cccc;\"><a style=\"color: #33cccc;\" href=\"https:\/\/www.ultimahora.com\/invitan-funcionarios-utilizar-camisas-ao-poi-el-verano-n2784706.html\"><span style=\"font-weight: 400;\">https:\/\/www.ultimahora.com\/invitan-funcionarios-utilizar-camisas-ao-poi-el-verano-n2784706.html<\/span><\/a><\/span><\/li>\n<\/ul>\n<\/div><\/div><\/div><\/div><\/div>","protected":false},"excerpt":{"rendered":"<p>Lorem ipsum dolor sit amet, consectetur adipiscing elit. Nam pharetra dictum eleifend. Sed posuere magna at luctus pretium. Aliquam ligula sem, aliquet sit amet nisi ac, dignissim porta ipsum.<\/p>","protected":false},"author":9,"featured_media":5604,"comment_status":"open","ping_status":"open","sticky":false,"template":"","format":"standard","meta":{"_monsterinsights_skip_tracking":false,"_monsterinsights_sitenote_active":false,"_monsterinsights_sitenote_note":"","_monsterinsights_sitenote_category":0,"footnotes":""},"categories":[40],"tags":[93,89,48,92,47,96,88],"class_list":["post-5600","post","type-post","status-publish","format-standard","has-post-thumbnail","hentry","category-blog","tag-disenadores-sostenibles","tag-moda-etica","tag-moda-latina","tag-moda-latinoamericana","tag-moda-sostenible","tag-moda-sustentable","tag-universo-mola"],"_links":{"self":[{"href":"https:\/\/universomola.com\/en\/wp-json\/wp\/v2\/posts\/5600","targetHints":{"allow":["GET"]}}],"collection":[{"href":"https:\/\/universomola.com\/en\/wp-json\/wp\/v2\/posts"}],"about":[{"href":"https:\/\/universomola.com\/en\/wp-json\/wp\/v2\/types\/post"}],"author":[{"embeddable":true,"href":"https:\/\/universomola.com\/en\/wp-json\/wp\/v2\/users\/9"}],"replies":[{"embeddable":true,"href":"https:\/\/universomola.com\/en\/wp-json\/wp\/v2\/comments?post=5600"}],"version-history":[{"count":1,"href":"https:\/\/universomola.com\/en\/wp-json\/wp\/v2\/posts\/5600\/revisions"}],"predecessor-version":[{"id":5606,"href":"https:\/\/universomola.com\/en\/wp-json\/wp\/v2\/posts\/5600\/revisions\/5606"}],"wp:featuredmedia":[{"embeddable":true,"href":"https:\/\/universomola.com\/en\/wp-json\/wp\/v2\/media\/5604"}],"wp:attachment":[{"href":"https:\/\/universomola.com\/en\/wp-json\/wp\/v2\/media?parent=5600"}],"wp:term":[{"taxonomy":"category","embeddable":true,"href":"https:\/\/universomola.com\/en\/wp-json\/wp\/v2\/categories?post=5600"},{"taxonomy":"post_tag","embeddable":true,"href":"https:\/\/universomola.com\/en\/wp-json\/wp\/v2\/tags?post=5600"}],"curies":[{"name":"wp","href":"https:\/\/api.w.org\/{rel}","templated":true}]}}