{"id":5605,"date":"2020-09-25T19:38:18","date_gmt":"2020-09-25T22:38:18","guid":{"rendered":"http:\/\/desarrollosdeprueba.xyz\/universo_mola\/?p=5605"},"modified":"2021-08-08T19:42:10","modified_gmt":"2021-08-08T22:42:10","slug":"moda-e-inclusion-en-america-latina","status":"publish","type":"post","link":"https:\/\/universomola.com\/en\/moda-e-inclusion-en-america-latina\/","title":{"rendered":"MODA E INCLUSI\u00d3N EN AM\u00c9RICA LATINA"},"content":{"rendered":"<div class=\"fusion-fullwidth fullwidth-box fusion-builder-row-1 fusion-flex-container nonhundred-percent-fullwidth non-hundred-percent-height-scrolling\" style=\"--awb-border-radius-top-left:0px;--awb-border-radius-top-right:0px;--awb-border-radius-bottom-right:0px;--awb-border-radius-bottom-left:0px;--awb-flex-wrap:wrap;\" ><div class=\"fusion-builder-row fusion-row fusion-flex-align-items-flex-start fusion-flex-content-wrap\" style=\"max-width:1248px;margin-left: calc(-4% \/ 2 );margin-right: calc(-4% \/ 2 );\"><div class=\"fusion-layout-column fusion_builder_column fusion-builder-column-0 fusion_builder_column_1_1 1_1 fusion-flex-column\" style=\"--awb-bg-size:cover;--awb-width-large:100%;--awb-margin-top-large:0px;--awb-spacing-right-large:1.92%;--awb-margin-bottom-large:0px;--awb-spacing-left-large:1.92%;--awb-width-medium:100%;--awb-spacing-right-medium:1.92%;--awb-spacing-left-medium:1.92%;--awb-width-small:100%;--awb-spacing-right-small:1.92%;--awb-spacing-left-small:1.92%;\"><div class=\"fusion-column-wrapper fusion-flex-justify-content-flex-start fusion-content-layout-column\"><div class=\"fusion-text fusion-text-1\"><\/div><div class=\"fusion-text fusion-text-2\"><p><span style=\"color: #33cccc;\"><i><span style=\"font-weight: 400;\">Por Manuela Toro, Universo MOLA.\u00a0 \/ Imagen portada: Pinterest<\/span><\/i><\/span><\/p>\n<p><span style=\"font-weight: 400;\">Cuando se habla de moda e inclusi\u00f3n, se percibe un universo de posibilidades expresivas, en donde todos aportamos una visi\u00f3n propia construida a partir de la colectividad y las ra\u00edces ancestrales que se van adaptando a un contexto actual y que enriquecen la cultura de nuestra Am\u00e9rica Latina.<\/span><\/p>\n<p><span style=\"font-weight: 400;\">Para tener una comprensi\u00f3n m\u00e1s certera y profunda del sentido de <\/span><b>inclusi\u00f3n<\/b><span style=\"font-weight: 400;\">, es necesario entender la relaci\u00f3n entre la <\/span><b>fashion<\/b><span style=\"font-weight: 400;\"> and <\/span><b>patrimonio<\/b> <b>cultural<\/b><span style=\"font-weight: 400;\">, pues ambas dotan de identidad a los pueblos, permiten la expresi\u00f3n de las regiones y cuentan una historia en com\u00fan a trav\u00e9s de la utilizaci\u00f3n de las prendas, que son una manifestaci\u00f3n de c\u00f3mo vemos el mundo.<\/span><\/p>\n<p><b>Latin America <\/b><span style=\"font-weight: 400;\">es <\/span><b>diversidad<\/b><span style=\"font-weight: 400;\"> de diversidades cuando hablamos de religiones, fenotipos, cosmogon\u00edas, colores y creencias. La transformaci\u00f3n de identidades se va generando a trav\u00e9s de las mezclas identitarias por el movimiento constante de las personas que emigran a otros lugares. Sin embargo, hay unas ra\u00edces y unos saberes espec\u00edficos ancestrales que no pueden desconocerse y que conservan el valor de los pueblos revalorizando la moda, y entendiendo que no hay arte sin artesan\u00eda y que si bien hacemos parte de una aldea global construida con la riqueza de la diversidad, muchas veces es la individualizaci\u00f3n de la moda, la que ha olvidado la apropiaci\u00f3n de la cultura ancestral. Es decir, el mercadeo vol\u00e1til que dirigen los grandes magnates de la industria textil, se justifica en tendencias pasajeras donde se replica el pasado para generar momentos fugaces que evocan otras \u00e9pocas, pero que solo buscan ser medi\u00e1ticas sin educar al consumidor acerca de la carga cultural de esas piezas elegidas como referencia e inspiraci\u00f3n de dise\u00f1o, solo generando consumo a partir de esa tendencia por un per\u00edodo de tiempo y luego cambiar a otras sin ninguna conciencia frente a la historia que cuentan esas prendas.<\/span><\/p>\n<p><span style=\"font-weight: 400;\">Ese desconocimiento del valor identitario aut\u00f3ctono ser\u00eda el resultado de un problema de fondo que tiene que ver con la cultura colonialista que forma parte de am\u00e9rica latina y que nos hace tener una percepci\u00f3n de nuestra propia cultura inferior a la de otros lugares del mundo, exaltando m\u00e1s lo que est\u00e1 fuera de nuestro territorio y poni\u00e9ndolo en una posici\u00f3n de superioridad frente a lo que es nuestro.<\/span><\/p>\n<p><span style=\"font-weight: 400;\">De ese sentimiento de inferioridad, tambi\u00e9n sale una palabra clave en todo este contexto de inclusi\u00f3n, y es la palabra <\/span><b>pertenecer<\/b><span style=\"font-weight: 400;\">, que significa formar parte de. En este sentido, nuestras culturas alrededor del mundo han determinado c\u00f3mo debe ser la sociedad, seg\u00fan los estereotipos o condiciones humanas. Seg\u00fan nuestro rol, seg\u00fan el g\u00e9nero, seg\u00fan las diferentes complexiones, etc., dando como resultado una estandarizaci\u00f3n que ha permeado a la moda y que hoy en d\u00eda gracias al dise\u00f1o, la creatividad y la conversaci\u00f3n alrededor de estos temas es posible encontrar espacios de creaci\u00f3n que logran la identificaci\u00f3n con personas, marcas que conectan con el consumidor y que entienden la diversidad como la riqueza m\u00e1s valiosa dentro de todo el ecosistema del que hacemos parte. S\u00ed que pertenecemos a ese ecosistema, formamos parte de todo un universo diverso y lleno de carga hist\u00f3rica que es Am\u00e9rica Latina, demos el valor que esto merece, dando el lugar a las identidades externas, pero sin hacer comparaciones que no aplican y que tampoco ayuda a sentirnos que realmente pertenecemos.\u00a0\u00a0\u00a0\u00a0<\/span><\/p>\n<p><span style=\"font-weight: 400;\">Although often grouped together, <\/span><b>dise\u00f1o<\/b><span style=\"font-weight: 400;\"> puede ser mucho m\u00e1s <\/span><b>inclusivo<\/b><span style=\"font-weight: 400;\"> simplemente con el <\/span><b>detalle<\/b><span style=\"font-weight: 400;\">, el arte lo interpreta todo el mundo y desde ah\u00ed se puede generar una experiencia y una comunicaci\u00f3n m\u00e1s org\u00e1nica. Desde la sostenibilidad es fundamental la funcionalidad con est\u00e9tica y con sentido.<\/span><\/p>\n<p><span style=\"font-weight: 400;\">La moda es poderosa, y un motor de cambio en americalatina. Con conciencia, pasi\u00f3n y creyendo en lo que somos, se puede potencializar la moda latinoamericana de forma que\u00a0 permita dinamizar econom\u00eda, cultura e impactar socialmente.\u00a0<\/span><\/p>\n<p><span style=\"font-weight: 400;\">El poder de la <\/span><b>fashion<\/b><span style=\"font-weight: 400;\"> tambi\u00e9n est\u00e1 en que es un <\/span><b>lenguaje<\/b> <b>visual<\/b><span style=\"font-weight: 400;\">, \u00fatil para transmitir emociones, y que comunica a partir de la forma en la que llevamos las prendas, esta actitud con la que portamos los textiles, los colores que elegimos, las formas y texturas son una herramienta para expresar c\u00f3mo nos sentimos, conectando primero con uno mismo y logrando proyectar sensaciones, sentimientos, pensamientos y gustos al resto del mundo, a trav\u00e9s de esas prendas en las que encontramos <\/span><b>identificaci\u00f3n<\/b><span style=\"font-weight: 400;\"> y promueven el valor de lo que somos naturalmente, co-creando con las artes nativas y transmutando identidades en las \u00e1reas urbanas por ejemplo, donde esas expresiones diferentes enriquecen las tendencias, dan lugar a distintas posibilidades creativas, promueven la inspiraci\u00f3n y se adaptan a contextos donde su uso siempre tiene un significado.\u00a0\u00a0<\/span><\/p>\n<p><span style=\"font-weight: 400;\">Sin duda, todo el tema inclusivo tiene un trasfondo cultural que impulsa las iniciativas, y que d\u00eda a d\u00eda se construye, gracias a reflexiones colectivas de la industria y por supuesto parte de una conciencia individual frente a la problem\u00e1tica. La moda es un recurso creativo y que propicia la creaci\u00f3n de identidad propia mediante el dise\u00f1o.\u00a0<\/span><\/p>\n<p><i><span style=\"font-weight: 400;\">Fuentes de investigaci\u00f3n:<\/span><\/i><\/p>\n<p><i><span style=\"font-weight: 400;\">Aulas virtuales 2020 Construir una cultura latinoamericana<\/span><\/i><a href=\"https:\/\/www.youtube.com\/watch?v=2WhigC0gXPc&amp;list=PLpwLzyKRQrQIa0_DzIm6EHG95pS43uaIP&amp;index=21\"><i><span style=\"font-weight: 400;\"> https:\/\/www.youtube.com\/watch?v=2WhigC0gXPc&amp;list=PLpwLzyKRQrQIa0_DzIm6EHG95pS43uaIP&amp;index=21<\/span><\/i><\/a><\/p>\n<p><i><span style=\"font-weight: 400;\">Podcast: Diversidad e Inclusi\u00f3n en Moda episodio de Am\u00e9rica Latina pa&#8217;l Mundo<\/span><\/i><a href=\"https:\/\/open.spotify.com\/episode\/0t4Xaa2ffbUn3GBCq6OsvE?si=a9k63ztkT9S87WLQk9mxzg\"> <i><span style=\"font-weight: 400;\">https:\/\/open.spotify.com\/episode\/0t4Xaa2ffbUn3GBCq6OsvE?si=a9k63ztkT9S87WLQk9mxzg<\/span><\/i><\/a><\/p>\n<\/div><\/div><\/div><\/div><\/div>","protected":false},"excerpt":{"rendered":"<p>Lorem ipsum dolor sit amet, consectetur adipiscing elit. Nam pharetra dictum eleifend. Sed posuere magna at luctus pretium. Aliquam ligula sem, aliquet sit amet nisi ac, dignissim porta ipsum.<\/p>","protected":false},"author":9,"featured_media":5608,"comment_status":"open","ping_status":"open","sticky":false,"template":"","format":"standard","meta":{"_monsterinsights_skip_tracking":false,"_monsterinsights_sitenote_active":false,"_monsterinsights_sitenote_note":"","_monsterinsights_sitenote_category":0,"footnotes":""},"categories":[40],"tags":[93,91,89,48,92,47,96,90,88],"class_list":["post-5605","post","type-post","status-publish","format-standard","has-post-thumbnail","hentry","category-blog","tag-disenadores-sostenibles","tag-ethical-fashion","tag-moda-etica","tag-moda-latina","tag-moda-latinoamericana","tag-moda-sostenible","tag-moda-sustentable","tag-sustainable","tag-universo-mola"],"_links":{"self":[{"href":"https:\/\/universomola.com\/en\/wp-json\/wp\/v2\/posts\/5605","targetHints":{"allow":["GET"]}}],"collection":[{"href":"https:\/\/universomola.com\/en\/wp-json\/wp\/v2\/posts"}],"about":[{"href":"https:\/\/universomola.com\/en\/wp-json\/wp\/v2\/types\/post"}],"author":[{"embeddable":true,"href":"https:\/\/universomola.com\/en\/wp-json\/wp\/v2\/users\/9"}],"replies":[{"embeddable":true,"href":"https:\/\/universomola.com\/en\/wp-json\/wp\/v2\/comments?post=5605"}],"version-history":[{"count":1,"href":"https:\/\/universomola.com\/en\/wp-json\/wp\/v2\/posts\/5605\/revisions"}],"predecessor-version":[{"id":5609,"href":"https:\/\/universomola.com\/en\/wp-json\/wp\/v2\/posts\/5605\/revisions\/5609"}],"wp:featuredmedia":[{"embeddable":true,"href":"https:\/\/universomola.com\/en\/wp-json\/wp\/v2\/media\/5608"}],"wp:attachment":[{"href":"https:\/\/universomola.com\/en\/wp-json\/wp\/v2\/media?parent=5605"}],"wp:term":[{"taxonomy":"category","embeddable":true,"href":"https:\/\/universomola.com\/en\/wp-json\/wp\/v2\/categories?post=5605"},{"taxonomy":"post_tag","embeddable":true,"href":"https:\/\/universomola.com\/en\/wp-json\/wp\/v2\/tags?post=5605"}],"curies":[{"name":"wp","href":"https:\/\/api.w.org\/{rel}","templated":true}]}}