{"id":5607,"date":"2019-10-19T19:41:14","date_gmt":"2019-10-19T22:41:14","guid":{"rendered":"http:\/\/desarrollosdeprueba.xyz\/universo_mola\/?p=5607"},"modified":"2021-08-08T19:45:03","modified_gmt":"2021-08-08T22:45:03","slug":"que-debe-hacer-la-industria-para-virar-hacia-practicas-sostenibles","status":"publish","type":"post","link":"https:\/\/universomola.com\/en\/que-debe-hacer-la-industria-para-virar-hacia-practicas-sostenibles\/","title":{"rendered":"\u00bfQU\u00c9 DEBE HACER LA INDUSTRIA PARA VIRAR HACIA PR\u00c1CTICAS SOSTENIBLES?"},"content":{"rendered":"<div class=\"fusion-fullwidth fullwidth-box fusion-builder-row-1 fusion-flex-container nonhundred-percent-fullwidth non-hundred-percent-height-scrolling\" style=\"--awb-border-radius-top-left:0px;--awb-border-radius-top-right:0px;--awb-border-radius-bottom-right:0px;--awb-border-radius-bottom-left:0px;--awb-flex-wrap:wrap;\" ><div class=\"fusion-builder-row fusion-row fusion-flex-align-items-flex-start fusion-flex-content-wrap\" style=\"max-width:1248px;margin-left: calc(-4% \/ 2 );margin-right: calc(-4% \/ 2 );\"><div class=\"fusion-layout-column fusion_builder_column fusion-builder-column-0 fusion_builder_column_1_1 1_1 fusion-flex-column\" style=\"--awb-bg-size:cover;--awb-width-large:100%;--awb-margin-top-large:0px;--awb-spacing-right-large:1.92%;--awb-margin-bottom-large:0px;--awb-spacing-left-large:1.92%;--awb-width-medium:100%;--awb-spacing-right-medium:1.92%;--awb-spacing-left-medium:1.92%;--awb-width-small:100%;--awb-spacing-right-small:1.92%;--awb-spacing-left-small:1.92%;\"><div class=\"fusion-column-wrapper fusion-flex-justify-content-flex-start fusion-content-layout-column\"><div class=\"fusion-text fusion-text-1\"><p><em><span style=\"color: #33cccc;\">Escrito por: Noticias <\/span><\/em><em><span style=\"color: #33cccc;\">de Universo MOLA<\/span><\/em><\/p>\n<p><span style=\"font-weight: 400;\">By <\/span><span style=\"color: #33cccc;\"><span style=\"font-weight: 400;\">Juan Pablo Mart\u00ednez<\/span><\/span><span style=\"font-weight: 400;\"><span style=\"color: #33cccc;\">,<\/span> Sustainable Fashion Designer.<\/span><\/p>\n<p style=\"text-align: right;\"><span style=\"color: #ff0000;\"><b><i>RECOPILADO DEL SEMINARIO ACAD\u00c9MICO DE MODA SOSTENIBLE, BOGOT\u00c1, 2019.<\/i><\/b><\/span><\/p>\n<p><b>TOMA DE CONSCIENCIA<\/b><\/p>\n<p><span style=\"font-weight: 400;\">El primer paso para entender que puede hacer la industria para encaminarse hacia pr\u00e1cticas sostenibles es tomar consciencia. Entender que hay una situaci\u00f3n que cada vez es m\u00e1s catastr\u00f3fica y conocer las cifras del impacto que se genera en el medio ambiente y en los actores de la cadena permite empezar a tomar decisiones inteligentes.<\/span><\/p>\n<p><b>INDUSTRIA\u00a0 CONTAMINANTE<\/b><\/p>\n<p><span style=\"font-weight: 400;\">Somos responsables del incremento en la temperatura que ha sufrido el planeta hasta hoy, y si no cambiamos seremos responsables de alcanzar el aumento en los 2 grados cent\u00edgrados, con los resultados catastr\u00f3ficos que eso acarrea.<\/span><\/p>\n<p><b>BASURA<\/b><\/p>\n<p><span style=\"font-weight: 400;\">En Bogot\u00e1 se calcula que se arrojan entre 360 y 600 toneladas de ropa usada al d\u00eda. Esto equivale a 900,000 prendas en un d\u00eda normal y 1, 500,000 en un d\u00eda muy agitado. Es una cifra enorme, y es responsabilidad de cada uno de nosotros minimizar ese desperdicio y es responsabilidad de la industria tomar acciones para responsabilizarse de esas prendas cuando llegan al final de su uso normal.<\/span><\/p>\n<p><b>1 VOLQUETA CADA SEGUNDO<\/b><\/p>\n<p><span style=\"font-weight: 400;\">En el mundo se arroja o incinera un cami\u00f3n de ropa usada cada d\u00eda en el mundo. En los 38 segundos que lleva leyendo esto ya van 38 volquetas. Es una cifra abrumadora, son prendas que pueden reutilizarse de alguna manera, por lo menos sus fibras. La industria debe implementar una econom\u00eda circular en sus procesos y aprender como reutilizar las prendas y telas cuando han llegado al fon de su uso.<\/span><\/p>\n<p><b>20%<\/b><\/p>\n<p><span style=\"font-weight: 400;\">En el mundo, la industria es la responsable del 20% de la contaminaci\u00f3n de los recursos h\u00eddricos. En China dicen que pueden predecir el color de la pr\u00f3xima temporada por el color de los r\u00edos. \u00bfQui\u00e9n controla? \u00bfQui\u00e9n regula? Comprender esta situaci\u00f3n debe resultar en medidas para recuperar los desperdicios t\u00f3xicos antes de ser arrojados a los r\u00edos.<\/span><\/p>\n<p><b>2050<\/b><\/p>\n<p><span style=\"font-weight: 400;\">En el a\u00f1o 2050 se vender\u00e1n 400, 000, 000, 000 de prendas al a\u00f1o si seguimos con el mismo ritmo de crecimiento. Esa enorme cantidad de prendas tendr\u00e1 un impacto gigante en el planeta. Se requerir\u00e1n 300, 000, 000 de recursos para producirlas. \u00bfDe d\u00f3nde saldr\u00e1n? \u00bfQui\u00e9n se responsabiliza del deterioro ambiental? Si la industria comprende que seguramente no tendr\u00e1 de donde obtenerlos, deber\u00e1 replantear la manera en que se est\u00e1 trabajando hoy en d\u00eda.<\/span><\/p>\n<p><img decoding=\"async\" class=\"alignnone size-full wp-image-5610 lazyload\" data-src=\"http:\/\/desarrollosdeprueba.xyz\/universo_mola\/wp-content\/uploads\/2021\/08\/Captura239.png\" alt=\"\" width=\"563\" height=\"376\" data-srcset=\"https:\/\/universomola.com\/wp-content\/uploads\/2021\/08\/Captura239-200x134.png 200w, https:\/\/universomola.com\/wp-content\/uploads\/2021\/08\/Captura239-300x200.png 300w, https:\/\/universomola.com\/wp-content\/uploads\/2021\/08\/Captura239-400x267.png 400w, https:\/\/universomola.com\/wp-content\/uploads\/2021\/08\/Captura239-500x334.png 500w, https:\/\/universomola.com\/wp-content\/uploads\/2021\/08\/Captura239.png 563w\" data-sizes=\"(max-width: 563px) 100vw, 563px\" src=\"data:image\/svg+xml;base64,PHN2ZyB3aWR0aD0iMSIgaGVpZ2h0PSIxIiB4bWxucz0iaHR0cDovL3d3dy53My5vcmcvMjAwMC9zdmciPjwvc3ZnPg==\" style=\"--smush-placeholder-width: 563px; --smush-placeholder-aspect-ratio: 563\/376;\" \/><\/p>\n<p><b>NEO-CONSUMIDOR<\/b><\/p>\n<p><span style=\"font-weight: 400;\">Un nuevo consumidor ha hecho su aparici\u00f3n. Informado, enterado, con poder adquisitivo es \u00e9l quien decide c\u00f3mo, cuanto, d\u00f3nde y cu\u00e1ndo va a comprar.<\/span><\/p>\n<p><b>ELIGE<\/b><\/p>\n<p><span style=\"font-weight: 400;\">Su poder de decisi\u00f3n ha aumentado exponencialmente. Ya no compra lo que puede sino lo que quiere. Es impaciente y sensible. Est\u00e1 conectado a la red todo el tiempo as\u00ed que puede tomar mejores decisiones de compra a su favor. Siempre ha sido el rey pero hoy en d\u00eda es m\u00e1s clara esa aseveraci\u00f3n. Su poder de elecci\u00f3n se basa en nuevos valores, los que \u00e9l define y no se gu\u00eda por par\u00e1metros sociales y menos comerciales.<\/span><\/p>\n<p><b>INFIEL<\/b><\/p>\n<p><span style=\"font-weight: 400;\">Es infiel a las marcas. Su propia conveniencia est\u00e1 por encima de todo. Salta de una marca a otra. Fidelizarlo es cada vez m\u00e1s dif\u00edcil. Muchas marcas tienen varios programas de fidelizaci\u00f3n a los que se suscriben. Sin dolor, le compra hoy en d\u00eda a uno y al otro d\u00eda al otro.<\/span><\/p>\n<p><b>NOMADISMO<\/b><\/p>\n<p><span style=\"font-weight: 400;\">Su desplazamiento en la ciudad, en el pa\u00eds y en el mundo va en aumento. Los aeropuertos no dan a basto. Compran en una zona de su ciudad, despu\u00e9s en otra, despu\u00e9s en otro pa\u00eds. Compran a trav\u00e9s de una p\u00e1gina en internet, la siguiente en otra, despu\u00e9s por Instagram. Este consumidor no para, y no parece que vaya a cambiar en el futuro cercano. Seguir\u00e1 este ritmo de viajes.<\/span><\/p>\n<p><b>COMPETENTE, EXIGENTE, SELECTIVO<\/b><\/p>\n<p><span style=\"font-weight: 400;\">El consumidor de hoy conoce m\u00e1s de cada tema. Lo que no lo sabe lo puede averiguar en 0.88 segundos desde cualquier lugar que tenga se\u00f1al. La informaci\u00f3n genera conocimiento, el conocimiento define las decisiones de compra. Permite filtrar los productos que realmente son de su conveniencia. Exige cada vez m\u00e1s y de manera m\u00e1s r\u00e1pida.\u00a0<\/span><\/p>\n<p><b>SENSIBLE AL PRECIO<\/b><\/p>\n<p><span style=\"font-weight: 400;\">Siempre lo ha sido y siempre lo ser\u00e1. La diferencia es que hoy tiene la manera de tomar decisiones informadas. Puede elegir entre pagar este o el otro precio dependiendo de su necesidad. Ya no se le puede obligar a comprar al precio que defina el distribuidor. Ese precio lo ve como una opci\u00f3n entre varias, no la \u00fanica y definitiva.<\/span><\/p>\n<p><b>VALOR COMPARTIDO<\/b><\/p>\n<p><span style=\"font-weight: 400;\">Las empresas deben entender su responsabilidad frente a la parte que juegan en el \u00e1mbito social. No est\u00e1n solas.<\/span><\/p>\n<p><b>NUEVO CONCEPTO<\/b><\/p>\n<p><span style=\"font-weight: 400;\">Son parte de un tejido que requiere interacciones con otros actores. No solo recibir utilidades a cambio de un producto y pagar impuestos. Hay m\u00e1s que pueden hacer por los que est\u00e1n a su alrededor, por el medio ambiente y por los que participan de sus procesos.<\/span><\/p>\n<p><b>CICLO DE VIDA<\/b><\/p>\n<p><span style=\"font-weight: 400;\">La producci\u00f3n lineal debe dar paso a una producci\u00f3n circular. Ya no se puede hablar del fin del ciclo de vida de una prenda si no del fin de su uso. La circularidad debe estar concebida desde el dise\u00f1o, as\u00ed se podr\u00e1 extender el tiempo de permanencia de las prendas y se minimizar\u00e1 la huella de carbono.<\/span><\/p>\n<p><b>DI\u00c1LOGO<\/b><\/p>\n<p><span style=\"font-weight: 400;\">Las empresas deben comenzar un di\u00e1logo sincero con sus consumidores. Entender cu\u00e1les son sus necesidades con respecto al medio ambiente y a la responsabilidad social. Deben crear escenarios que permitan un intercambio de ideas, opiniones, quejas y peticiones que van m\u00e1s all\u00e1 de formularios PQR en la p\u00e1gina o encuestas de satisfacci\u00f3n<\/span><\/p>\n<p><b>RECONECTARSE<\/b><\/p>\n<p><span style=\"font-weight: 400;\">Las empresas tienen que reconectarse con el individuo. Hacerlos sentir que hacen parte de un engranaje amplio que abarca temas que cada uno como persona no podr\u00eda abordar. Deben reconectarse con el entorno ambiental, de ah\u00ed es de donde obtiene sus recursos para producir prendas. Debe reconectarse con el entorno social. Son personas quienes producen, compran y usan las prendas.<\/span><\/p>\n<p><b>VALOR DEL CONTEXTO.<\/b><\/p>\n<p><span style=\"font-weight: 400;\">Darle valor al medio ambiente. Respetarlo y cuidarlo como la fuente de recursos para fabricar sus productos. Darle valor a su entorno geogr\u00e1fico. La empresa hace parte de una comunidad y existe en un espacio geogr\u00e1fico. \u00bfC\u00f3mo es ese entorno y c\u00f3mo puede ayudar a mejorarlo? Permitir el desarrollo personal de sus empleados. Personas motivadas y con objetivos de superaci\u00f3n personal claros, siempre ser\u00e1n mejores trabajadores y mejores seres humanos.<\/span><\/p>\n<p><b>TAREAS<\/b><\/p>\n<p><span style=\"font-weight: 400;\">Para virar hacia producciones sostenibles y responsables la industria debe sacar el cuaderno y comenzar a hacer sus tareas.<\/span><\/p>\n<p><b>DISE\u00d1O DURADERO<\/b><\/p>\n<p><span style=\"font-weight: 400;\">Dise\u00f1ar prendas para 2 o 3 posturas y generar un descarte r\u00e1pido est\u00e1 pasado de moda. Las prendas vuelven utilizar buenos materiales, buena confecci\u00f3n, buenos insumos que permiten el uso prolongado de cada una de ellas. Concepto que nace desde la gerencia y pasa por la mesa de dise\u00f1o.<\/span><\/p>\n<p><b>MATERIALES AMIGABLES<\/b><\/p>\n<p><span style=\"font-weight: 400;\">La oferta de textiles e insumos amigables con el medio ambiente es cada vez m\u00e1s amplia. Inici\u00f3 hace a\u00f1os con el algod\u00f3n org\u00e1nico, que ya alcanza el 3% de las ventas totales de algod\u00f3n en el mundo. Fibras como el bamb\u00fa, el ingeo, la lana org\u00e1nica, tencel, la seda org\u00e1nica, las recicladas de PET, algod\u00f3n org\u00e1nico, del pl\u00e1stico se suman a la oferta de fibras para la confecci\u00f3n de prendas. La industria debe acceder a esas fibras.<\/span><\/p>\n<p><b>PROCESOS LIMPIOS &amp; SOCIALMENTE RESPONSABLES<\/b><\/p>\n<p><span style=\"font-weight: 400;\">Parece obvio, pero si as\u00ed fuera no ser\u00eda uno de los requerimientos principales en este momento para minimizar el impacto ambiental y social en el planeta y la sociedad. Deben adoptar pol\u00edticas de 360\u00b0 y responsabilizarse de su impacto.<\/span><\/p>\n<p><b>\u00c9TICA CORPORATIVA<\/b><\/p>\n<p><span style=\"font-weight: 400;\">Valores de talla mundial deben estar engranados en el ADN de la empresa y deben ser irrigados a todos los empleados. Un buen punto de partida pueden ser los \u201cObjetivos de desarrollo sostenible\u201d planteados por las Naciones Unidas y de los cuales la industria tiene responsabilidad en impacto directo en seis de los diecisiete.<\/span><\/p>\n<p><b>TRANPARENCIA<\/b><\/p>\n<p><span style=\"font-weight: 400;\">La m\u00e1s importante de todas. Si la industria decidiera solamente trabajar en un campo de acci\u00f3n debe ser este. Empresas transparentes, con procesos visibles, con una comunicaci\u00f3n acertada, con el cumplimiento de normativas y regulaciones internacionales con atenci\u00f3n a los requerimientos de informaci\u00f3n de los consumidores y autoridades. Este comportamiento seguro ser\u00e1 recompensado por la nueva generaci\u00f3n de consumidores que aprecia este tipo de valores por encima de otros de car\u00e1cter mercantilista.<\/span><\/p>\n<\/div><\/div><\/div><\/div><\/div>","protected":false},"excerpt":{"rendered":"<p>Lorem ipsum dolor sit amet, consectetur adipiscing elit. Nam pharetra dictum eleifend. Sed posuere magna at luctus pretium. Aliquam ligula sem, aliquet sit amet nisi ac, dignissim porta ipsum.<\/p>","protected":false},"author":9,"featured_media":5611,"comment_status":"open","ping_status":"open","sticky":false,"template":"","format":"standard","meta":{"_monsterinsights_skip_tracking":false,"_monsterinsights_sitenote_active":false,"_monsterinsights_sitenote_note":"","_monsterinsights_sitenote_category":0,"footnotes":""},"categories":[40],"tags":[93,89,48,92,47,96,88],"class_list":["post-5607","post","type-post","status-publish","format-standard","has-post-thumbnail","hentry","category-blog","tag-disenadores-sostenibles","tag-moda-etica","tag-moda-latina","tag-moda-latinoamericana","tag-moda-sostenible","tag-moda-sustentable","tag-universo-mola"],"_links":{"self":[{"href":"https:\/\/universomola.com\/en\/wp-json\/wp\/v2\/posts\/5607","targetHints":{"allow":["GET"]}}],"collection":[{"href":"https:\/\/universomola.com\/en\/wp-json\/wp\/v2\/posts"}],"about":[{"href":"https:\/\/universomola.com\/en\/wp-json\/wp\/v2\/types\/post"}],"author":[{"embeddable":true,"href":"https:\/\/universomola.com\/en\/wp-json\/wp\/v2\/users\/9"}],"replies":[{"embeddable":true,"href":"https:\/\/universomola.com\/en\/wp-json\/wp\/v2\/comments?post=5607"}],"version-history":[{"count":1,"href":"https:\/\/universomola.com\/en\/wp-json\/wp\/v2\/posts\/5607\/revisions"}],"predecessor-version":[{"id":5613,"href":"https:\/\/universomola.com\/en\/wp-json\/wp\/v2\/posts\/5607\/revisions\/5613"}],"wp:featuredmedia":[{"embeddable":true,"href":"https:\/\/universomola.com\/en\/wp-json\/wp\/v2\/media\/5611"}],"wp:attachment":[{"href":"https:\/\/universomola.com\/en\/wp-json\/wp\/v2\/media?parent=5607"}],"wp:term":[{"taxonomy":"category","embeddable":true,"href":"https:\/\/universomola.com\/en\/wp-json\/wp\/v2\/categories?post=5607"},{"taxonomy":"post_tag","embeddable":true,"href":"https:\/\/universomola.com\/en\/wp-json\/wp\/v2\/tags?post=5607"}],"curies":[{"name":"wp","href":"https:\/\/api.w.org\/{rel}","templated":true}]}}