{"id":5612,"date":"2020-10-03T19:42:52","date_gmt":"2020-10-03T22:42:52","guid":{"rendered":"http:\/\/desarrollosdeprueba.xyz\/universo_mola\/?p=5612"},"modified":"2021-08-08T19:45:44","modified_gmt":"2021-08-08T22:45:44","slug":"cuidados-y-alternativas-para-alargar-la-vida-util-de-tus-prendas","status":"publish","type":"post","link":"https:\/\/universomola.com\/en\/cuidados-y-alternativas-para-alargar-la-vida-util-de-tus-prendas\/","title":{"rendered":"CUIDADOS Y ALTERNATIVAS PARA ALARGAR LA VIDA \u00daTIL DE TUS PRENDAS"},"content":{"rendered":"[fusion_builder_container hundred_percent=\u00bbno\u00bb equal_height_columns=\u00bbno\u00bb menu_anchor=\u00bb\u00bb hide_on_mobile=\u00bbsmall-visibility,medium-visibility,large-visibility\u00bb class=\u00bb\u00bb id=\u00bb\u00bb background_color=\u00bb\u00bb background_image=\u00bb\u00bb background_position=\u00bbcenter center\u00bb background_repeat=\u00bbno-repeat\u00bb fade=\u00bbno\u00bb background_parallax=\u00bbnone\u00bb parallax_speed=\u00bb0.3&#8243; video_mp4=\u00bb\u00bb video_webm=\u00bb\u00bb video_ogv=\u00bb\u00bb video_url=\u00bb\u00bb video_aspect_ratio=\u00bb16:9&#8243; video_loop=\u00bbyes\u00bb video_mute=\u00bbyes\u00bb overlay_color=\u00bb\u00bb video_preview_image=\u00bb\u00bb border_color=\u00bb\u00bb border_style=\u00bbsolid\u00bb padding_top=\u00bb\u00bb padding_bottom=\u00bb\u00bb padding_left=\u00bb\u00bb padding_right=\u00bb\u00bb type=\u00bbflex\u00bb][fusion_builder_row][fusion_builder_column type=\u00bb1_1&#8243; layout=\u00bb1_1&#8243; background_position=\u00bbleft top\u00bb background_color=\u00bb\u00bb border_color=\u00bb\u00bb border_style=\u00bbsolid\u00bb border_position=\u00bball\u00bb spacing=\u00bbyes\u00bb background_image=\u00bb\u00bb background_repeat=\u00bbno-repeat\u00bb padding_top=\u00bb\u00bb padding_right=\u00bb\u00bb padding_bottom=\u00bb\u00bb padding_left=\u00bb\u00bb margin_top=\u00bb0px\u00bb margin_bottom=\u00bb0px\u00bb class=\u00bb\u00bb id=\u00bb\u00bb animation_type=\u00bb\u00bb animation_speed=\u00bb0.3&#8243; animation_direction=\u00bbleft\u00bb hide_on_mobile=\u00bbsmall-visibility,medium-visibility,large-visibility\u00bb center_content=\u00bbno\u00bb last=\u00bbtrue\u00bb min_height=\u00bb\u00bb hover_type=\u00bbnone\u00bb link=\u00bb\u00bb border_sizes_top=\u00bb\u00bb border_sizes_bottom=\u00bb\u00bb border_sizes_left=\u00bb\u00bb border_sizes_right=\u00bb\u00bb first=\u00bbtrue\u00bb][fusion_text columns=\u00bb\u00bb column_min_width=\u00bb\u00bb column_spacing=\u00bb\u00bb rule_style=\u00bbdefault\u00bb rule_size=\u00bb\u00bb rule_color=\u00bb\u00bb content_alignment_medium=\u00bb\u00bb content_alignment_small=\u00bb\u00bb content_alignment=\u00bb\u00bb hide_on_mobile=\u00bbsmall-visibility,medium-visibility,large-visibility\u00bb sticky_display=\u00bbnormal,sticky\u00bb class=\u00bb\u00bb id=\u00bb\u00bb font_size=\u00bb\u00bb fusion_font_family_text_font=\u00bb\u00bb fusion_font_variant_text_font=\u00bb\u00bb line_height=\u00bb\u00bb letter_spacing=\u00bb\u00bb text_color=\u00bb\u00bb animation_type=\u00bb\u00bb animation_direction=\u00bbleft\u00bb animation_speed=\u00bb0.3&#8243; animation_offset=\u00bb\u00bb][\/fusion_text][fusion_text columns=\u00bb\u00bb column_min_width=\u00bb\u00bb column_spacing=\u00bb\u00bb rule_style=\u00bbdefault\u00bb rule_size=\u00bb\u00bb rule_color=\u00bb\u00bb content_alignment_medium=\u00bb\u00bb content_alignment_small=\u00bb\u00bb content_alignment=\u00bb\u00bb hide_on_mobile=\u00bbsmall-visibility,medium-visibility,large-visibility\u00bb sticky_display=\u00bbnormal,sticky\u00bb class=\u00bb\u00bb id=\u00bb\u00bb font_size=\u00bb\u00bb fusion_font_family_text_font=\u00bb\u00bb fusion_font_variant_text_font=\u00bb\u00bb line_height=\u00bb\u00bb letter_spacing=\u00bb\u00bb text_color=\u00bb\u00bb animation_type=\u00bb\u00bb animation_direction=\u00bbleft\u00bb animation_speed=\u00bb0.3&#8243; animation_offset=\u00bb\u00bb]\n<p><span style=\"color: #33cccc;\"><i><span style=\"font-weight: 400;\">Por Manuela Toro, Universo MOLA.\u00a0 \/ Imagen portada: Pinterest<\/span><\/i><\/span><\/p>\n<p><span style=\"font-weight: 400;\">Es nuestra <\/span><b>responsabilidad<\/b><span style=\"font-weight: 400;\"> como consumidores cuidar la ropa que tenemos, por eso te presentamos algunos <\/span><b>tips<\/b><span style=\"font-weight: 400;\"> para que puedas disfrutar por mucho m\u00e1s tiempo de esas prendas que tanto te gustan.<\/span><\/p>\n<p><span style=\"font-weight: 400;\">Adem\u00e1s debemos ser <\/span><b>conscientes<\/b><span style=\"font-weight: 400;\"> que dependiendo del uso que les demos, la relaci\u00f3n que establezcamos con ellas y de c\u00f3mo tratemos esas prendas, la <\/span><b>vida<\/b> <b>\u00fatil<\/b><span style=\"font-weight: 400;\"> se extiende a otras generaciones o por el contrario terminar\u00e1 en un vertedero.\u00a0\u00a0<\/span><\/p>\n<p><span style=\"font-weight: 400;\">Lo primero que te recomendamos es <\/span><b>adquirir<\/b> <b>prendas<\/b> <b>de<\/b> <b>calidad<\/b><span style=\"font-weight: 400;\"> en sus tejidos, esto te garantiza que las costuras y el acabado de tu ropa durar\u00e1 much\u00edsimo m\u00e1s que las prendas que se compran en tiendas de consumo masivo, pues esas prendas son fabricadas con est\u00e1ndares bajos de calidad y producidas dentro de un sistema llamado \u201cdesgaste programado\u201d lo que quiere decir que luego de un corto tiempo las prendas se desgastan tanto que finaliza su vida \u00fatil, generando as\u00ed desperdicios textiles y acelerando el ciclo de compra de nuevas prendas que reemplacen a esas.\u00a0<\/span><\/p>\n<p><span style=\"font-weight: 400;\">Otro tip para conservar tu armario sostenible es <\/span><b>leer<\/b> <b>muy<\/b> <b>bien<\/b> <b>las<\/b> <b>etiquetas<\/b> <b>de<\/b> <b>tu<\/b> <b>ropa<\/b><span style=\"font-weight: 400;\">. All\u00ed hay indicaciones de c\u00f3mo debe ser el proceso de lavado. Tambi\u00e9n ten en cuenta separar la ropa antes de lavarla. Por color, delicada y de mayor y menor suciedad. Eso evitar\u00e1 que se da\u00f1en entre s\u00ed y permitir\u00e1 que se conserven mejor los colores con un lavado eficiente.<\/span><\/p>\n<p><span style=\"font-weight: 400;\">Algo que puede revivir tus prendas y darle otro aire a tu guardarropa es hacer uso de una <\/span><b>alternativa<\/b><span style=\"font-weight: 400;\"> muy <\/span><b>creativa<\/b><span style=\"font-weight: 400;\"> y sostenible y es la opci\u00f3n de <\/span><b>customizar<\/b> <b>tus<\/b> <b>prendas<\/b><span style=\"font-weight: 400;\">, lo que significa que t\u00fa mismo modificas una prenda d\u00e1ndole mucha personalidad con parches, bordados, cortandola o rehaciendo y hasta aplicando te\u00f1ido. En el momento que ya no quieras tener m\u00e1s esa prenda, puedes intercambiarla con tus amigos.\u00a0<\/span><\/p>\n<p><b>Planchar<\/b> <b>las<\/b> <b>prendas<\/b> <b>al<\/b> <b>rev\u00e9s<\/b><span style=\"font-weight: 400;\">, ligeramente h\u00famedas y a la temperatura m\u00e1s baja posible, evita el da\u00f1o a los tejidos delicados y el planchado se hace m\u00e1s f\u00e1cil.<\/span><\/p>\n<p><span style=\"font-weight: 400;\">Cuando definitivamente sientas que una o muchas de tus prendas ya cumplieron su ciclo en tu vida, siempre est\u00e1 la opci\u00f3n de <\/span><b>donar<\/b> <b>y<\/b> <b>heredar<\/b><span style=\"font-weight: 400;\"> esa <\/span><b>ropa<\/b><span style=\"font-weight: 400;\">. Limpia tu armario y recoge todas las prendas que no vas a usar y ll\u00e9valas a lugares donde pueden ser aprovechadas. Esas piezas son consideradas dentro del estilo vintage como \u00fanicas y contar\u00e1n una historia diferente seg\u00fan la \u00e9poca en la que sean usadas.<\/span><\/p>\n<p><span style=\"font-weight: 400;\">Lavar menos, a temperaturas m\u00e1s bajas o limpiar en seco s\u00f3lo cuando sea estrictamente necesario, son <\/span><b>algunos buenos h\u00e1bitos que tambi\u00e9n podemos poner en pr\u00e1ctica.<\/b><\/p>\n<p><span style=\"font-weight: 400;\">Ten en cuenta que <\/span><b>evitar<\/b> <b>la<\/b> <b>secadora<\/b><span style=\"font-weight: 400;\">, no s\u00f3lo contribuye con el ahorro de energ\u00eda y cuidado al medio ambiente, sino que tambi\u00e9n protege las prendas y algunos tejidos que son delicados. La opci\u00f3n m\u00e1s viable es que\u00a0 te acostumbres a <\/span><b>tender<\/b> <b>la<\/b> <b>ropa<\/b><span style=\"font-weight: 400;\">, en lugar de utilizar la funci\u00f3n \u2018secadora\u2019.<\/span><\/p>\n<p><span style=\"font-weight: 400;\">Y para finalizar, te damos unos <\/span><span style=\"font-weight: 400;\">\u00a0sencillos consejos que te ayudar\u00e1n a solucionar los problemas m\u00e1s t\u00edpicos y har\u00e1n que tus prendas luzcan como<\/span><span style=\"font-weight: 400;\"> nuevas:<\/span><\/p>\n<ul>\n<li style=\"font-weight: 400;\" aria-level=\"1\"><b>Para esas manchas imposibles <\/b><span style=\"font-weight: 400;\">intenta hacer un quitamanchas casero con lim\u00f3n y bicarbonato. Recuerda que toda mancha tiene su truco, por ejemplo, las manchas de vino tinto se quitan con vino blanco, las de vino blanco con sal y las de maquillaje con espuma de afeitar.\u00a0<\/span><\/li>\n<li style=\"font-weight: 400;\" aria-level=\"1\"><b>Elimina las pelusas de la ropa <\/b><span style=\"font-weight: 400;\">pasando una cuchilla de afeitar con mucho cuidado para no romper la tela, pas\u00e1ndola por toda la zona donde se encuentran las pelusas. Tambi\u00e9n puedes meter en una bolsa la prenda y llevarla al congelador. En el fr\u00edo las fibras dejan de perder pelo y de recoger pelusas.<\/span><\/li>\n<li style=\"font-weight: 400;\" aria-level=\"1\"><b>Recupera el brillo de las prendas de cuero <\/b><span style=\"font-weight: 400;\">con un poco de crema hidratante. <\/span>&nbsp;<\/li>\n<\/ul>\n<p><span style=\"font-weight: 400;\">Siempre ten presente que adquirir prendas de mayor valor es una inversi\u00f3n que sin duda garantiza la calidad y durabilidad de las prendas en el tiempo, y que evitar\u00e1 que compres muy seguido. De esta forma tu armario sostenible estar\u00e1 muchos a\u00f1os haciendo parte de tu historia y listo para seguir contando otras pasando de generaci\u00f3n en generaci\u00f3n.<\/span><\/p>\n<h3 style=\"text-align: center;\"><b><i>\u201cLa moda sostenible no es cara, es justa\u201d Valentina Su\u00e1rez<\/i><\/b><\/h3>\n<p><span style=\"font-weight: 400;\">\u00a0<\/span><\/p>\n<p><i><span style=\"font-weight: 400;\">Fuentes de consulta<\/span><\/i><\/p>\n<p><a href=\"http:\/\/www.naturlii.com\/%EF%BB%BFcomo-alargar-la-vida-util-de-la-ropa\/\"><i><span style=\"font-weight: 400;\">http:\/\/www.naturlii.com\/%EF%BB%BFcomo-alargar-la-vida-util-de-la-ropa\/<\/span><\/i><\/a><\/p>\n<p><a href=\"https:\/\/www.hola.com\/estar-bien\/20180703126509\/como-hacer-que-tu-ropa-dure-mas\/\"><i><span style=\"font-weight: 400;\">https:\/\/www.hola.com\/estar-bien\/20180703126509\/como-hacer-que-tu-ropa-dure-mas\/<\/span><\/i><\/a><\/p>\n<p><a href=\"https:\/\/www.informacion.es\/vida-y-estilo\/moda-belleza\/2015\/05\/29\/alargar-vida-prendas-favoritas-5527226.html\"><i><span style=\"font-weight: 400;\">https:\/\/www.informacion.es\/vida-y-estilo\/moda-belleza\/2015\/05\/29\/alargar-vida-prendas-favoritas-5527226.html<\/span><\/i><\/a><\/p>\n[\/fusion_text][\/fusion_builder_column][\/fusion_builder_row][\/fusion_builder_container]\n","protected":false},"excerpt":{"rendered":"<p>Lorem ipsum dolor sit amet, consectetur adipiscing elit. Nam pharetra dictum eleifend. Sed posuere magna at luctus pretium. Aliquam ligula sem, aliquet sit amet nisi ac, dignissim porta ipsum.<\/p>","protected":false},"author":9,"featured_media":5614,"comment_status":"open","ping_status":"open","sticky":false,"template":"","format":"standard","meta":{"footnotes":""},"categories":[40],"tags":[93,91,89,48,92,47,96,90,88],"class_list":["post-5612","post","type-post","status-publish","format-standard","has-post-thumbnail","category-blog","tag-disenadores-sostenibles","tag-ethical-fashion","tag-moda-etica","tag-moda-latina","tag-moda-latinoamericana","tag-moda-sostenible","tag-moda-sustentable","tag-sustainable","tag-universo-mola"],"_links":{"self":[{"href":"https:\/\/universomola.com\/en\/wp-json\/wp\/v2\/posts\/5612","targetHints":{"allow":["GET"]}}],"collection":[{"href":"https:\/\/universomola.com\/en\/wp-json\/wp\/v2\/posts"}],"about":[{"href":"https:\/\/universomola.com\/en\/wp-json\/wp\/v2\/types\/post"}],"author":[{"embeddable":true,"href":"https:\/\/universomola.com\/en\/wp-json\/wp\/v2\/users\/9"}],"replies":[{"embeddable":true,"href":"https:\/\/universomola.com\/en\/wp-json\/wp\/v2\/comments?post=5612"}],"version-history":[{"count":1,"href":"https:\/\/universomola.com\/en\/wp-json\/wp\/v2\/posts\/5612\/revisions"}],"predecessor-version":[{"id":5615,"href":"https:\/\/universomola.com\/en\/wp-json\/wp\/v2\/posts\/5612\/revisions\/5615"}],"wp:featuredmedia":[{"embeddable":true,"href":"https:\/\/universomola.com\/en\/wp-json\/wp\/v2\/media\/5614"}],"wp:attachment":[{"href":"https:\/\/universomola.com\/en\/wp-json\/wp\/v2\/media?parent=5612"}],"wp:term":[{"taxonomy":"category","embeddable":true,"href":"https:\/\/universomola.com\/en\/wp-json\/wp\/v2\/categories?post=5612"},{"taxonomy":"post_tag","embeddable":true,"href":"https:\/\/universomola.com\/en\/wp-json\/wp\/v2\/tags?post=5612"}],"curies":[{"name":"wp","href":"https:\/\/api.w.org\/{rel}","templated":true}]}}