{"id":5616,"date":"2020-10-09T19:46:23","date_gmt":"2020-10-09T22:46:23","guid":{"rendered":"http:\/\/desarrollosdeprueba.xyz\/universo_mola\/?p=5616"},"modified":"2021-08-08T19:50:35","modified_gmt":"2021-08-08T22:50:35","slug":"hablemos-de-algunos-mitos-de-la-moda-sostenible","status":"publish","type":"post","link":"https:\/\/universomola.com\/en\/hablemos-de-algunos-mitos-de-la-moda-sostenible\/","title":{"rendered":"HABLEMOS DE ALGUNOS MITOS DE LA MODA SOSTENIBLE"},"content":{"rendered":"<div class=\"fusion-fullwidth fullwidth-box fusion-builder-row-1 fusion-flex-container nonhundred-percent-fullwidth non-hundred-percent-height-scrolling\" style=\"--awb-border-radius-top-left:0px;--awb-border-radius-top-right:0px;--awb-border-radius-bottom-right:0px;--awb-border-radius-bottom-left:0px;--awb-flex-wrap:wrap;\" ><div class=\"fusion-builder-row fusion-row fusion-flex-align-items-flex-start fusion-flex-content-wrap\" style=\"max-width:1248px;margin-left: calc(-4% \/ 2 );margin-right: calc(-4% \/ 2 );\"><div class=\"fusion-layout-column fusion_builder_column fusion-builder-column-0 fusion_builder_column_1_1 1_1 fusion-flex-column\" style=\"--awb-bg-size:cover;--awb-width-large:100%;--awb-margin-top-large:0px;--awb-spacing-right-large:1.92%;--awb-margin-bottom-large:0px;--awb-spacing-left-large:1.92%;--awb-width-medium:100%;--awb-spacing-right-medium:1.92%;--awb-spacing-left-medium:1.92%;--awb-width-small:100%;--awb-spacing-right-small:1.92%;--awb-spacing-left-small:1.92%;\"><div class=\"fusion-column-wrapper fusion-flex-justify-content-flex-start fusion-content-layout-column\"><div class=\"fusion-text fusion-text-1\"><\/div><div class=\"fusion-text fusion-text-2\"><p><i><span style=\"font-weight: 400;\">Por Manuela Toro, Universo MOLA.\u00a0 \/ Imagen portada: SISA<\/span><\/i><\/p>\n<p><b>La industria de la moda NO es la segunda m\u00e1s contaminante<\/b><\/p>\n<p><span style=\"font-weight: 400;\">A lo largo del camino en busca de la sostenibilidad, nos damos cuenta que un lastre con el que carga la industria textil sola, es precisamente esa etiqueta de ser la segunda m\u00e1s contaminante del planeta. Un impulso m\u00e1s para defender que efectivamente debemos cambiar la forma en la que hacemos moda.<\/span><\/p>\n<p><b>Si bien puede ser cierto que esta es una de las m\u00e1s contaminantes, no podemos desconocer que la industria de la moda textil abarca muchas otras industrias, y que es importante reflexionar en torno a esto.<\/b><span style=\"font-weight: 400;\"> La moda es poderosa porque impacta a la humanidad a nivel socio-cultural y transversaliza much\u00edsimas otras industrias que est\u00e1n detr\u00e1s de todo el proceso como la agricultura, la energ\u00eda, el transporte, el turismo, la manufactura y las industrias qu\u00edmicas.<\/span><\/p>\n<p><span style=\"font-weight: 400;\">Pero todas estas industrias no s\u00f3lo son cadena de suministro de moda, tambi\u00e9n son materia prima de muchas otras industrias como la de alimentos, la de art\u00edculos para el hogar, la automotriz, solo por mencionar algunas de las que requieren procesos qu\u00edmicos. <\/span><b>Es mucho m\u00e1s f\u00e1cil crear intriga y poner al consumidor a sentirse identificado con la moda, sobre todo para el movimiento de la sostenibilidad.<\/b><span style=\"font-weight: 400;\"> Pero la realidad es que sectores industriales como el cemento y el acero dejan una huella de carbono mucho mayor en el planeta, pero la mayor\u00eda de las personas no compran acero ni cemento. <\/span><span style=\"font-weight: 400;\">\u00a0Es muy probable que esto surgiera de una buena intenci\u00f3n: del deseo de hacer que la industria mundial tuviera consciencia de que debe mejorar. <\/span><span style=\"font-weight: 400;\">Sin embargo, no est\u00e1 bien basarse en datos que no est\u00e1n cien por ciento confirmados y que conllevan a cuestionarse si es verdad afirmar que es la segunda m\u00e1s contaminante del planeta sin tener en cuenta todo lo anterior.\u00a0<\/span><\/p>\n<p><span style=\"font-weight: 400;\">Seg\u00fan una noticia publicada en <\/span><b>The New York Times en 2018 catalogan esta afirmaci\u00f3n como un \u201cmito ecol\u00f3gico\u201d<\/b><span style=\"font-weight: 400;\"> y sustentan bajo una investigaci\u00f3n por qu\u00e9 se debe cuestionar esa posici\u00f3n en el ranking de las industrias m\u00e1s riesgosas para el medio ambiente.\u00a0<\/span><\/p>\n<p><b>No obstante, lo que s\u00ed sabemos con certeza deber\u00eda considerarse bastante malo, y hay que tenerlo en cuenta es lo siguiente:<\/b><\/p>\n<ul>\n<li style=\"font-weight: 400;\" aria-level=\"1\"><span style=\"font-weight: 400;\">Casi tres quintas partes de toda la ropa que se produce termina en incineradoras o vertederos al cabo de un a\u00f1o de haber sido confeccionada.<\/span><\/li>\n<li style=\"font-weight: 400;\" aria-level=\"1\"><span style=\"font-weight: 400;\">M\u00e1s del ocho por ciento de los gases de efecto invernadero es producido por la industria de la ropa y el calzado.<\/span><\/li>\n<li style=\"font-weight: 400;\" aria-level=\"1\"><span style=\"font-weight: 400;\">Entre el 20 y el 25 por ciento de los compuestos qu\u00edmicos que se producen en el mundo se utilizan en la industria de acabado textil.\u201d Informes de Mckinsey y Qantis y del libro Handbook of textile effluent remediation.<\/span><\/li>\n<\/ul>\n<p><span style=\"font-weight: 400;\">Lo que no podemos desconocer independientemente del lugar en el escalaf\u00f3n es la responsabilidad que tienen las grandes marcas de ropa en su huella de carbono, y la de los consumidores en darle durabilidad en el tiempo a la indumentaria, evitando el consumo excesivo y el lavado que desperdicie el agua.<\/span><\/p>\n<p><span style=\"color: #993366;\"><b>\u00bfPor qu\u00e9 la moda sostenible es justa y no cara?<\/b><\/span><\/p>\n<p><span style=\"font-weight: 400;\">Dentro de los mitos que se crean alrededor de la moda sostenible,<\/span><b> uno de los m\u00e1s comunes es que las prendas elaboradas con materiales y procesos \u00e9ticamente responsables suelen ser demasiado costosas.<\/b><\/p>\n<p><span style=\"font-weight: 400;\">Este pensamiento recurrente es err\u00f3neo porque lo que garantizan los materiales que se usan para elaborar prendas sustentables, es la calidad y durabilidad del producto en el tiempo, es por esto que asumir el costo un poco m\u00e1s elevado que lo que se encuentra com\u00fanmente en la fast fashion, <\/span><b>es una inversi\u00f3n que deber\u00edamos hacer.<\/b><span style=\"font-weight: 400;\"> No solo por la contribuci\u00f3n que esto hace al planeta -siendo esta la mayor motivaci\u00f3n,- sino tambi\u00e9n para ahorrarnos posteriores costos debido al desgaste programado de la mayor\u00eda de prendas fabricadas con bajos est\u00e1ndares de calidad, precisamente para acelerar el ritmo de compra de los consumidores y lucrarse a costa de sacrificar la calidad de las prendas.\u00a0<\/span><\/p>\n<p><span style=\"font-weight: 400;\">Adem\u00e1s, el precio que se paga por prendas elaboradas de forma consciente no solo cubre materiales, tejidos y telas sostenibles, s<\/span><b>ino que detr\u00e1s de todo el proceso de elaboraci\u00f3n, tambi\u00e9n est\u00e1n quienes hacen parte de la cadena de producci\u00f3n<\/b><span style=\"font-weight: 400;\">, donde se encuentran proveedores, confeccionistas, artesanos, vendedores, distribuidores, etc quienes reciben un sueldo justo que garantice su calidad de vida.\u00a0<\/span><\/p>\n<p><span style=\"font-weight: 400;\">La moda sostenible comunica de forma transparente todo el proceso, es mucho m\u00e1s f\u00e1cil llevar la trazabilidad de prendas sustentables porque el costo de las prendas es el reflejo de lo invertido dentro de toda la cadena de producci\u00f3n.<\/span><\/p>\n<p><span style=\"font-weight: 400;\">Es por esto que desde <\/span><b>Universo MOLA se promueve el comercio justo, el trabajo digno, el reconocimiento a cada eslab\u00f3n que hace parte de esa cadena,<\/b><span style=\"font-weight: 400;\">\u00a0 y que hacen posible la existencia de piezas \u00fanicas con m\u00faltiples significados dentro de la sociedad, prendas que permiten expresar, que tienen una intenci\u00f3n y que conllevan procesos que movilizan las econom\u00edas de m\u00faltiples sectores que se van engranando y formando as\u00ed todo el sistema moda.<\/span><\/p>\n<h3 style=\"text-align: center;\"><b>\u201cLa moda sostenible no es cara, es justa\u201d<\/b><\/h3>\n<p style=\"text-align: center;\"><i><span style=\"font-weight: 400;\">Valentina Su\u00e1rez &#8211; Directora Universo MOLA<\/span><\/i><\/p>\n<p><img decoding=\"async\" class=\"size-full wp-image-5618 aligncenter lazyload\" data-src=\"http:\/\/desarrollosdeprueba.xyz\/universo_mola\/wp-content\/uploads\/2021\/08\/46.png\" alt=\"\" width=\"392\" height=\"259\" data-srcset=\"https:\/\/universomola.com\/wp-content\/uploads\/2021\/08\/46-200x132.png 200w, https:\/\/universomola.com\/wp-content\/uploads\/2021\/08\/46-300x198.png 300w, https:\/\/universomola.com\/wp-content\/uploads\/2021\/08\/46.png 392w\" data-sizes=\"(max-width: 392px) 100vw, 392px\" src=\"data:image\/svg+xml;base64,PHN2ZyB3aWR0aD0iMSIgaGVpZ2h0PSIxIiB4bWxucz0iaHR0cDovL3d3dy53My5vcmcvMjAwMC9zdmciPjwvc3ZnPg==\" style=\"--smush-placeholder-width: 392px; --smush-placeholder-aspect-ratio: 392\/259;\" \/><\/p>\n<p><span style=\"font-weight: 400;\">\u00a0<\/span><\/p>\n<p><span style=\"font-weight: 400;\">Fuentes de investigaci\u00f3n<\/span><\/p>\n<p><a href=\"https:\/\/www.nytimes.com\/es\/2018\/12\/22\/espanol\/industria-de-la-moda-contaminante.html\"><span style=\"font-weight: 400;\">https:\/\/www.nytimes.com\/es\/2018\/12\/22\/espanol\/industria-de-la-moda-contaminante.html<\/span><\/a><\/p>\n<p><a href=\"https:\/\/www.elespectador.com\/noticias\/medio-ambiente\/por-que-la-industria-textil-es-la-mas-contaminante-despues-del-sector-petrolero\/\"><span style=\"font-weight: 400;\">https:\/\/www.elespectador.com\/noticias\/medio-ambiente\/por-que-la-industria-textil-es-la-mas-contaminante-despues-del-sector-petrolero\/<\/span><\/a><\/p>\n<p><a href=\"https:\/\/www.forbes.com.mx\/la-moda-es-una-de-las-industrias-mas-contaminantes-onu\/\"><span style=\"font-weight: 400;\">https:\/\/www.forbes.com.mx\/la-moda-es-una-de-las-industrias-mas-contaminantes-onu\/<\/span><\/a><\/p>\n<p><a href=\"https:\/\/news.un.org\/es\/story\/2019\/04\/1454161\"><span style=\"font-weight: 400;\">https:\/\/news.un.org\/es\/story\/2019\/04\/1454161<\/span><\/a><\/p>\n<p><a href=\"http:\/\/www.unamglobal.unam.mx\/?p=68451\"><span style=\"font-weight: 400;\">http:\/\/www.unamglobal.unam.mx\/?p=68451<\/span><\/a><\/p>\n<\/div><\/div><\/div><\/div><\/div>","protected":false},"excerpt":{"rendered":"<p>Lorem ipsum dolor sit amet, consectetur adipiscing elit. Nam pharetra dictum eleifend. Sed posuere magna at luctus pretium. Aliquam ligula sem, aliquet sit amet nisi ac, dignissim porta ipsum.<\/p>","protected":false},"author":9,"featured_media":5619,"comment_status":"open","ping_status":"open","sticky":false,"template":"","format":"standard","meta":{"_monsterinsights_skip_tracking":false,"_monsterinsights_sitenote_active":false,"_monsterinsights_sitenote_note":"","_monsterinsights_sitenote_category":0,"footnotes":""},"categories":[40],"tags":[93,91,89,48,92,47,96,90,88],"class_list":["post-5616","post","type-post","status-publish","format-standard","has-post-thumbnail","hentry","category-blog","tag-disenadores-sostenibles","tag-ethical-fashion","tag-moda-etica","tag-moda-latina","tag-moda-latinoamericana","tag-moda-sostenible","tag-moda-sustentable","tag-sustainable","tag-universo-mola"],"_links":{"self":[{"href":"https:\/\/universomola.com\/en\/wp-json\/wp\/v2\/posts\/5616","targetHints":{"allow":["GET"]}}],"collection":[{"href":"https:\/\/universomola.com\/en\/wp-json\/wp\/v2\/posts"}],"about":[{"href":"https:\/\/universomola.com\/en\/wp-json\/wp\/v2\/types\/post"}],"author":[{"embeddable":true,"href":"https:\/\/universomola.com\/en\/wp-json\/wp\/v2\/users\/9"}],"replies":[{"embeddable":true,"href":"https:\/\/universomola.com\/en\/wp-json\/wp\/v2\/comments?post=5616"}],"version-history":[{"count":1,"href":"https:\/\/universomola.com\/en\/wp-json\/wp\/v2\/posts\/5616\/revisions"}],"predecessor-version":[{"id":5620,"href":"https:\/\/universomola.com\/en\/wp-json\/wp\/v2\/posts\/5616\/revisions\/5620"}],"wp:featuredmedia":[{"embeddable":true,"href":"https:\/\/universomola.com\/en\/wp-json\/wp\/v2\/media\/5619"}],"wp:attachment":[{"href":"https:\/\/universomola.com\/en\/wp-json\/wp\/v2\/media?parent=5616"}],"wp:term":[{"taxonomy":"category","embeddable":true,"href":"https:\/\/universomola.com\/en\/wp-json\/wp\/v2\/categories?post=5616"},{"taxonomy":"post_tag","embeddable":true,"href":"https:\/\/universomola.com\/en\/wp-json\/wp\/v2\/tags?post=5616"}],"curies":[{"name":"wp","href":"https:\/\/api.w.org\/{rel}","templated":true}]}}