{"id":5617,"date":"2019-10-19T19:47:21","date_gmt":"2019-10-19T22:47:21","guid":{"rendered":"http:\/\/desarrollosdeprueba.xyz\/universo_mola\/?p=5617"},"modified":"2021-08-08T19:52:47","modified_gmt":"2021-08-08T22:52:47","slug":"virada-sustentavel-festival-de-sostenibilidad","status":"publish","type":"post","link":"https:\/\/universomola.com\/en\/virada-sustentavel-festival-de-sostenibilidad\/","title":{"rendered":"\u201cVIRADA SUSTENT\u00c1VEL\u201d FESTIVAL DE SOSTENIBILIDAD"},"content":{"rendered":"<div class=\"fusion-fullwidth fullwidth-box fusion-builder-row-1 fusion-flex-container nonhundred-percent-fullwidth non-hundred-percent-height-scrolling\" style=\"--awb-border-radius-top-left:0px;--awb-border-radius-top-right:0px;--awb-border-radius-bottom-right:0px;--awb-border-radius-bottom-left:0px;--awb-flex-wrap:wrap;\" ><div class=\"fusion-builder-row fusion-row fusion-flex-align-items-flex-start fusion-flex-content-wrap\" style=\"max-width:1248px;margin-left: calc(-4% \/ 2 );margin-right: calc(-4% \/ 2 );\"><div class=\"fusion-layout-column fusion_builder_column fusion-builder-column-0 fusion_builder_column_1_1 1_1 fusion-flex-column\" style=\"--awb-bg-size:cover;--awb-width-large:100%;--awb-margin-top-large:0px;--awb-spacing-right-large:1.92%;--awb-margin-bottom-large:0px;--awb-spacing-left-large:1.92%;--awb-width-medium:100%;--awb-spacing-right-medium:1.92%;--awb-spacing-left-medium:1.92%;--awb-width-small:100%;--awb-spacing-right-small:1.92%;--awb-spacing-left-small:1.92%;\"><div class=\"fusion-column-wrapper fusion-flex-justify-content-flex-start fusion-content-layout-column\"><div class=\"fusion-text fusion-text-1\"><p><em><span style=\"color: #33cccc;\">Escrito por: Noticias <\/span><\/em><em><span style=\"color: #33cccc;\">de Universo MOLA<\/span><\/em><\/p>\n<p><span style=\"font-weight: 400;\">Por Gabriela De Laurentis del #UniversoMOLA Brasil<\/span><\/p>\n<p><i><span style=\"font-weight: 400;\">VIRADA SUSTENT\u00c1VEL \u2013 MOBILIZA\u00c7\u00c3O PARA A SUSTENTABILIDADE<\/span><\/i><\/p>\n<p><i><span style=\"font-weight: 400;\">A Virada Sustent\u00e1vel \u00e9 um movimento de mobiliza\u00e7\u00e3o para a sustentabilidade que organiza o maior festival sobre o tema no Brasil. A programa\u00e7\u00e3o vai de 17 a 20 de outubro, ocorre em diversas cidades simultaneamente no Brasil, em que cada cidade tem uma programa\u00e7\u00e3o distinta. Come\u00e7ou em 2011 em S\u00e3o Paulo e j\u00e1 realizou edi\u00e7\u00f5es nas cidades do Rio de Janeiro, Porto Alegre, Salvador e Manaus, entre outras.<\/span><\/i><\/p>\n<p><span style=\"font-weight: 400;\">\u201cVirada Sustent\u00e1vel\u201d es un movimiento de movilizaci\u00f3n a la sostenibilidad que organiza el festival m\u00e1s grande sobre el tema en Brasil. La programaci\u00f3n se extiende del 17 al 20 de octubre, ocurre en varias ciudades simultaneamente de Brasil, donde cada ciudad tiene\u00a0 una programaci\u00f3n diferente. Comenz\u00f3 en 2011 en S\u00e3o Paulo y ha realizado ediciones en las ciudades de R\u00edo de Janeiro, Porto Alegre, Salvador y Manaos, entre otras.<\/span><\/p>\n<p><span style=\"color: #999999;\"><i><span style=\"font-weight: 400;\">Atrav\u00e9s da articula\u00e7\u00e3o e participa\u00e7\u00e3o direta de organiza\u00e7\u00f5es da sociedade civil, \u00f3rg\u00e3os p\u00fablicos, coletivos de cultura, movimentos sociais, equipamentos culturais, empresas, escolas e universidades, o festival tem como objetivo apresentar uma vis\u00e3o positiva e inspiradora sobre a sustentabilidade e seus diferentes temas para a popula\u00e7\u00e3o, al\u00e9m de refor\u00e7ar as redes de transforma\u00e7\u00e3o e impacto social existentes nas diferentes cidades.<\/span><\/i><\/span><\/p>\n<p><span style=\"font-weight: 400;\">A trav\u00e9s de la articulaci\u00f3n y participaci\u00f3n directa de organizaciones de la sociedad civil, organismos p\u00fablicos, colectivos culturales, movimientos sociales, sitios culturales, empresas, escuelas y universidades, el festival tiene como objetivo presentar una visi\u00f3n positiva e inspiradora sobre la sostenibilidad y sus diferentes temas para poblaci\u00f3n, adem\u00e1s de reforzar las redes de transformaci\u00f3n y el impacto social existente en diferentes ciudades.<\/span><\/p>\n<p><span style=\"color: #999999;\"><i><span style=\"font-weight: 400;\">A concep\u00e7\u00e3o tem\u00e1tica da Virada Sustent\u00e1vel \u00e9 atualmente lastreada nos 17 Objetivos do Desenvolvimento Sustent\u00e1vel, definidos pela ONU, que s\u00e3o tamb\u00e9m os princ\u00edpios que orientam a programa\u00e7\u00e3o do festival em todas as cidades. Como forma de orientar as boas pr\u00e1ticas e a\u00e7\u00f5es que fazem parte do movimento, foi elaborado um Manual de Boas Pr\u00e1ticas. Entre as boas pr\u00e1ticas est\u00e3o:<\/span><\/i><\/span><\/p>\n<p><span style=\"font-weight: 400;\">La concepci\u00f3n tem\u00e1tica de la \u201cVirada Sustent\u00e1vel\u201d\u00a0 se basa actualmente en los 17 Objetivos de Desarrollo Sostenible de la ONU, que tambi\u00e9n son los principios rectores del programa del festival en todas las ciudades. Como una forma de guiar las buenas pr\u00e1cticas y acciones que forman parte del movimiento, se prepar\u00f3 un Manual de Buenas Pr\u00e1cticas. Las buenas pr\u00e1cticas incluyen:<\/span><\/p>\n<p><span style=\"color: #999999;\"><b><i>RESPONSABILIDADE SOCIAL E CIDADANIA\u00a0<\/i><\/b><\/span><\/p>\n<ul>\n<li style=\"font-weight: 400;\" aria-level=\"1\"><i><span style=\"font-weight: 400;\">Trabalho escravo ou infantil s\u00e3o terminantemente proibidos e est\u00e3o sujeitos \u00e0s penalidades previstas em Lei;\u00a0<\/span><\/i><\/li>\n<li style=\"font-weight: 400;\" aria-level=\"1\"><i><span style=\"font-weight: 400;\">Sal\u00e1rios e jornadas de trabalho devem ser condizentes com as regras trabalhistas e melhores pr\u00e1ticas do mercado de trabalho, sempre tentando pagar o m\u00e1ximo poss\u00edvel para todos os envolvidos;\u00a0<\/span><\/i><\/li>\n<li style=\"font-weight: 400;\" aria-level=\"1\"><i><span style=\"font-weight: 400;\">Volunt\u00e1rios n\u00e3o est\u00e3o no evento para trabalhar, mas para aprender;\u00a0<\/span><\/i><\/li>\n<li style=\"font-weight: 400;\" aria-level=\"1\"><i><span style=\"font-weight: 400;\">Cuidado redobrado com a comunica\u00e7\u00e3o voltada ao p\u00fablico infantil. N\u00e3o ser\u00e1 permitida qualquer a\u00e7\u00e3o promocional dirigida \u00e0s crian\u00e7as;\u00a0<\/span><\/i><\/li>\n<li style=\"font-weight: 400;\" aria-level=\"1\"><i><span style=\"font-weight: 400;\">Privilegie a contrata\u00e7\u00e3o de grupos locais e associados a redes de economia solid\u00e1ria;\u00a0<\/span><\/i><\/li>\n<li style=\"font-weight: 400;\" aria-level=\"1\"><i><span style=\"font-weight: 400;\">N\u00e3o utilize produtos provenientes de pr\u00e1ticas explorat\u00f3rias. Estimule o \u201cfair-trade\u201d;\u00a0\u00a0<\/span><\/i><\/li>\n<li style=\"font-weight: 400;\" aria-level=\"1\"><i><span style=\"font-weight: 400;\">Realizar a\u00e7\u00f5es de coleta de roupas, livros, alimentos n\u00e3o-perec\u00edveis, que possam ajudar outras institui\u00e7\u00f5es e pessoas em necessidade.<\/span><\/i><\/li>\n<li style=\"font-weight: 400;\" aria-level=\"1\"><i><span style=\"font-weight: 400;\">O respeito \u00e0 diversidade \u00e9 fundamental. Respeite o diferente e fique atento a demandas espec\u00edficas de minorias (ex.: alimenta\u00e7\u00e3o vegetariana);\u00a0<\/span><\/i><\/li>\n<li style=\"font-weight: 400;\" aria-level=\"1\"><i><span style=\"font-weight: 400;\">O grau de empoderamento e inclus\u00e3o social \u00e9 fator determinante na escolha e sele\u00e7\u00e3o dos locais (equipamentos culturais, escolas, parques e pra\u00e7as de lazer etc.);\u00a0<\/span><\/i><\/li>\n<li style=\"font-weight: 400;\" aria-level=\"1\"><i><span style=\"font-weight: 400;\">A programa\u00e7\u00e3o nos extremos da cidade demanda a mesma aten\u00e7\u00e3o e carinho dos eventos localizados nas regi\u00f5es centrais;\u00a0<\/span><\/i><\/li>\n<li style=\"font-weight: 400;\" aria-level=\"1\"><i><span style=\"font-weight: 400;\">N\u00e3o promover o consumo de tabaco, \u00e1lcool, drogas, armas e viol\u00eancia;\u00a0<\/span><\/i><\/li>\n<li style=\"font-weight: 400;\" aria-level=\"1\"><i><span style=\"font-weight: 400;\">N\u00e3o associar as atividades durante a Virada com nenhuma religi\u00e3o, partido pol\u00edtico, classe social, ra\u00e7a ou g\u00eanero;\u00a0<\/span><\/i><\/li>\n<li style=\"font-weight: 400;\" aria-level=\"1\"><i><span style=\"font-weight: 400;\">N\u00e3o vincular as atividades ao uso de animais para o entretenimento. A\u00e7\u00f5es que usem animais, ou lidem com a vida de outras esp\u00e9cies, precisam ser submetidas \u00e0 aprova\u00e7\u00e3o do Conselho e garantirem que n\u00e3o causar\u00e3o nenhuma forma de sofrimento ou maus-tratos.<\/span><\/i><\/li>\n<\/ul>\n<p><span style=\"font-weight: 400;\">\u00a0<\/span><\/p>\n<p><b>RESPONSABILIDAD SOCIAL Y CIUDADAN\u00cdA<\/b><\/p>\n<ul>\n<li style=\"font-weight: 400;\" aria-level=\"1\"><span style=\"font-weight: 400;\">El trabajo esclavo o infantil est\u00e1 estrictamente prohibido y sujeto a las sanciones previstas por la ley;<\/span><\/li>\n<li style=\"font-weight: 400;\" aria-level=\"1\"><span style=\"font-weight: 400;\">Los salarios y las horas de trabajo deben ser consistentes con las normas laborales y las mejores pr\u00e1cticas en el mercado laboral, siempre tratando de pagar lo m\u00e1s posible para todos los involucrados;<\/span><\/li>\n<li style=\"font-weight: 400;\" aria-level=\"1\"><span style=\"font-weight: 400;\">Los voluntarios no est\u00e1n en el evento para trabajar, sino para aprender;<\/span><\/li>\n<li style=\"font-weight: 400;\" aria-level=\"1\"><span style=\"font-weight: 400;\">Mayor atenci\u00f3n con comunicaci\u00f3n dirigida a ni\u00f1os. No se permitir\u00e1n acciones promocionales dirigidas a ni\u00f1os;<\/span><\/li>\n<li style=\"font-weight: 400;\" aria-level=\"1\"><span style=\"font-weight: 400;\">Favorecer la contrataci\u00f3n de grupos locales y miembros de redes de econom\u00eda solidaria;<\/span><\/li>\n<li style=\"font-weight: 400;\" aria-level=\"1\"><span style=\"font-weight: 400;\">No utilizar productos de pr\u00e1cticas exploratorias. Fomentar el comercio justo;<\/span><\/li>\n<li style=\"font-weight: 400;\" aria-level=\"1\"><span style=\"font-weight: 400;\">Lleve a cabo acciones para recolectar ropa, libros, alimentos no perecederos que puedan ayudar a otras instituciones y personas necesitadas.<\/span><\/li>\n<li style=\"font-weight: 400;\" aria-level=\"1\"><span style=\"font-weight: 400;\">El respeto a la diversidad es fundamental. Respete lo diferente y tenga en cuenta las demandas minoritarias espec\u00edficas (por ejemplo, comida vegetariana);<\/span><\/li>\n<li style=\"font-weight: 400;\" aria-level=\"1\"><span style=\"font-weight: 400;\">El grado de empoderamiento e inclusi\u00f3n social es un factor determinante en la elecci\u00f3n y selecci\u00f3n de lugares (instalaciones culturales, escuelas, parques y plazas de ocio, etc.);<\/span><\/li>\n<li style=\"font-weight: 400;\" aria-level=\"1\"><span style=\"font-weight: 400;\">La programaci\u00f3n en los extremos de la ciudad exige la misma atenci\u00f3n y afecto que los eventos ubicados en las regiones centrales;<\/span><\/li>\n<li style=\"font-weight: 400;\" aria-level=\"1\"><span style=\"font-weight: 400;\">No promover el consumo de tabaco, alcohol, drogas, armas y violencia;<\/span><\/li>\n<li style=\"font-weight: 400;\" aria-level=\"1\"><span style=\"font-weight: 400;\">No asocie actividades durante el Turno con ninguna religi\u00f3n, partido pol\u00edtico, clase social, raza o g\u00e9nero;<\/span><\/li>\n<li style=\"font-weight: 400;\" aria-level=\"1\"><span style=\"font-weight: 400;\">No vincule actividades con el uso de animales para el entretenimiento. Las acciones que utilizan animales, o se ocupan de la vida de otras especies, deben presentarse para la aprobaci\u00f3n del Consejo y garantizar que no causen ning\u00fan tipo de sufrimiento o malos tratos.<\/span><\/li>\n<\/ul>\n<p><span style=\"color: #999999;\"><i><span style=\"font-weight: 400;\">Tamb\u00e9m no Manual de Boas Pr\u00e1ticas, est\u00e3o orienta\u00e7\u00f5es sobre Gest\u00e3o de Res\u00edduos, Alimenta\u00e7\u00e3o, Mudan\u00e7as Clim\u00e1ticas e Mobilidade Urbana. Acesse O Manual Completo de Boas Pr\u00e1ticas no site do festival.\u00a0\u00a0<\/span><\/i><\/span><\/p>\n<p><b><i>Vire suas ideias. Repense. #VireSuaCidade <\/i><\/b><span style=\"color: #999999;\"><i><span style=\"font-weight: 400;\">Programa\u00e7\u00e3o completa&gt;&gt; <\/span><\/i><a style=\"color: #999999;\" href=\"http:\/\/www.viradasustentavel.org.br\/\"><i><span style=\"font-weight: 400;\">www.viradasustentavel.org.br<\/span><\/i><\/a><i><span style=\"font-weight: 400;\"> \u00a0 <\/span><\/i><i><span style=\"font-weight: 400;\">Fonte e foto por Virada Sustent\u00e1vel<\/span><\/i><\/span><\/p>\n<p><span style=\"font-weight: 400;\">Tambi\u00e9n en el Manual de Buenas Pr\u00e1cticas se encuentran las directrices sobre gesti\u00f3n de residuos, alimentos, cambio clim\u00e1tico y movilidad urbana. Acceda al Manual completo de mejores pr\u00e1cticas en el sitio web del festival.<\/span><\/p>\n<p><b>Cambia tus ideas. Repiense. <\/b><span style=\"font-weight: 400;\">Programaci\u00f3n completa &gt;&gt; <\/span><a href=\"http:\/\/www.viradasustentavel.org.br\/\"><span style=\"font-weight: 400;\">www.viradasustentavel.org.br<\/span><\/a> <span style=\"font-weight: 400;\">Fuente y foto por Virada Sustent\u00e1vel.<\/span><\/p>\n<\/div><\/div><\/div><\/div><\/div>","protected":false},"excerpt":{"rendered":"<p>Lorem ipsum dolor sit amet, consectetur adipiscing elit. Nam pharetra dictum eleifend. Sed posuere magna at luctus pretium. Aliquam ligula sem, aliquet sit amet nisi ac, dignissim porta ipsum.<\/p>","protected":false},"author":9,"featured_media":5621,"comment_status":"open","ping_status":"open","sticky":false,"template":"","format":"standard","meta":{"_monsterinsights_skip_tracking":false,"_monsterinsights_sitenote_active":false,"_monsterinsights_sitenote_note":"","_monsterinsights_sitenote_category":0,"footnotes":""},"categories":[40],"tags":[93,89,48,92,47,96,88],"class_list":["post-5617","post","type-post","status-publish","format-standard","has-post-thumbnail","hentry","category-blog","tag-disenadores-sostenibles","tag-moda-etica","tag-moda-latina","tag-moda-latinoamericana","tag-moda-sostenible","tag-moda-sustentable","tag-universo-mola"],"_links":{"self":[{"href":"https:\/\/universomola.com\/en\/wp-json\/wp\/v2\/posts\/5617","targetHints":{"allow":["GET"]}}],"collection":[{"href":"https:\/\/universomola.com\/en\/wp-json\/wp\/v2\/posts"}],"about":[{"href":"https:\/\/universomola.com\/en\/wp-json\/wp\/v2\/types\/post"}],"author":[{"embeddable":true,"href":"https:\/\/universomola.com\/en\/wp-json\/wp\/v2\/users\/9"}],"replies":[{"embeddable":true,"href":"https:\/\/universomola.com\/en\/wp-json\/wp\/v2\/comments?post=5617"}],"version-history":[{"count":1,"href":"https:\/\/universomola.com\/en\/wp-json\/wp\/v2\/posts\/5617\/revisions"}],"predecessor-version":[{"id":5623,"href":"https:\/\/universomola.com\/en\/wp-json\/wp\/v2\/posts\/5617\/revisions\/5623"}],"wp:featuredmedia":[{"embeddable":true,"href":"https:\/\/universomola.com\/en\/wp-json\/wp\/v2\/media\/5621"}],"wp:attachment":[{"href":"https:\/\/universomola.com\/en\/wp-json\/wp\/v2\/media?parent=5617"}],"wp:term":[{"taxonomy":"category","embeddable":true,"href":"https:\/\/universomola.com\/en\/wp-json\/wp\/v2\/categories?post=5617"},{"taxonomy":"post_tag","embeddable":true,"href":"https:\/\/universomola.com\/en\/wp-json\/wp\/v2\/tags?post=5617"}],"curies":[{"name":"wp","href":"https:\/\/api.w.org\/{rel}","templated":true}]}}