{"id":5625,"date":"2019-10-19T19:55:39","date_gmt":"2019-10-19T22:55:39","guid":{"rendered":"http:\/\/desarrollosdeprueba.xyz\/universo_mola\/?p=5625"},"modified":"2021-08-08T19:59:00","modified_gmt":"2021-08-08T22:59:00","slug":"moda-sostenible-retos-del-siglo-xxi-en-la-ensenanza-aprendizaje","status":"publish","type":"post","link":"https:\/\/universomola.com\/en\/moda-sostenible-retos-del-siglo-xxi-en-la-ensenanza-aprendizaje\/","title":{"rendered":"MODA SOSTENIBLE: RETOS DEL SIGLO XXI EN LA ENSE\u00d1ANZA APRENDIZAJE"},"content":{"rendered":"<div class=\"fusion-fullwidth fullwidth-box fusion-builder-row-1 fusion-flex-container nonhundred-percent-fullwidth non-hundred-percent-height-scrolling\" style=\"--awb-border-radius-top-left:0px;--awb-border-radius-top-right:0px;--awb-border-radius-bottom-right:0px;--awb-border-radius-bottom-left:0px;--awb-flex-wrap:wrap;\" ><div class=\"fusion-builder-row fusion-row fusion-flex-align-items-flex-start fusion-flex-content-wrap\" style=\"max-width:1248px;margin-left: calc(-4% \/ 2 );margin-right: calc(-4% \/ 2 );\"><div class=\"fusion-layout-column fusion_builder_column fusion-builder-column-0 fusion_builder_column_1_1 1_1 fusion-flex-column\" style=\"--awb-bg-size:cover;--awb-width-large:100%;--awb-margin-top-large:0px;--awb-spacing-right-large:1.92%;--awb-margin-bottom-large:0px;--awb-spacing-left-large:1.92%;--awb-width-medium:100%;--awb-spacing-right-medium:1.92%;--awb-spacing-left-medium:1.92%;--awb-width-small:100%;--awb-spacing-right-small:1.92%;--awb-spacing-left-small:1.92%;\"><div class=\"fusion-column-wrapper fusion-flex-justify-content-flex-start fusion-content-layout-column\"><div class=\"fusion-text fusion-text-1\"><p><em><span style=\"color: #33cccc;\">Escrito por: Noticias <\/span><\/em><em><span style=\"color: #33cccc;\">de Universo MOLA<\/span><\/em><\/p>\n<p><span style=\"font-weight: 400; color: #999999;\">Por Lidia Esperanza Gomez, Dise\u00f1o de Modas, Corporaci\u00f3n Unificada Nacional de Educaci\u00f3n Superior &#8211; CUN.\u00a0<\/span><\/p>\n<p style=\"text-align: right;\"><span style=\"color: #800000;\"><b><i>RECOPILADO DEL SEMINARIO ACAD\u00c9MICO DE MODA SOSTENIBLE, BOGOT\u00c1, 2019.<\/i><\/b><\/span><\/p>\n<p><b>Cap\u00edtulo I<\/b><\/p>\n<p><span style=\"font-weight: 400;\">Se denomin\u00f3 conceptos asociados a la sostenibilidad, en \u00e9l se presentan conceptos b\u00e1sicos como: <\/span><i><span style=\"font-weight: 400;\">sustainability<\/span><\/i><span style=\"font-weight: 400;\"> que para mar\u00eda Novo (2006) plantea la capacidad de las sociedades de organizarse en el corto, medio y largo plazo para proyectarse en el futuro; medio ambiente el espacio que ocupamos y todo lo que nos rodea; <\/span><i><span style=\"font-weight: 400;\">Reutilizar<\/span><\/i><span style=\"font-weight: 400;\">; <\/span><i><span style=\"font-weight: 400;\">circular economy<\/span><\/i><span style=\"font-weight: 400;\"> este concepto es m\u00e1s contempor\u00e1neo y cambia el sistema lineal de producci\u00f3n para evitar los desechos de la industria; <\/span><i><span style=\"font-weight: 400;\">moda slow<\/span><\/i><span style=\"font-weight: 400;\"> no como una tendencia sino, como un estilo de vida que han adoptado los nuevos consumidores del siglo XXI. Gema G\u00f3mez recuerda que: \u201cla moda slow creo que lo que nos viene a recordar es, que los negocios funcionan de una manera pero que la vida funciona de otra\u201d (G. G\u00f3mez, comunicaci\u00f3n personal, 19 de noviembre de 2015); <\/span><i><span style=\"font-weight: 400;\">Sustainable Fashion <\/span><\/i><span style=\"font-weight: 400;\">es un concepto amplio que incluye el dise\u00f1o, la elecci\u00f3n de materiales\u00a0 hasta la comercializaci\u00f3n transporte y desuso de la prenda, cuando se cumplen todos estos pasos estamos hablando de moda sostenible, incluye ecomoda, moda \u00e9tica, moda verde y slow (Salcedo, 2014); <\/span><i><span style=\"font-weight: 400;\">de la cuna a la cuna<\/span><\/i><span style=\"font-weight: 400;\">; por \u00faltimo el <\/span><i><span style=\"font-weight: 400;\">fast fashion <\/span><\/i><span style=\"font-weight: 400;\">que de acuerdo a Lipovestky (1990) el concepto lo adopta la moda para hablar de producci\u00f3n de pronto moda.\u00a0<\/span><\/p>\n<p><img decoding=\"async\" class=\"alignnone size-full wp-image-5628 lazyload\" data-src=\"http:\/\/desarrollosdeprueba.xyz\/universo_mola\/wp-content\/uploads\/2021\/08\/Captura243.png\" alt=\"\" width=\"291\" height=\"296\" data-srcset=\"https:\/\/universomola.com\/wp-content\/uploads\/2021\/08\/Captura243-66x66.png 66w, https:\/\/universomola.com\/wp-content\/uploads\/2021\/08\/Captura243-200x203.png 200w, https:\/\/universomola.com\/wp-content\/uploads\/2021\/08\/Captura243.png 291w\" data-sizes=\"(max-width: 291px) 100vw, 291px\" src=\"data:image\/svg+xml;base64,PHN2ZyB3aWR0aD0iMSIgaGVpZ2h0PSIxIiB4bWxucz0iaHR0cDovL3d3dy53My5vcmcvMjAwMC9zdmciPjwvc3ZnPg==\" style=\"--smush-placeholder-width: 291px; --smush-placeholder-aspect-ratio: 291\/296;\" \/><\/p>\n<p><b>Cap\u00edtulo II<\/b><\/p>\n<p><span style=\"font-weight: 400;\">Este cap\u00edtulo es denominado los textiles porque en este se hace toda la clasificaci\u00f3n de los materiales seg\u00fan su origen, animal, vegetal, mineral, biodegradables, artificiales y manufacturadas (Hollen, Saddler y Langford, 2001). Otro aspecto importante es identificar los textiles empleados por estudiantes de dise\u00f1o de modas de la CUN y compararlos con la tabla de clasificaci\u00f3n de textiles sostenibles de Made-By Referencia ambiental para fibras. Adem\u00e1s, se aplica una encuesta a 152 estudiantes 45 de dise\u00f1o de modas del SENA y 107 de Modas de la CUN para indagar sobre el conocimiento de los textiles y pr\u00e1cticas sostenibles por parte de los futuros dise\u00f1adores.\u00a0<\/span><\/p>\n<p><img decoding=\"async\" class=\"alignnone size-full wp-image-5630 lazyload\" data-src=\"http:\/\/desarrollosdeprueba.xyz\/universo_mola\/wp-content\/uploads\/2021\/08\/Captura244.png\" alt=\"\" width=\"435\" height=\"313\" data-srcset=\"https:\/\/universomola.com\/wp-content\/uploads\/2021\/08\/Captura244-200x144.png 200w, https:\/\/universomola.com\/wp-content\/uploads\/2021\/08\/Captura244-300x216.png 300w, https:\/\/universomola.com\/wp-content\/uploads\/2021\/08\/Captura244-400x288.png 400w, https:\/\/universomola.com\/wp-content\/uploads\/2021\/08\/Captura244.png 435w\" data-sizes=\"(max-width: 435px) 100vw, 435px\" src=\"data:image\/svg+xml;base64,PHN2ZyB3aWR0aD0iMSIgaGVpZ2h0PSIxIiB4bWxucz0iaHR0cDovL3d3dy53My5vcmcvMjAwMC9zdmciPjwvc3ZnPg==\" style=\"--smush-placeholder-width: 435px; --smush-placeholder-aspect-ratio: 435\/313;\" \/><\/p>\n<p><b>Cap\u00edtulo III<\/b><\/p>\n<p><span style=\"font-weight: 400;\">Este est\u00e1 conformado por metodolog\u00edas aplicadas para sensibilizar a los estudiantes frente al tema de la moda slow, el primero es el proyecto integrador de aula PIA de quinto semestre de alta moda donde se investig\u00f3 el tema ancestral de los bordados y luego se recolectaron cortinas, vestidos en tiendas de segunda mano y lencer\u00eda de las abuelas para deconstruir y desarrollar el proyecto \u201cReminerg\u00eda\u201d que significa reutilizar materiales donde ya se hizo gasto la energ\u00eda y recursos para volverlos a incluir en el circulo productivo. Adem\u00e1s, los proyectos PIA se trabajaron en todas las regionales articuladas con el tema PIA y moda responsable, como las acciones para apropiar conceptos y el tema sostenible, es all\u00ed donde se da el aprendizaje en la formaci\u00f3n de profesionales responsables socialmente, sin perder el norte del dise\u00f1o y materializando objetos con contenidos ecol\u00f3gicos, dise\u00f1o l\u00f3gico (Vi\u00f1ola, 2015).<\/span><\/p>\n<p><img decoding=\"async\" class=\"alignnone size-full wp-image-5631 lazyload\" data-src=\"http:\/\/desarrollosdeprueba.xyz\/universo_mola\/wp-content\/uploads\/2021\/08\/Captura245.png\" alt=\"\" width=\"520\" height=\"326\" data-srcset=\"https:\/\/universomola.com\/wp-content\/uploads\/2021\/08\/Captura245-200x125.png 200w, https:\/\/universomola.com\/wp-content\/uploads\/2021\/08\/Captura245-300x188.png 300w, https:\/\/universomola.com\/wp-content\/uploads\/2021\/08\/Captura245-320x202.png 320w, https:\/\/universomola.com\/wp-content\/uploads\/2021\/08\/Captura245-400x251.png 400w, https:\/\/universomola.com\/wp-content\/uploads\/2021\/08\/Captura245-500x313.png 500w, https:\/\/universomola.com\/wp-content\/uploads\/2021\/08\/Captura245.png 520w\" data-sizes=\"(max-width: 520px) 100vw, 520px\" src=\"data:image\/svg+xml;base64,PHN2ZyB3aWR0aD0iMSIgaGVpZ2h0PSIxIiB4bWxucz0iaHR0cDovL3d3dy53My5vcmcvMjAwMC9zdmciPjwvc3ZnPg==\" style=\"--smush-placeholder-width: 520px; --smush-placeholder-aspect-ratio: 520\/326;\" \/><\/p>\n<p><img decoding=\"async\" class=\"alignnone size-full wp-image-5632 lazyload\" data-src=\"http:\/\/desarrollosdeprueba.xyz\/universo_mola\/wp-content\/uploads\/2021\/08\/Captura246.png\" alt=\"\" width=\"473\" height=\"312\" data-srcset=\"https:\/\/universomola.com\/wp-content\/uploads\/2021\/08\/Captura246-200x132.png 200w, https:\/\/universomola.com\/wp-content\/uploads\/2021\/08\/Captura246-300x198.png 300w, https:\/\/universomola.com\/wp-content\/uploads\/2021\/08\/Captura246-400x264.png 400w, https:\/\/universomola.com\/wp-content\/uploads\/2021\/08\/Captura246.png 473w\" data-sizes=\"(max-width: 473px) 100vw, 473px\" src=\"data:image\/svg+xml;base64,PHN2ZyB3aWR0aD0iMSIgaGVpZ2h0PSIxIiB4bWxucz0iaHR0cDovL3d3dy53My5vcmcvMjAwMC9zdmciPjwvc3ZnPg==\" style=\"--smush-placeholder-width: 473px; --smush-placeholder-aspect-ratio: 473\/312;\" \/><\/p>\n<p><b>Cap\u00edtulo IV<\/b><\/p>\n<p><span style=\"font-weight: 400;\">El \u00faltimo cap\u00edtulo titulado Responsabilidad social, en este apartado se visita el municipio de Donmat\u00edas en Antioqu\u00eda, se entrevista al director de Competitividad y Productividad de Donmat\u00edas, porque las empresas de esta regi\u00f3n trabajan para diversas marcas extranjeras, para tener los contratos ellas deben pagar las prestaciones de ley, en esto radica la diferencia por tal raz\u00f3n, se hace moda con responsabilidad social, y se cumple el justo pago. (Cadavid. S, comunicaci\u00f3n personal, 8 de octubre de 2015).\u00a0<\/span><\/p>\n<p><b>Metodolog\u00eda<\/b><\/p>\n<p><span style=\"font-weight: 400;\">Inicialmente se hizo una revisi\u00f3n documental, en web y se construyeron Raes para consolidar el marco del proyecto, en seguida, se entrevistaron expertos en temas como la moda sostenible que para el caso fue Gema G\u00f3mez, el formato se le env\u00edo correo. En el tema de textiles se entrevista a dos ingenieros expertos textiles y en calidad del SENA del Centro de la manufactura y la confecci\u00f3n del programa de modas. Posteriormente, se dise\u00f1a una encuesta de 11 preguntas para indagar sobre el conocimiento y uso de los textiles por parte de los estudiantes de dise\u00f1o de modas de la CUN y del SENA.<\/span><\/p>\n<p><span style=\"font-weight: 400;\">La muestra consisti\u00f3 en 152 estudiantes de modas, 102 de modas de la CUN y 45 del SENA, las preguntas fueron de tipo cerrado, el formulario se hizo de manera an\u00e1loga y luego se sistematiz\u00f3 en una base de Excel y por \u00faltimo se hizo el an\u00e1lisis estad\u00edstico con ayuda del ingeniero Manuel Salgado. Este instrumento arroj\u00f3 datos cuantitativos y cualitativos de la muestra. Tambi\u00e9n, se hizo tres tablas comparativas por nivel t\u00e9cnico, tecnol\u00f3gico y profesional con relaci\u00f3n a la tabla de \u201c<\/span><i><span style=\"font-weight: 400;\">Made-By\u201d <\/span><\/i><span style=\"font-weight: 400;\">Referencia ambiental para fibras, para saber qu\u00e9 tipos de textiles consum\u00edan los estudiantes de Dise\u00f1o de Modas de la instituci\u00f3n con respecto a esta tabla.<\/span><\/p>\n<p><b>Resultados\u00a0<\/b><\/p>\n<p><span style=\"font-weight: 400;\">Inicialmente se hace la exposici\u00f3n de trajes alta moda museo en el museo de trajes, la pieza f\u00edlmica Hilando sue\u00f1os que participa en el festival de cine de Cartagena. En total 42 atuendos realizados con material reutilizado, entre los trajes m\u00e1s importantes se destaca el atuendo que fue elegido para el reinado internacional Miss Earth en el Cairo, Egipto, (2016) lucido por la se\u00f1orita Colombia Alexandra. La noticia se difunde a trav\u00e9s de Caracol Radio, Colmundo Radio y el canal City TV.\u00a0<\/span><\/p>\n<p><span style=\"font-weight: 400;\">Se realiza el D\u00eda del truque, el estand y desfile con Basura Cero (2014 y 2015), el D\u00eda del Agua (2015), el D\u00eda dela tierra (2015) m\u00e1s de 2000 personas participantes en los eventos, difusi\u00f3n el Estilo RCN, entrevista en CM&amp;. Y se presenta una propuesta de malla curricular para la asignatura de Moda sostenible y otra para Alta moda con conceptos, actividades y textiles emplear en la construcci\u00f3n de prendas<\/span><\/p>\n<p><b>Conclusiones\u00a0<\/b><\/p>\n<p><span style=\"font-weight: 400;\">Los estudiantes de Dise\u00f1o de Modas de la CUN apropian conceptos los suman a sus conocimientos y entienden la importancia de un textil que est\u00e9 clasificado en la tabla Made-By y la importancia de elegir el adecuado para disminuir los impactos ambientales. Desde primer semestre conocen la importancia de reutilizar textiles, de hacer aprovechamiento textil y de la responsabilidad social ambiental del dise\u00f1ador.<\/span><\/p>\n<p><span style=\"font-weight: 400;\">Las acciones para formar los dise\u00f1adores de la CUN demuestran que la cultura de la moda sostenible es una pr\u00e1ctica que hace parte del estudiante y ese encuentra en los productos y proyectos que desarrollan convirti\u00e9ndose en un componente transversal de la formaci\u00f3n de dise\u00f1adores en la instituci\u00f3n.\u00a0<\/span><\/p>\n<p><b>Referencias Bibliogr\u00e1ficas<\/b><\/p>\n<ul>\n<li style=\"font-weight: 400;\" aria-level=\"1\"><span style=\"font-weight: 400; color: #999999;\">Hollen, N; Saddler, J; Langford, A. (2001). Introducci\u00f3n a los textiles. M\u00e9xico: Limusa Noriega Editores.<\/span><\/li>\n<li style=\"font-weight: 400;\" aria-level=\"1\"><span style=\"font-weight: 400; color: #999999;\">Leff, E. (2008). Discursos sustentables. M\u00e9xico: Editorial siglo XXI<\/span><\/li>\n<li style=\"font-weight: 400;\" aria-level=\"1\"><span style=\"font-weight: 400; color: #999999;\">Lipovetsky, G. (1990). El imperio de lo ef\u00edmero. Barcelona: Editorial Anagrama.<\/span><\/li>\n<li style=\"font-weight: 400;\" aria-level=\"1\"><span style=\"font-weight: 400; color: #999999;\">Novo, V. M. (2006). El desarrollo Sostenible su dimensi\u00f3n ambiental y educativa. Madrid: Person y UNESCO.<\/span><\/li>\n<li style=\"font-weight: 400;\" aria-level=\"1\"><span style=\"font-weight: 400; color: #999999;\">Salcedo, E. (2014). Moda \u00c9tica para un futuro sostenible. Barcelona: Editorial Gustavo Gili.<\/span><\/li>\n<li style=\"font-weight: 400;\" aria-level=\"1\"><span style=\"font-weight: 400; color: #999999;\">Vi\u00f1ola, J. M. (2005). Dise\u00f1o ecol\u00f3gico.\u00a0 Barcelona: Editorial Blume<\/span><\/li>\n<\/ul>\n<\/div><\/div><\/div><\/div><\/div>","protected":false},"excerpt":{"rendered":"<p>Lorem ipsum dolor sit amet, consectetur adipiscing elit. Nam pharetra dictum eleifend. Sed posuere magna at luctus pretium. Aliquam ligula sem, aliquet sit amet nisi ac, dignissim porta ipsum.<\/p>","protected":false},"author":9,"featured_media":5627,"comment_status":"open","ping_status":"open","sticky":false,"template":"","format":"standard","meta":{"_monsterinsights_skip_tracking":false,"_monsterinsights_sitenote_active":false,"_monsterinsights_sitenote_note":"","_monsterinsights_sitenote_category":0,"footnotes":""},"categories":[40],"tags":[93,89,48,92,47,96,88],"class_list":["post-5625","post","type-post","status-publish","format-standard","has-post-thumbnail","hentry","category-blog","tag-disenadores-sostenibles","tag-moda-etica","tag-moda-latina","tag-moda-latinoamericana","tag-moda-sostenible","tag-moda-sustentable","tag-universo-mola"],"_links":{"self":[{"href":"https:\/\/universomola.com\/en\/wp-json\/wp\/v2\/posts\/5625","targetHints":{"allow":["GET"]}}],"collection":[{"href":"https:\/\/universomola.com\/en\/wp-json\/wp\/v2\/posts"}],"about":[{"href":"https:\/\/universomola.com\/en\/wp-json\/wp\/v2\/types\/post"}],"author":[{"embeddable":true,"href":"https:\/\/universomola.com\/en\/wp-json\/wp\/v2\/users\/9"}],"replies":[{"embeddable":true,"href":"https:\/\/universomola.com\/en\/wp-json\/wp\/v2\/comments?post=5625"}],"version-history":[{"count":1,"href":"https:\/\/universomola.com\/en\/wp-json\/wp\/v2\/posts\/5625\/revisions"}],"predecessor-version":[{"id":5634,"href":"https:\/\/universomola.com\/en\/wp-json\/wp\/v2\/posts\/5625\/revisions\/5634"}],"wp:featuredmedia":[{"embeddable":true,"href":"https:\/\/universomola.com\/en\/wp-json\/wp\/v2\/media\/5627"}],"wp:attachment":[{"href":"https:\/\/universomola.com\/en\/wp-json\/wp\/v2\/media?parent=5625"}],"wp:term":[{"taxonomy":"category","embeddable":true,"href":"https:\/\/universomola.com\/en\/wp-json\/wp\/v2\/categories?post=5625"},{"taxonomy":"post_tag","embeddable":true,"href":"https:\/\/universomola.com\/en\/wp-json\/wp\/v2\/tags?post=5625"}],"curies":[{"name":"wp","href":"https:\/\/api.w.org\/{rel}","templated":true}]}}