{"id":5629,"date":"2020-10-20T19:57:24","date_gmt":"2020-10-20T22:57:24","guid":{"rendered":"http:\/\/desarrollosdeprueba.xyz\/universo_mola\/?p=5629"},"modified":"2021-08-08T20:00:57","modified_gmt":"2021-08-08T23:00:57","slug":"patrimonio-y-arte-textil-latinoamericano","status":"publish","type":"post","link":"https:\/\/universomola.com\/en\/patrimonio-y-arte-textil-latinoamericano\/","title":{"rendered":"PATRIMONIO Y ARTE TEXTIL LATINOAMERICANO"},"content":{"rendered":"<div class=\"fusion-fullwidth fullwidth-box fusion-builder-row-1 fusion-flex-container nonhundred-percent-fullwidth non-hundred-percent-height-scrolling\" style=\"--awb-border-radius-top-left:0px;--awb-border-radius-top-right:0px;--awb-border-radius-bottom-right:0px;--awb-border-radius-bottom-left:0px;--awb-flex-wrap:wrap;\" ><div class=\"fusion-builder-row fusion-row fusion-flex-align-items-flex-start fusion-flex-content-wrap\" style=\"max-width:1248px;margin-left: calc(-4% \/ 2 );margin-right: calc(-4% \/ 2 );\"><div class=\"fusion-layout-column fusion_builder_column fusion-builder-column-0 fusion_builder_column_1_1 1_1 fusion-flex-column\" style=\"--awb-bg-size:cover;--awb-width-large:100%;--awb-margin-top-large:0px;--awb-spacing-right-large:1.92%;--awb-margin-bottom-large:0px;--awb-spacing-left-large:1.92%;--awb-width-medium:100%;--awb-spacing-right-medium:1.92%;--awb-spacing-left-medium:1.92%;--awb-width-small:100%;--awb-spacing-right-small:1.92%;--awb-spacing-left-small:1.92%;\"><div class=\"fusion-column-wrapper fusion-flex-justify-content-flex-start fusion-content-layout-column\"><div class=\"fusion-text fusion-text-1\"><\/div><div class=\"fusion-text fusion-text-2\"><p><span style=\"color: #33cccc;\"><i><span style=\"font-weight: 400;\">Por Manuela Toro, Universo MOLA.\u00a0\u00a0<\/span><\/i><\/span><\/p>\n<p><b>La industria de la moda es una de las m\u00e1s grandes del mundo; representa la identidad, la diversidad y la creatividad. Gran parte de lo que somos, est\u00e1 representado en ella, las prendas son una forma de expresi\u00f3n y es una extensi\u00f3n de la diversidad e identidad que tenemos como seres humanos y como ecosistema que habitamos.\u00a0<\/b><\/p>\n<p><span style=\"font-weight: 400;\">Seg\u00fan datos publicados por el Banco Mundial en el a\u00f1o 2017, la industria textil y de indumentaria Latinoamericana representa del 8% al 10% del mercado global, donde el mercado de la moda Latinoamericana crece cada a\u00f1o r\u00e1pidamente entre 4.5% y 5.5%. Siendo Brasil y M\u00e9xico los dos pa\u00edses con mayor mercado y Colombia y Per\u00fa los pa\u00edses con m\u00e1s altos \u00edndices de crecimiento en la industria textil.<\/span><\/p>\n<p><b>Es evidente el potencial que tiene Am\u00e9rica Latina dentro de la industria de la moda, y especialmente en moda sostenible,<\/b><span style=\"font-weight: 400;\"> pues en la regi\u00f3n se goza por contar con materias primas de gran calidad como lo son las fibras, entre ellas algod\u00f3n, lana y seda. S\u00f3lo por dar un dato, Uruguay es el tercer pa\u00eds exportador de lana a nivel mundial. Y esto es porque los cam\u00e9lidos como las llamas, las alpacas, la vicu\u00f1a y el guanaco, que se encuentran en Am\u00e9rica del Sur especialmente,\u00a0 producen fibras y productos destinados a cubrir la alta demanda de prendas de lujo en el mundo.<\/span><\/p>\n<p><span style=\"font-weight: 400;\">Adem\u00e1s de las fibras naturales que se producen en todos los rincones de Am\u00e9rica Latina, y el resto de materias primas como tintes naturales que se puedan dar en la regi\u00f3n,\u00a0 est\u00e1 el llamado arte textil, que implica una serie de aprendizajes donde cada pueblo desarrolla su propia forma de producir y crear textiles. Crean sus dise\u00f1os y patrones de color, formas y texturas. Es el arte heredado de los ancestros, una forma de lenguaje que se optiene al observar esas piezas creadas hoy por las generaciones consiguientes y que conservan lo artesanal del proceso, lo que le da el valor identitario a ese territorio, a esa comunidad que replica las ense\u00f1anzas aprendidas y heredadas. El valor que tiene el arte textil est\u00e1 en lo que comunican, pues llevan la idiocincracia de las comunidades y pueblos latinoamericanos y replican valores culturales presentes en el estilo de vida de los grupos \u00e9tnicos.\u00a0<\/span><\/p>\n<p><b>El Arte Textil en la Regi\u00f3n Latinoamericana<\/b><\/p>\n<p><span style=\"font-weight: 400;\">Daremos una mirada por algunos de los lugares de Am\u00e9rica Latina en donde se rescatan los saberes ancestrales y se resalta el arte proveniente de las t\u00e9cnicas como el hilado y el bordado en la indumentaria \u00e9tnica donde predomina el color y los dise\u00f1os cuidados y precisos, cargados de significado, identidad y riqueza cultural.\u00a0 Destacaremos los m\u00e1s representativos de tres pa\u00edses Latinoamericanos:<\/span><\/p>\n<p><b>M\u00c9XICO<\/b><\/p>\n<p><b>El arte textil mazatec <\/b><span style=\"font-weight: 400;\">tiene la caracter\u00edstica de confeccionar sobre telas de algod\u00f3n con dibujos bordados con la t\u00e9cnica de punto zurcido, en tonos negro, azul claro o rojo. Normalmente las figuras tienden a ser p\u00e1jaros, flores, conejos y \u00e1rboles con muchas hojas, en punto zurcido, plumeado y relieve.<\/span><\/p>\n<p><b>El arte textil Chinatenco<\/b> <span style=\"font-weight: 400;\">est\u00e1 cargado de adornos con listones y encajes, adem\u00e1s de m\u00faltiples colores. Las tejedoras utilizan la t\u00e9cnica de bordado en punto corrido, plasmando s\u00edmbolos de su cultura \u00e9tnica, uniendo franjas bordadas en plumeado, que significan origen, vida y muerte para su cultu<\/span><span style=\"font-weight: 400;\">ra.\u00a0\u00a0<\/span><\/p>\n<p><b>El arte textil de Michoac\u00e1n O Pur\u00e9pechas <\/b><span style=\"font-weight: 400;\">de ra\u00edces prehisp\u00e1nicas, el textil michoacano se ha enriquecido por bordados y lienzos realizados en el telar de pedal de la \u00e9poca colonial. Sus obras de arte, de algod\u00f3n, lana y articela, son la quintaesencia de tribus como los pur\u00e9pechas<\/span><\/p>\n<p><img decoding=\"async\" class=\"size-full wp-image-5635 aligncenter lazyload\" data-src=\"http:\/\/desarrollosdeprueba.xyz\/universo_mola\/wp-content\/uploads\/2021\/08\/49.png\" alt=\"\" width=\"291\" height=\"363\" data-srcset=\"https:\/\/universomola.com\/wp-content\/uploads\/2021\/08\/49-200x249.png 200w, https:\/\/universomola.com\/wp-content\/uploads\/2021\/08\/49-240x300.png 240w, https:\/\/universomola.com\/wp-content\/uploads\/2021\/08\/49.png 291w\" data-sizes=\"(max-width: 291px) 100vw, 291px\" src=\"data:image\/svg+xml;base64,PHN2ZyB3aWR0aD0iMSIgaGVpZ2h0PSIxIiB4bWxucz0iaHR0cDovL3d3dy53My5vcmcvMjAwMC9zdmciPjwvc3ZnPg==\" style=\"--smush-placeholder-width: 291px; --smush-placeholder-aspect-ratio: 291\/363;\" \/><\/p>\n<p><b>ARGENTINA<\/b><\/p>\n<p><b>Tejedoras y artesanas bordadoras de Santa Ana, Caspal\u00e1 y Valle Colorado, Altos Valles Juje\u00f1os <\/b><span style=\"font-weight: 400;\">\u00a0hilan en las tejedoras con lana. El bordado se usa en negro, el cual se obtiene ti\u00f1endo con anilina la lana. El dibujo es aut\u00e9ntico, inspirado en comunidades de la meseta y la cordillera.<\/span><\/p>\n<p><b>Tejedoras de los valles Calchaqu\u00edes <\/b><span style=\"font-weight: 400;\">usan lana de llama y oveja. Se hila a mano y para el bordado se usa el telar r\u00fastico, con la t\u00e9cnica de bordado en fieltro agujado. En la comunidad hilan, ti\u00f1en y tejen. Adem\u00e1s se mezclan los colores de los hilos en el bordado con un punto de tejido llamada barracan. <\/span><span style=\"font-weight: 400;\">\u00a0\u00a0\u00a0\u00a0<\/span><\/p>\n<p><span style=\"font-weight: 400;\">Los tintes que utilizan son naturales como c\u00e1scara de cebolla y yerba.<\/span><\/p>\n<p><span style=\"font-weight: 400;\">\u00a0<\/span><\/p>\n<p><b>CHILE<\/b><\/p>\n<p><b>Arte<\/b> <b>textil<\/b> <b>mapuche<\/b><span style=\"font-weight: 400;\"> se denomina <\/span><i><span style=\"font-weight: 400;\">d\u00fcwekafe<\/span><\/i><span style=\"font-weight: 400;\">, a la maestra tejedora quien es la que conoce y domina complejas t\u00e9cnicas y formas de producci\u00f3n de tejido, as\u00ed como la tradici\u00f3n, los usos y significados de dise\u00f1os y colores.<\/span><\/p>\n<p><span style=\"font-weight: 400;\">\u201cEn el mundo mapuche existe una gran variedad de prendas tejidas que pueden ser reunidas en tres dominios: vestuario; artefactos dom\u00e9sticos y aperos para el caballo. Cada una de estas prendas tiene un nombre que la individualiza, est\u00e1n asociadas a t\u00e9cnicas de tejido y portan contenidos simb\u00f3licos y m\u00edticos espec\u00edficos. Donde mejor se expresan las propiedades del textil como adorno y diferenciador cultural es en la est\u00e9tica de la indumentaria femenina y masculina. Los textiles, en el mundo mapuche, son creados para el adorno, la ostentaci\u00f3n y el lujo, en una sociedad fuertemente jerarquizada socialmente y orgullosa de sus linajes. As\u00ed, en cada una de estas prendas, la tejedora aplica todo su conocimiento y creatividad haciendo de su producci\u00f3n una acabada expresi\u00f3n de la cultura mapuche.\u201d <\/span><i><span style=\"font-weight: 400;\">Tomado de la Biblioteca Nacional de Chile<\/span><\/i><\/p>\n<p><img decoding=\"async\" class=\"wp-image-5633 aligncenter lazyload\" data-src=\"http:\/\/desarrollosdeprueba.xyz\/universo_mola\/wp-content\/uploads\/2021\/08\/48.png\" alt=\"\" width=\"522\" height=\"348\" data-srcset=\"https:\/\/universomola.com\/wp-content\/uploads\/2021\/08\/48-200x133.png 200w, https:\/\/universomola.com\/wp-content\/uploads\/2021\/08\/48-300x200.png 300w, https:\/\/universomola.com\/wp-content\/uploads\/2021\/08\/48-400x267.png 400w, https:\/\/universomola.com\/wp-content\/uploads\/2021\/08\/48-500x333.png 500w, https:\/\/universomola.com\/wp-content\/uploads\/2021\/08\/48-600x400.png 600w, https:\/\/universomola.com\/wp-content\/uploads\/2021\/08\/48-700x466.png 700w, https:\/\/universomola.com\/wp-content\/uploads\/2021\/08\/48-768x512.png 768w, https:\/\/universomola.com\/wp-content\/uploads\/2021\/08\/48-800x533.png 800w, https:\/\/universomola.com\/wp-content\/uploads\/2021\/08\/48-1024x682.png 1024w, https:\/\/universomola.com\/wp-content\/uploads\/2021\/08\/48-1200x800.png 1200w, https:\/\/universomola.com\/wp-content\/uploads\/2021\/08\/48.png 1280w\" data-sizes=\"(max-width: 522px) 100vw, 522px\" src=\"data:image\/svg+xml;base64,PHN2ZyB3aWR0aD0iMSIgaGVpZ2h0PSIxIiB4bWxucz0iaHR0cDovL3d3dy53My5vcmcvMjAwMC9zdmciPjwvc3ZnPg==\" style=\"--smush-placeholder-width: 522px; --smush-placeholder-aspect-ratio: 522\/348;\" \/><\/p>\n<p><span style=\"font-weight: 400;\">\u00a0<\/span><\/p>\n<p><span style=\"font-weight: 400;\">Sources:<\/span><\/p>\n<p><a href=\"https:\/\/fido.palermo.edu\/servicios_dyc\/proyectograduacion\/archivos\/771.pdf\"><span style=\"font-weight: 400;\">https:\/\/fido.palermo.edu\/servicios_dyc\/proyectograduacion\/archivos\/771.pdf<\/span><\/a><\/p>\n<p><a href=\"https:\/\/www.adn40.mx\/noticia\/cultura\/notas\/2017-05-14-08-00\/guia-breve-para-distinguir-el-arte-textil-de-indigenas-mexicanos\"><span style=\"font-weight: 400;\">https:\/\/www.adn40.mx\/noticia\/cultura\/notas\/2017-05-14-08-00\/guia-breve-para-distinguir-el-arte-textil-de-indigenas-mexicanos<\/span><\/a><\/p>\n<p><a href=\"http:\/\/imtextil.com.ar\/tramas-de-america-latina\/\"><span style=\"font-weight: 400;\">http:\/\/imtextil.com.ar\/tramas-de-america-latina\/<\/span><\/a><\/p>\n<p><a href=\"http:\/\/www.memoriachilena.gob.cl\/602\/w3-article-718.htm\"><span style=\"font-weight: 400;\">http:\/\/www.memoriachilena.gob.cl\/602\/w3-article-718.htm<\/span><\/a><span style=\"font-weight: 400;\">l<\/span><\/p>\n<\/div><\/div><\/div><\/div><\/div>","protected":false},"excerpt":{"rendered":"<p>Lorem ipsum dolor sit amet, consectetur adipiscing elit. Nam pharetra dictum eleifend. Sed posuere magna at luctus pretium. Aliquam ligula sem, aliquet sit amet nisi ac, dignissim porta ipsum.<\/p>","protected":false},"author":9,"featured_media":5633,"comment_status":"open","ping_status":"open","sticky":false,"template":"","format":"standard","meta":{"_monsterinsights_skip_tracking":false,"_monsterinsights_sitenote_active":false,"_monsterinsights_sitenote_note":"","_monsterinsights_sitenote_category":0,"footnotes":""},"categories":[40],"tags":[93,91,89,48,92,47,96,90,88],"class_list":["post-5629","post","type-post","status-publish","format-standard","has-post-thumbnail","hentry","category-blog","tag-disenadores-sostenibles","tag-ethical-fashion","tag-moda-etica","tag-moda-latina","tag-moda-latinoamericana","tag-moda-sostenible","tag-moda-sustentable","tag-sustainable","tag-universo-mola"],"_links":{"self":[{"href":"https:\/\/universomola.com\/en\/wp-json\/wp\/v2\/posts\/5629","targetHints":{"allow":["GET"]}}],"collection":[{"href":"https:\/\/universomola.com\/en\/wp-json\/wp\/v2\/posts"}],"about":[{"href":"https:\/\/universomola.com\/en\/wp-json\/wp\/v2\/types\/post"}],"author":[{"embeddable":true,"href":"https:\/\/universomola.com\/en\/wp-json\/wp\/v2\/users\/9"}],"replies":[{"embeddable":true,"href":"https:\/\/universomola.com\/en\/wp-json\/wp\/v2\/comments?post=5629"}],"version-history":[{"count":1,"href":"https:\/\/universomola.com\/en\/wp-json\/wp\/v2\/posts\/5629\/revisions"}],"predecessor-version":[{"id":5636,"href":"https:\/\/universomola.com\/en\/wp-json\/wp\/v2\/posts\/5629\/revisions\/5636"}],"wp:featuredmedia":[{"embeddable":true,"href":"https:\/\/universomola.com\/en\/wp-json\/wp\/v2\/media\/5633"}],"wp:attachment":[{"href":"https:\/\/universomola.com\/en\/wp-json\/wp\/v2\/media?parent=5629"}],"wp:term":[{"taxonomy":"category","embeddable":true,"href":"https:\/\/universomola.com\/en\/wp-json\/wp\/v2\/categories?post=5629"},{"taxonomy":"post_tag","embeddable":true,"href":"https:\/\/universomola.com\/en\/wp-json\/wp\/v2\/tags?post=5629"}],"curies":[{"name":"wp","href":"https:\/\/api.w.org\/{rel}","templated":true}]}}