{"id":5637,"date":"2020-10-24T20:01:24","date_gmt":"2020-10-24T23:01:24","guid":{"rendered":"http:\/\/desarrollosdeprueba.xyz\/universo_mola\/?p=5637"},"modified":"2021-08-08T20:04:16","modified_gmt":"2021-08-08T23:04:16","slug":"eleva-tu-nivel-de-conciencia-implementa-un-estilo-y-consumo-responsable","status":"publish","type":"post","link":"https:\/\/universomola.com\/en\/eleva-tu-nivel-de-conciencia-implementa-un-estilo-y-consumo-responsable\/","title":{"rendered":"ELEVA TU NIVEL DE CONCIENCIA: IMPLEMENTA UN ESTILO Y CONSUMO RESPONSABLE"},"content":{"rendered":"<div class=\"fusion-fullwidth fullwidth-box fusion-builder-row-1 fusion-flex-container nonhundred-percent-fullwidth non-hundred-percent-height-scrolling\" style=\"--awb-border-radius-top-left:0px;--awb-border-radius-top-right:0px;--awb-border-radius-bottom-right:0px;--awb-border-radius-bottom-left:0px;--awb-flex-wrap:wrap;\" ><div class=\"fusion-builder-row fusion-row fusion-flex-align-items-flex-start fusion-flex-content-wrap\" style=\"max-width:1248px;margin-left: calc(-4% \/ 2 );margin-right: calc(-4% \/ 2 );\"><div class=\"fusion-layout-column fusion_builder_column fusion-builder-column-0 fusion_builder_column_1_1 1_1 fusion-flex-column\" style=\"--awb-bg-size:cover;--awb-width-large:100%;--awb-margin-top-large:0px;--awb-spacing-right-large:1.92%;--awb-margin-bottom-large:0px;--awb-spacing-left-large:1.92%;--awb-width-medium:100%;--awb-spacing-right-medium:1.92%;--awb-spacing-left-medium:1.92%;--awb-width-small:100%;--awb-spacing-right-small:1.92%;--awb-spacing-left-small:1.92%;\"><div class=\"fusion-column-wrapper fusion-flex-justify-content-flex-start fusion-content-layout-column\"><div class=\"fusion-text fusion-text-1\"><\/div><div class=\"fusion-text fusion-text-2\"><p><span style=\"color: #33cccc;\"><i><span style=\"font-weight: 400;\">Por Manuela Toro, Universo MOLA.\u00a0\u00a0<\/span><\/i><\/span><\/p>\n<p><span style=\"font-weight: 400;\">Durante el recorrido que hemos hecho comprendiendo todo lo que implica la sostenibilidad, entendemos que m\u00e1s que un fin es un medio. Es el camino que conduce a tener una vida m\u00e1s ligera, m\u00e1s responsable con nosotros y con nuestro entorno; Se trata de establecer una relaci\u00f3n arm\u00f3nica con el ecosistema al que pertenecemos y a partir de ello <\/span><b><i>crear.<\/i><\/b><\/p>\n<p><b>Crear alternativas de consumo y producci\u00f3n \u00e9ticas en todas las industrias posibles<\/b><span style=\"font-weight: 400;\">; Crear dise\u00f1os y ser creativos con materiales que nos ofrece la naturaleza; crear piezas \u00fanicas con materiales reciclados de objetos ya existentes; crear empresas con pol\u00edticas integrales que empleen a personas y respeten su condici\u00f3n de humanidad m\u00e1s all\u00e1 de la monetizaci\u00f3n; crear espacios de discusi\u00f3n y educaci\u00f3n sobre temas interesantes y que aportan a mejorar en muchos sentidos la calidad de vida de las personas; crear un planeta donde habitan personas involucradas y comprometidas con el medio ambiente, la igualdad y la diversidad. Seres humanos conscientes.<\/span><\/p>\n<p><span style=\"font-weight: 400;\">Mucho m\u00e1s all\u00e1 de reciclar y de preocuparte por todo lo que posiblemente podr\u00eda estar mejor a nivel social, econ\u00f3mico y medio ambiental, la invitaci\u00f3n es a ocuparnos. Hacernos cargo de lo que cada uno puede aportar si adquirimos un estilo de vida basado en la sustentabilidad. Y <\/span><b><i>\u00bfeso qu\u00e9 implica?<\/i><\/b><span style=\"font-weight: 400;\">. Bueno, te contaremos cu\u00e1les son las claves para que comiences a adquirir un estilo de vida en donde tus proyectos e ideas sean coherentes con tus acciones y contribuir a mejorar la calidad de vida individual y de tu entorno.<\/span><\/p>\n<p><b>Pero antes, \u00bfQu\u00e9 es el estilo?<\/b><b>\u00a0\u00a0\u00a0<\/b><\/p>\n<p><b>El estilo hace parte de la esencia de cada persona, es atemporal porque se basa en los gustos y caracter\u00edsticas que m\u00e1s refleje tu personalidad, no en tendencias de moda. Es un concepto original que se crea a partir del autodescubrimiento y de la identificaci\u00f3n de eso que nos hace \u00fanicos y originales.\u00a0 Al ser una extensi\u00f3n de ti, el estilo es aut\u00e9ntico y no est\u00e1 empaquetado en ninguna prenda, por lo que es muy dif\u00edcil reflejar nuestra esencia en prendas producidas de forma masiva, porque no se siente \u00fanico de alguna forma. Vestir prendas que son tendencia, homogeniza, corta con la creatividad, Inhibe la capacidad de comunicar a trav\u00e9s de las prendas quienes somos realmente, por la l\u00f3gica del consumo, que se renueva numerosas veces al a\u00f1o y que crea una \u00fanica f\u00f3rmula de estilo.<\/b><\/p>\n<p><b>Podemos elegir las prendas que llevamos con conciencia de qui\u00e9nes somos y de qu\u00e9 queremos transmitir.<\/b><span style=\"font-weight: 400;\"> Adem\u00e1s el estilo no solo se aplica en el plano de la moda, sino en el d\u00eda a d\u00eda con cualquier elecci\u00f3n que tomemos, nuestro comportamiento ante la vida implica un estilo definido y eso genera un impacto sobre nosotros y sobre el ecosistema del que hacemos parte. Por eso, te contamos algunos aspectos para que tengas en cuenta si te atrae crear un estilo de vida sostenible.\u00a0<\/span><\/p>\n<p><b>Algunas claves:<\/b><\/p>\n<ol>\n<li style=\"font-weight: 400;\" aria-level=\"1\"><span style=\"font-weight: 400;\">Autodescubrimiento: Identifica tus cualidades y trabaja para fortalecerlas. Trabaja en ti, en tus hobbies y en aquellas cosas que quieras mejorar. Eso fortalecer\u00e1 tu autoestima y sacar\u00e1 de ti lo mejor que puedas ofrecer a los dem\u00e1s. Recuerda que m\u00e1s all\u00e1 de la apariencia, est\u00e1 lo que reflejas y combinar esto con creatividad, te har\u00e1 lucir y ser incre\u00edble. Recuerda que el equilibrio es un prop\u00f3sito por el cual se trabaja constantemente en el estilo de vida sostenible.<\/span>&nbsp;<\/li>\n<li style=\"font-weight: 400;\" aria-level=\"1\"><b>Consumo responsable: <\/b><span style=\"font-weight: 400;\">saca provecho de esas prendas que ya tienes en tu armario. Insp\u00edrate y dale rienda suelta a la creatividad, modificando a tu gusto prendas que ya no transmiten o no conectan contigo. De esa manera cuentas otra historia a trav\u00e9s de tus prendas.<\/span>&nbsp;<\/li>\n<li style=\"font-weight: 400;\" aria-level=\"1\"><b>Coherencia entre actos y pensamientos:<\/b><span style=\"font-weight: 400;\">\u00a0 un estilo de vida sostenible est\u00e1 basado en estar ligeros de pensamientos, en responder a esa conciencia interior y en lograr un equilibrio en todo sentido. Respetar nuestro cuerpo con nutrici\u00f3n adecuada y con procesos naturales de fondo, atender nuestra espiritualidad, ser justos y solidarios con el medio que nos rodea, agradecer y respetar cada recurso, cada proceso. Dar valor al m\u00ednimo acto es estar en el ahora y propicia conexi\u00f3n con el entorno. Si en el interior estamos bien, seguro eso es lo que reflejaremos en el exterior y todo lo que llevemos en nuestra segunda piel que es la ropa, se mimetiza con nuestra verdadera esencia dando sentido al estilo aut\u00e9ntico que poseemos.<\/span><\/li>\n<\/ol>\n<p><span style=\"font-weight: 400;\">\u00a0<\/span><\/p>\n<p><span style=\"font-weight: 400;\">Referentes:<\/span><\/p>\n<p><a href=\"https:\/\/miastral.com\/emprendiendo-conscientemente-entrevista-a-marou-rivero-consumo-sustentable\/\"><span style=\"font-weight: 400;\">https:\/\/miastral.com\/emprendiendo-conscientemente-entrevista-a-marou-rivero-consumo-sustentable\/<\/span><\/a><\/p>\n<p><a href=\"https:\/\/miastral.com\/coaching-como-crear-algo-unico-en-tiempos-de-produccion-masiva\/\"><span style=\"font-weight: 400;\">https:\/\/miastral.com\/coaching-como-crear-algo-unico-en-tiempos-de-produccion-masiva<\/span><\/a><\/p>\n<\/div><\/div><\/div><\/div><\/div>","protected":false},"excerpt":{"rendered":"<p>Lorem ipsum dolor sit amet, consectetur adipiscing elit. Nam pharetra dictum eleifend. Sed posuere magna at luctus pretium. Aliquam ligula sem, aliquet sit amet nisi ac, dignissim porta ipsum.<\/p>","protected":false},"author":9,"featured_media":5639,"comment_status":"open","ping_status":"open","sticky":false,"template":"","format":"standard","meta":{"_monsterinsights_skip_tracking":false,"_monsterinsights_sitenote_active":false,"_monsterinsights_sitenote_note":"","_monsterinsights_sitenote_category":0,"footnotes":""},"categories":[40],"tags":[93,91,89,48,92,47,96,90,88],"class_list":["post-5637","post","type-post","status-publish","format-standard","has-post-thumbnail","hentry","category-blog","tag-disenadores-sostenibles","tag-ethical-fashion","tag-moda-etica","tag-moda-latina","tag-moda-latinoamericana","tag-moda-sostenible","tag-moda-sustentable","tag-sustainable","tag-universo-mola"],"_links":{"self":[{"href":"https:\/\/universomola.com\/en\/wp-json\/wp\/v2\/posts\/5637","targetHints":{"allow":["GET"]}}],"collection":[{"href":"https:\/\/universomola.com\/en\/wp-json\/wp\/v2\/posts"}],"about":[{"href":"https:\/\/universomola.com\/en\/wp-json\/wp\/v2\/types\/post"}],"author":[{"embeddable":true,"href":"https:\/\/universomola.com\/en\/wp-json\/wp\/v2\/users\/9"}],"replies":[{"embeddable":true,"href":"https:\/\/universomola.com\/en\/wp-json\/wp\/v2\/comments?post=5637"}],"version-history":[{"count":1,"href":"https:\/\/universomola.com\/en\/wp-json\/wp\/v2\/posts\/5637\/revisions"}],"predecessor-version":[{"id":5640,"href":"https:\/\/universomola.com\/en\/wp-json\/wp\/v2\/posts\/5637\/revisions\/5640"}],"wp:featuredmedia":[{"embeddable":true,"href":"https:\/\/universomola.com\/en\/wp-json\/wp\/v2\/media\/5639"}],"wp:attachment":[{"href":"https:\/\/universomola.com\/en\/wp-json\/wp\/v2\/media?parent=5637"}],"wp:term":[{"taxonomy":"category","embeddable":true,"href":"https:\/\/universomola.com\/en\/wp-json\/wp\/v2\/categories?post=5637"},{"taxonomy":"post_tag","embeddable":true,"href":"https:\/\/universomola.com\/en\/wp-json\/wp\/v2\/tags?post=5637"}],"curies":[{"name":"wp","href":"https:\/\/api.w.org\/{rel}","templated":true}]}}