{"id":5638,"date":"2019-10-19T20:06:34","date_gmt":"2019-10-19T23:06:34","guid":{"rendered":"http:\/\/desarrollosdeprueba.xyz\/universo_mola\/?p=5638"},"modified":"2021-08-08T20:10:16","modified_gmt":"2021-08-08T23:10:16","slug":"una-guatemalteca-en-nicaragua-disena-2019","status":"publish","type":"post","link":"https:\/\/universomola.com\/en\/una-guatemalteca-en-nicaragua-disena-2019\/","title":{"rendered":"UNA GUATEMALTECA EN NICARAGUA DISE\u00d1A 2019"},"content":{"rendered":"<div class=\"fusion-fullwidth fullwidth-box fusion-builder-row-1 fusion-flex-container nonhundred-percent-fullwidth non-hundred-percent-height-scrolling\" style=\"--awb-border-radius-top-left:0px;--awb-border-radius-top-right:0px;--awb-border-radius-bottom-right:0px;--awb-border-radius-bottom-left:0px;--awb-flex-wrap:wrap;\" ><div class=\"fusion-builder-row fusion-row fusion-flex-align-items-flex-start fusion-flex-content-wrap\" style=\"max-width:1248px;margin-left: calc(-4% \/ 2 );margin-right: calc(-4% \/ 2 );\"><div class=\"fusion-layout-column fusion_builder_column fusion-builder-column-0 fusion_builder_column_1_1 1_1 fusion-flex-column\" style=\"--awb-bg-size:cover;--awb-width-large:100%;--awb-margin-top-large:0px;--awb-spacing-right-large:1.92%;--awb-margin-bottom-large:0px;--awb-spacing-left-large:1.92%;--awb-width-medium:100%;--awb-spacing-right-medium:1.92%;--awb-spacing-left-medium:1.92%;--awb-width-small:100%;--awb-spacing-right-small:1.92%;--awb-spacing-left-small:1.92%;\"><div class=\"fusion-column-wrapper fusion-flex-justify-content-flex-start fusion-content-layout-column\"><div class=\"fusion-text fusion-text-1\"><p><em><span style=\"color: #33cccc;\">Escrito por: Noticias <\/span><\/em><em><span style=\"color: #33cccc;\">de Universo MOLA<\/span><\/em><\/p>\n<p><span style=\"color: #ff0000;\"><b>Managua en sus 200 a\u00f1os se convierte en capital latinoamericana del arte la moda y el dise\u00f1o<\/b><\/span><\/p>\n<p><b>Nicaragua Dise\u00f1a 2019, una cita con la moda el arte y el dise\u00f1o<\/b><\/p>\n<p><span style=\"font-weight: 400;\">Nicaragua Dise\u00f1a, es la plataforma que impulsa, promueve y fomenta una Econom\u00eda Creativa y Emprendedora a trav\u00e9s del Dise\u00f1o, Arte y Moda. Nace en 2012, con el apoyo del Gobierno de Reconciliaci\u00f3n y Unidad Nacional (GRUN) a trav\u00e9s del Instituto Nicarag\u00fcense de Turismo (INTUR) y Viva Nicaragua Canal 13, canal oficial del evento.\u00a0<\/span><\/p>\n<p><span style=\"font-weight: 400;\">La Plataforma brinda un espacio para las y los apasionados por el dise\u00f1o en todas sus formas de expresi\u00f3n. Cada a\u00f1o, se lleva a cabo una Expo Feria y desfiles de moda con la participaci\u00f3n de talentos emergentes nacionales e internacionales.\u00a0<\/span><\/p>\n<p><b>Alianzas de Nicaragua Dise\u00f1a con plataformas de Am\u00e9rica Latina<\/b><\/p>\n<p><span style=\"font-weight: 400;\">Nicaragua Dise\u00f1a, ha logrado importantes alianzas con plataformas de Am\u00e9rica Latina, haciendo posibles intercambios culturales con artistas y creativos en cada edici\u00f3n, entre estas alianzas destacan: Fashion Week Honduras con la representaci\u00f3n del dise\u00f1ador de moda Leo Sandoval.\u00a0\u00a0<\/span><\/p>\n<p><span style=\"font-weight: 400;\">Adem\u00e1s, Griselda Chi\u00f1as y Yeshua Herrera, representaron M\u00e9xico Fashion Show. Asimismo, la dise\u00f1adora <\/span><b>\u00a0<span style=\"color: #ff0000;\">Marjorie Ventura en representaci\u00f3n de Universo MOLA.<\/span><\/b><\/p>\n<p><i><span style=\"font-weight: 400;\">\u00abFue una experiencia incre\u00edble, ser parte de una evento as\u00ed de grande, y compartir con dise\u00f1adores internacionales fue muy enriquecedor para mi.\u00bb Comenta Marjorie. \u00abEstaba muy emocionada me sent\u00eda muy orgullosa y feliz cuando present\u00e9 mi pasarela, y especialmente el participar en el foro de moda sostenible que se transmiti\u00f3 en vivo en televisi\u00f3n Nicarag\u00fcense asi tambi\u00e9n online, eso fue muy importante para mi, porque al ir en representaci\u00f3n de Universo Mola, y que a lo largo de este a\u00f1o de trabajar en temas de moda sostenible, me sirvi\u00f3 para ponerlo en pr\u00e1ctica ese d\u00eda y a la vez poder hablar de todo lo que hace Universo Mola por la sostenibilidad y por los dise\u00f1adores latinoamericanos. Abr\u00ed mi mente, mis sue\u00f1os son m\u00e1s grandes, tengo ganas de aprender cada vez m\u00e1s y especializar mis t\u00e9cnicas de dise\u00f1o y costura, quiero crecer m\u00e1s como dise\u00f1adora, definitivamente esta participaci\u00f3n me hizo crecer y querer llegar m\u00e1s lejos. Oportunidades muchas, primero el presentar mi colecci\u00f3n, ya esa fue una excelente oportunidad; contactos, eso tambi\u00e9n, conoc\u00ed muchas personas, y conoc\u00ed a la dise\u00f1adora de Moda Sostenible Maria Lafuente de Espa\u00f1a, quien es apoyada por la ONU. Platicar con ella fue muy enriquecedor para mi. <\/span><\/i><b><i>Se quedaron abiertas las puertas<\/i><\/b><i><span style=\"font-weight: 400;\"> para participar en los diferentes pa\u00edses, Honduras, Mexico, Cuba, etc.\u00bb<\/span><\/i><\/p>\n<p><img decoding=\"async\" class=\"alignnone size-full wp-image-5646 lazyload\" data-src=\"http:\/\/desarrollosdeprueba.xyz\/universo_mola\/wp-content\/uploads\/2021\/08\/Captura247.png\" alt=\"\" width=\"337\" height=\"445\" data-srcset=\"https:\/\/universomola.com\/wp-content\/uploads\/2021\/08\/Captura247-200x264.png 200w, https:\/\/universomola.com\/wp-content\/uploads\/2021\/08\/Captura247-227x300.png 227w, https:\/\/universomola.com\/wp-content\/uploads\/2021\/08\/Captura247.png 337w\" data-sizes=\"(max-width: 337px) 100vw, 337px\" src=\"data:image\/svg+xml;base64,PHN2ZyB3aWR0aD0iMSIgaGVpZ2h0PSIxIiB4bWxucz0iaHR0cDovL3d3dy53My5vcmcvMjAwMC9zdmciPjwvc3ZnPg==\" style=\"--smush-placeholder-width: 337px; --smush-placeholder-aspect-ratio: 337\/445;\" \/><\/p>\n<p><b>Marjorie<\/b><span style=\"font-weight: 400;\">, es parte del #UniversoMOLA desde el comienzo del movimiento. Hoy, adem\u00e1s de ser Voz en Guatemala, llevando el movimiento a este pa\u00eds, <\/span><b>es miembro de MOLA HUB<\/b><span style=\"font-weight: 400;\">, nuestro programa para la creaci\u00f3n de red entre actores de la industria latinoamericana.\u00a0<\/span><\/p>\n<p><span style=\"font-weight: 400;\">\u00a0<\/span><i><span style=\"font-weight: 400;\">\u00abSer parte de Universo Mola, me ha hecho una dise\u00f1adora consiente en los diferentes aspectos de mi vida, tengo un mayor conocimiento por todo el contenido que genera MOLA y el tener que generar contenido, me ha motivado a investigar m\u00e1s, a conocer m\u00e1s, a poder incentivar a las personas que me rodean a ser mas conscientes, a preocuparse por el medio ambiente y por las necesidades de las personas que nos rodean y que trabajan con nosotros.<\/span><\/i><b><i> Por MOLA he logrado presentarme como dise\u00f1adora internacionalmente, en mi pa\u00eds es un poco dif\u00edcil, pero la apertura que maneja Universo MOLA es una ayuda muy grande para los dise\u00f1adores, y ha sido asi para mi.<\/i><\/b><i><span style=\"font-weight: 400;\"> \"<\/span><\/i><\/p>\n<p><span style=\"font-weight: 400;\">La dise\u00f1adora Guatemalteca nos comenta un poco sobre sus emociones y sensaciones durante la experiencia en Nicaragua Dise\u00f1a, destacando su sorpresiva aparici\u00f3n en el Foro de Moda Sostenible:<\/span><\/p>\n<p><i><span style=\"font-weight: 400;\">\u00abCreo que para un dise\u00f1ador no hay nada como ver sus dise\u00f1os sobre modelos en una pasarela, pero algo que destacar\u00eda como mencione anteriormente, fue <\/span><\/i><b><i>poder ser parte del foro<\/i><\/b><i><span style=\"font-weight: 400;\">, fue algo gracioso como llegu\u00e9 a ser uno de los dise\u00f1adores del foro, nos invitaron para compartir experiencias con los estudiantes de la escuela de dise\u00f1o, y yo me ofrec\u00ed, en ning\u00fan momento pens\u00e9 que iba a hablar de moda sostenible y menos en televisi\u00f3n. Cuando llegu\u00e9 fui a que me arreglaran un poco y escuch\u00e9 a las presentadora decir en unos minutos nuestros invitados internacionales estar\u00e1n hablando de moda sostenible (me asuste por un momento) pero luego pens\u00e9, esta es la oportunidad para poder hablar de moda sostenible, y de lo que he aprendido con Universo Mola, y asi llegu\u00e9 a ser parte del foro.\u00bb<\/span><\/i><\/p>\n<p><span style=\"color: #ff0000;\"><span style=\"font-weight: 400;\">Felicitamos a esta dise\u00f1adora por aprovechar estas oportunidades que el Universo MOLA ofrece y busca para todos los miembros de MOLA HUB y la comunidad del movimiento internacional de moda sostenible. Pueden registrarte como miembros de manera gratuita en nuestra web, llenando el formulario pertinente. Am\u00e9rica Latina pa&#8217;l Mundo. <\/span><span style=\"font-weight: 400;\"><br \/>\n<\/span><span style=\"font-weight: 400;\"><br \/>\n<\/span><\/span><span style=\"font-weight: 400;\"><span style=\"color: #ff0000;\">URL del video<\/span>: <\/span><a href=\"https:\/\/youtu.be\/K5rze9c7kmk\"><span style=\"font-weight: 400;\">https:\/\/youtu.be\/K5rze9c7kmk<\/span><\/a><\/p>\n<\/div><\/div><\/div><\/div><\/div>","protected":false},"excerpt":{"rendered":"<p>Lorem ipsum dolor sit amet, consectetur adipiscing elit. Nam pharetra dictum eleifend. Sed posuere magna at luctus pretium. Aliquam ligula sem, aliquet sit amet nisi ac, dignissim porta ipsum.<\/p>","protected":false},"author":9,"featured_media":5647,"comment_status":"open","ping_status":"open","sticky":false,"template":"","format":"standard","meta":{"_monsterinsights_skip_tracking":false,"_monsterinsights_sitenote_active":false,"_monsterinsights_sitenote_note":"","_monsterinsights_sitenote_category":0,"footnotes":""},"categories":[40],"tags":[93,89,48,92,47,96,88],"class_list":["post-5638","post","type-post","status-publish","format-standard","has-post-thumbnail","hentry","category-blog","tag-disenadores-sostenibles","tag-moda-etica","tag-moda-latina","tag-moda-latinoamericana","tag-moda-sostenible","tag-moda-sustentable","tag-universo-mola"],"_links":{"self":[{"href":"https:\/\/universomola.com\/en\/wp-json\/wp\/v2\/posts\/5638","targetHints":{"allow":["GET"]}}],"collection":[{"href":"https:\/\/universomola.com\/en\/wp-json\/wp\/v2\/posts"}],"about":[{"href":"https:\/\/universomola.com\/en\/wp-json\/wp\/v2\/types\/post"}],"author":[{"embeddable":true,"href":"https:\/\/universomola.com\/en\/wp-json\/wp\/v2\/users\/9"}],"replies":[{"embeddable":true,"href":"https:\/\/universomola.com\/en\/wp-json\/wp\/v2\/comments?post=5638"}],"version-history":[{"count":1,"href":"https:\/\/universomola.com\/en\/wp-json\/wp\/v2\/posts\/5638\/revisions"}],"predecessor-version":[{"id":5648,"href":"https:\/\/universomola.com\/en\/wp-json\/wp\/v2\/posts\/5638\/revisions\/5648"}],"wp:featuredmedia":[{"embeddable":true,"href":"https:\/\/universomola.com\/en\/wp-json\/wp\/v2\/media\/5647"}],"wp:attachment":[{"href":"https:\/\/universomola.com\/en\/wp-json\/wp\/v2\/media?parent=5638"}],"wp:term":[{"taxonomy":"category","embeddable":true,"href":"https:\/\/universomola.com\/en\/wp-json\/wp\/v2\/categories?post=5638"},{"taxonomy":"post_tag","embeddable":true,"href":"https:\/\/universomola.com\/en\/wp-json\/wp\/v2\/tags?post=5638"}],"curies":[{"name":"wp","href":"https:\/\/api.w.org\/{rel}","templated":true}]}}