{"id":5641,"date":"2020-10-27T20:04:58","date_gmt":"2020-10-27T23:04:58","guid":{"rendered":"http:\/\/desarrollosdeprueba.xyz\/universo_mola\/?p=5641"},"modified":"2021-08-08T20:07:04","modified_gmt":"2021-08-08T23:07:04","slug":"dialogos-sobre-identidad-e-inclusion-no-2-pao","status":"publish","type":"post","link":"https:\/\/universomola.com\/en\/dialogos-sobre-identidad-e-inclusion-no-2-pao\/","title":{"rendered":"DI\u00c1LOGOS SOBRE IDENTIDAD E INCLUSI\u00d3N NO.2- PAO"},"content":{"rendered":"<div class=\"fusion-fullwidth fullwidth-box fusion-builder-row-1 fusion-flex-container nonhundred-percent-fullwidth non-hundred-percent-height-scrolling\" style=\"--awb-border-radius-top-left:0px;--awb-border-radius-top-right:0px;--awb-border-radius-bottom-right:0px;--awb-border-radius-bottom-left:0px;--awb-flex-wrap:wrap;\" ><div class=\"fusion-builder-row fusion-row fusion-flex-align-items-flex-start fusion-flex-content-wrap\" style=\"max-width:1248px;margin-left: calc(-4% \/ 2 );margin-right: calc(-4% \/ 2 );\"><div class=\"fusion-layout-column fusion_builder_column fusion-builder-column-0 fusion_builder_column_1_1 1_1 fusion-flex-column\" style=\"--awb-bg-size:cover;--awb-width-large:100%;--awb-margin-top-large:0px;--awb-spacing-right-large:1.92%;--awb-margin-bottom-large:0px;--awb-spacing-left-large:1.92%;--awb-width-medium:100%;--awb-spacing-right-medium:1.92%;--awb-spacing-left-medium:1.92%;--awb-width-small:100%;--awb-spacing-right-small:1.92%;--awb-spacing-left-small:1.92%;\"><div class=\"fusion-column-wrapper fusion-flex-justify-content-flex-start fusion-content-layout-column\"><div class=\"fusion-text fusion-text-1\"><\/div><div class=\"fusion-text fusion-text-2\"><p><span style=\"color: #33cccc;\"><em><span style=\"font-weight: 400;\">Por Denise Reddy, Voz del #UniversoMOLA Estados Unidos.\u00a0<\/span><\/em><\/span><\/p>\n<p><span style=\"font-weight: 400;\">Conoc\u00ed a Pao hace bastantes a\u00f1os. Es muy amiga de mi hermana y trabaja (trabaj\u00f3?) en una biblioteca feminista llamada Tierra Violeta en Buenos Aires, Argentina.\u00a0<\/span><\/p>\n<p><b>Mi nombre es Pao Raffetta, trabajo desde 2012 en el Centro Cultural Tierra Violeta, donde funcionan la Biblioteca Feminaria,<\/b><span style=\"font-weight: 400;\"> especializada en feminismos, literatura de mujeres, g\u00e9nero y diversidad. Tambi\u00e9n funciona como espacio cultural y galer\u00eda de arte, con cursos y seminarios de diversos temas, y perspectiva de g\u00e9nero.<\/span><\/p>\n<p><b>\u00bfQu\u00e9 es la identidad de g\u00e9nero? \u00bfC\u00f3mo est\u00e1 vinculada al movimiento feminista?<\/b><\/p>\n<p><b>La identidad de g\u00e9nero es la vivencia que cada persona tiene, interna e intransferible, del propio g\u00e9nero.<\/b><span style=\"font-weight: 400;\"> Esa vivencia se conforma desde la infancia y a trav\u00e9s de toda la vida. El movimiento feminista, a trav\u00e9s de su cr\u00edtica a los modelos religiosos y culturales sobre lo que significa ser \u00abhombre\u00bb o \u00abmujer\u00bb, ha planteado que la vivencia de cada persona es un hecho pol\u00edtico (\u00ablo personal es pol\u00edtico\u00bb), una construcci\u00f3n cultural, no atada a la naturaleza ni a los mandatos tradicionales. <\/span><b>El feminismo ha luchado contra la imposici\u00f3n de estereotipos y modos de vida reglados por la biolog\u00eda<\/b><span style=\"font-weight: 400;\"> (\u00abla biolog\u00eda no es destino\u00bb). As\u00ed, el ser mujer ya no est\u00e1 atado necesariamente a la experiencia de la heterosexualidad, la maternidad, el cuidado del hogar, los colores pastel y el silencio. Las mujeres hoy pueden elegir su forma de vivir su g\u00e9nero, su sexualidad, su vida social, profesional y familiar. As\u00ed, la identidad de g\u00e9nero de las mujeres ya no las ata a un solo modo de ser \u00abmujer\u00bb (madre, esposa, cuidadora) y se abren las puertas a m\u00faltiples formas y proyectos de vida. Lo mismo vale para las personas trans, que viven su identidad de g\u00e9nero con libertad y sin las imposiciones que la sociedad espera que cada quien cumpla seg\u00fan su \u00abbiolog\u00eda\u00bb (sexual).<\/span><\/p>\n<p><b>\u00bfC\u00faales son los desaf\u00edos que ves en LATAM en torno a la identidad de g\u00e9nero?<\/b><\/p>\n<p><b>Como desaf\u00edo, tanto en Am\u00e9rica Latina como en EEUU y Europa, vemos que el avance de los neo-conservadurismos pol\u00edticos y religiosos ha puesto su fuego en las existencias trans<\/b><span style=\"font-weight: 400;\">, y proponen regresar a un modo de generizaci\u00f3n de la sociedad seg\u00fan los preceptos de las alas m\u00e1s conservadoras de las religiones. Las alianzas de la Derecha global han atacado a las personas trans en todo el mundo, con pol\u00edticas excluyentes como las restricciones para el uso de ba\u00f1os escolares a adolescentes trans, el desfinanciamiento de programas de salud transicional, el ataque a los proyectos de educaci\u00f3n sexual inclusiva en las escuelas, etc.<\/span><\/p>\n<p><b>\u00bfCu\u00e1l es tu identidad de g\u00e9nero? \u00bfLa defines de alguna manera?\u00a0<\/b><\/p>\n<p><span style=\"font-weight: 400;\">Defino mi identidad de g\u00e9nero como Trans, ni var\u00f3n ni mujer.<\/span><\/p>\n<p><b>\u00bfDir\u00edas que en el transcurso de tu vida y a medida que tu identidad cambiaba se vio afectada la manera en que comprabas ropa?<\/b><\/p>\n<p><b>Mi ropa, peinado y apariencia han sido siempre bastante masculinas, tanto en la infancia como en la adolescencia y la adultez. Aunque creo que la ropa no nos define, s\u00ed creo que cada quien debe tener el derecho a que su vestimenta y apariencia puedan ser elegidas con libertad absoluta.<\/b><span style=\"font-weight: 400;\"> En Argentina, la ropa est\u00e1 a\u00fan muy marcada por los estereotipos de g\u00e9nero, y tanto como el calzado, a\u00fan es muy fuerte la separaci\u00f3n entre ropa y calzado de hombre o de mujer. Al punto que para comprar zapatillas, por ejemplo, no es f\u00e1cil conseguir simplemente un talle 38. No, es requisito aclarar si de hombre o de mujer. Las tiendas online, por ejemplo, no te permiten ver TODO el calzado en tu talle. S\u00f3lo se puede visualizar el calzado \u00abde hombre\u00bb (+39) o el calzado \u00abde mujer\u00bb (-39). Entonces, la mujer que calce m\u00e1s de 39 tendr\u00e1 muchas dificultades para conseguir zapatos \u00abfemeninos\u00bb, as\u00ed como el hombre que calce menos de 39 no conseguir\u00e1 nada suficientemente \u00abmasculino\u00bb. Y aunque hay una tendencia creciente hacia la ropa \u00abunisex\u00bb, es evidente que la industria textil est\u00e1 aun muy condicionada por los estereotipos de g\u00e9nero. Algunos ejemplos: la ropa \u00abde mujer\u00bb tiene pocos bolsillos (porque presumen que llevar\u00e1s cartera\u00bb, es poco resistente y c\u00f3moda porque asumen que no realizar\u00e1n esfuerzos f\u00edsicos. Es innecesariamente \u00absexy\u00bb, como si todo el tiempo las mujeres en su vida cotidiana tuvieran que privilegiar el erotismo masculino antes que la comodidad, practicidad, o durabilidad de la ropa. Lo mismo sucede con la ropa \u00abde hombre\u00bb, se presenta como pr\u00e1ctica y resistente, pero nunca \u00absexy\u00bb.<\/span><\/p>\n<p><b>\u00bfTienes alg\u00fan consejo para que dise\u00f1adores y marcas de moda sean m\u00e1s inclusivas?<\/b><\/p>\n<p><b>A quienes dise\u00f1an ropa les recomendar\u00eda que sigan m\u00e1s su creatividad y arte, y menos las imposiciones y estereotipos culturales, que dise\u00f1en ropas para todo p\u00fablico<\/b><span style=\"font-weight: 400;\"> (aqu\u00ed en Argentina todav\u00eda es muy cara y poco atractiva la ropa de talles grandes o min\u00fasculos, como si toda persona gorda tuviera que vestir una carpa y toda mujer de peque\u00f1o tama\u00f1o debiera vestir como una ni\u00f1a), que tengan en cuenta modelos diversos, incluyendo diversidad sexual, diversidad cultural y \u00e9tnica, diversidad de tallas y diversidad funcional. Entrar en di\u00e1logo con las comunidades diversas enriquecer\u00e1 a dise\u00f1adores y marcas, al mismo tiempo que llamo a evitar la apropiaci\u00f3n cultural y los estereotipos sexistas.<\/span><\/p>\n<p><span style=\"font-weight: 400;\">Gracias @paoraffetta<\/span><\/p>\n<p><span style=\"font-weight: 400;\">By @thedenisereddy<\/span><\/p>\n<\/div><\/div><\/div><\/div><\/div>","protected":false},"excerpt":{"rendered":"<p>Lorem ipsum dolor sit amet, consectetur adipiscing elit. Nam pharetra dictum eleifend. Sed posuere magna at luctus pretium. Aliquam ligula sem, aliquet sit amet nisi ac, dignissim porta ipsum.<\/p>","protected":false},"author":9,"featured_media":5642,"comment_status":"open","ping_status":"open","sticky":false,"template":"","format":"standard","meta":{"_monsterinsights_skip_tracking":false,"_monsterinsights_sitenote_active":false,"_monsterinsights_sitenote_note":"","_monsterinsights_sitenote_category":0,"footnotes":""},"categories":[40],"tags":[93,91,89,48,92,47,96,90,88],"class_list":["post-5641","post","type-post","status-publish","format-standard","has-post-thumbnail","hentry","category-blog","tag-disenadores-sostenibles","tag-ethical-fashion","tag-moda-etica","tag-moda-latina","tag-moda-latinoamericana","tag-moda-sostenible","tag-moda-sustentable","tag-sustainable","tag-universo-mola"],"_links":{"self":[{"href":"https:\/\/universomola.com\/en\/wp-json\/wp\/v2\/posts\/5641","targetHints":{"allow":["GET"]}}],"collection":[{"href":"https:\/\/universomola.com\/en\/wp-json\/wp\/v2\/posts"}],"about":[{"href":"https:\/\/universomola.com\/en\/wp-json\/wp\/v2\/types\/post"}],"author":[{"embeddable":true,"href":"https:\/\/universomola.com\/en\/wp-json\/wp\/v2\/users\/9"}],"replies":[{"embeddable":true,"href":"https:\/\/universomola.com\/en\/wp-json\/wp\/v2\/comments?post=5641"}],"version-history":[{"count":1,"href":"https:\/\/universomola.com\/en\/wp-json\/wp\/v2\/posts\/5641\/revisions"}],"predecessor-version":[{"id":5643,"href":"https:\/\/universomola.com\/en\/wp-json\/wp\/v2\/posts\/5641\/revisions\/5643"}],"wp:featuredmedia":[{"embeddable":true,"href":"https:\/\/universomola.com\/en\/wp-json\/wp\/v2\/media\/5642"}],"wp:attachment":[{"href":"https:\/\/universomola.com\/en\/wp-json\/wp\/v2\/media?parent=5641"}],"wp:term":[{"taxonomy":"category","embeddable":true,"href":"https:\/\/universomola.com\/en\/wp-json\/wp\/v2\/categories?post=5641"},{"taxonomy":"post_tag","embeddable":true,"href":"https:\/\/universomola.com\/en\/wp-json\/wp\/v2\/tags?post=5641"}],"curies":[{"name":"wp","href":"https:\/\/api.w.org\/{rel}","templated":true}]}}