{"id":5650,"date":"2019-11-06T20:10:46","date_gmt":"2019-11-06T23:10:46","guid":{"rendered":"http:\/\/desarrollosdeprueba.xyz\/universo_mola\/?p=5650"},"modified":"2021-08-08T20:12:41","modified_gmt":"2021-08-08T23:12:41","slug":"futuro-ancestral","status":"publish","type":"post","link":"https:\/\/universomola.com\/en\/futuro-ancestral\/","title":{"rendered":"FUTURO ANCESTRAL"},"content":{"rendered":"<div class=\"fusion-fullwidth fullwidth-box fusion-builder-row-1 fusion-flex-container nonhundred-percent-fullwidth non-hundred-percent-height-scrolling\" style=\"--awb-border-radius-top-left:0px;--awb-border-radius-top-right:0px;--awb-border-radius-bottom-right:0px;--awb-border-radius-bottom-left:0px;--awb-flex-wrap:wrap;\" ><div class=\"fusion-builder-row fusion-row fusion-flex-align-items-flex-start fusion-flex-content-wrap\" style=\"max-width:1248px;margin-left: calc(-4% \/ 2 );margin-right: calc(-4% \/ 2 );\"><div class=\"fusion-layout-column fusion_builder_column fusion-builder-column-0 fusion_builder_column_1_1 1_1 fusion-flex-column\" style=\"--awb-bg-size:cover;--awb-width-large:100%;--awb-margin-top-large:0px;--awb-spacing-right-large:1.92%;--awb-margin-bottom-large:0px;--awb-spacing-left-large:1.92%;--awb-width-medium:100%;--awb-spacing-right-medium:1.92%;--awb-spacing-left-medium:1.92%;--awb-width-small:100%;--awb-spacing-right-small:1.92%;--awb-spacing-left-small:1.92%;\"><div class=\"fusion-column-wrapper fusion-flex-justify-content-flex-start fusion-content-layout-column\"><div class=\"fusion-text fusion-text-1\"><p><em><span style=\"color: #33cccc;\">Escrito por: Noticias <\/span><\/em><em><span style=\"color: #33cccc;\">de Universo MOLA<\/span><\/em><\/p>\n<p><span style=\"font-weight: 400; color: #999999;\">Por Iliana Medina, Marquesa Wayuu.\u00a0<\/span><\/p>\n<p style=\"text-align: right;\"><span style=\"color: #ff0000;\"><b><i>RECOPILADO DEL SEMINARIO ACAD\u00c9MICO DE MODA SOSTENIBLE, BOGOT\u00c1, 2019.<\/i><\/b><\/span><\/p>\n<p><b>\u00bfQu\u00e9 estamos haciendo para que nuestro planeta sea sostenible?\u00a0<\/b><\/p>\n<p><span style=\"font-weight: 400;\">Desde los\u00a0 distintos puntos de vista de la sostenibilidad,\u00a0 hay uno muy importante y es <\/span><b>c\u00f3mo hacer conciencia, prevalecer y dejar huella en nuestro mundo.<\/b><span style=\"font-weight: 400;\">\u00a0<\/span><\/p>\n<p><b>\u00bfQu\u00e9 le estamos dejando a nuestros hijos, y que queremos que ellos aprendan?<\/b><\/p>\n<p><span style=\"font-weight: 400;\">Lo pregunto porque mirando atr\u00e1s traemos vivencias, creencias, costumbres que adaptamos a nuestra vida actual, y nos damos cuenta que estas representaciones de nuestro pasado, bien valoradas serian tambi\u00e9n parte de nuestro futuro. Cuando en el presente nos sentimos orgullosos con todo lo que hemos aprendido por parte de nuestros ancestros, comprendemos que para pervivir, debemos seguir dejando como herencia estas influencias, que tienen un valor inmaterial pero significativo, y<\/span><b> no perder lo que realmente nos caracteriza.<\/b><\/p>\n<p><b>\u00b4\u00b4Es bueno aprender y adoptar buenas costumbres, pero no debemos olvidarnos de nuestras ra\u00edces, que son el principio de lo que realmente somos\u00b4\u00b4.\u00a0<\/b><\/p>\n<p><span style=\"font-weight: 400;\">Soy Iliana medina dise\u00f1adora de modas Guajira, de la Universidad Aut\u00f3noma del Caribe. <\/span><b>Marquesa Wayuu<\/b><span style=\"font-weight: 400;\"> es una\u00a0 empresa que lidero hace algunos a\u00f1os, y que he ido consolidando con la elaboraci\u00f3n de dise\u00f1os de\u00a0 tejidos innovadores incluidos vestuarios y art\u00edculos para decoraci\u00f3n del hogar, inspirados en la cultura wayuu, <\/span><b>considerando la importancia de sus costumbres, respetando sus tradiciones y aprendiendo acerca de su cosmogon\u00eda.<\/b><span style=\"font-weight: 400;\"> Con su contribuci\u00f3n no solo estamos valorando sus valiosas creaciones, tambi\u00e9n estamos promoviendo su trabajo, y adem\u00e1s generando conciencia acerca de lo afortunado que somos de tenerlos. Pese al olvido, a la indiferencia e incluso a la discriminaci\u00f3n.<\/span><\/p>\n<p><span style=\"font-weight: 400;\">En Colombia perduran 87 pueblos ind\u00edgenas a lo largo del territorio nacional,\u00a0 que aferrados a su cultura est\u00e1n librando una dura batalla que pretende absorberlos en la sociedad mayoritaria. La (onic)\u00a0 organizacion nacional ind\u00edgena de Colombia afirma que <\/span><b>existen 102 pueblos ind\u00edgenas de los cuales 18 se encuentran en peligro de desaparecer.<\/b><span style=\"font-weight: 400;\"> Es de gran orgullo saber que mi departamento, la Guajira, es la poblaci\u00f3n ind\u00edgena m\u00e1s poblada con 278. 212 ind\u00edgenas.\u00a0 Esta,\u00a0 junto con Cauca, Nari\u00f1o, C\u00f3rdoba y Sucre, concentran aproximadamente dos\u00a0 tercios de la poblaci\u00f3n ind\u00edgena del pa\u00eds.\u00a0<\/span><\/p>\n<p><span style=\"font-weight: 400;\">Todos estamos comprometidos a proponer acciones que se dirijan al respeto por los dem\u00e1s, de manera individual o colectiva, dependiendo el escenario de participaci\u00f3n. Como dise\u00f1adora de modas invito a todos los que estamos en este medio a aprovechar nuestra cultura para darla a conocer, sin embargo<\/span><b> debemos respetar a quienes protagonizan estos espacios<\/b><span style=\"font-weight: 400;\">, pagando precios justos y comprendiendo que muchos de los dise\u00f1os que realizan las comunidades ind\u00edgenas,\u00a0 tienen una representaci\u00f3n de\u00a0 su cosmovisi\u00f3n, del significado de la vida, la muerte, la participaci\u00f3n de la mujer y otros aspectos que muchas veces no sabemos, <\/span><b>que est\u00e1n representados en un hermoso tejido wayuu.<\/b><\/p>\n<\/div><\/div><\/div><\/div><\/div>","protected":false},"excerpt":{"rendered":"<p>Lorem ipsum dolor sit amet, consectetur adipiscing elit. Nam pharetra dictum eleifend. Sed posuere magna at luctus pretium. Aliquam ligula sem, aliquet sit amet nisi ac, dignissim porta ipsum.<\/p>","protected":false},"author":9,"featured_media":5653,"comment_status":"open","ping_status":"open","sticky":false,"template":"","format":"standard","meta":{"_monsterinsights_skip_tracking":false,"_monsterinsights_sitenote_active":false,"_monsterinsights_sitenote_note":"","_monsterinsights_sitenote_category":0,"footnotes":""},"categories":[40],"tags":[93,89,48,92,47,96,88],"class_list":["post-5650","post","type-post","status-publish","format-standard","has-post-thumbnail","hentry","category-blog","tag-disenadores-sostenibles","tag-moda-etica","tag-moda-latina","tag-moda-latinoamericana","tag-moda-sostenible","tag-moda-sustentable","tag-universo-mola"],"_links":{"self":[{"href":"https:\/\/universomola.com\/en\/wp-json\/wp\/v2\/posts\/5650","targetHints":{"allow":["GET"]}}],"collection":[{"href":"https:\/\/universomola.com\/en\/wp-json\/wp\/v2\/posts"}],"about":[{"href":"https:\/\/universomola.com\/en\/wp-json\/wp\/v2\/types\/post"}],"author":[{"embeddable":true,"href":"https:\/\/universomola.com\/en\/wp-json\/wp\/v2\/users\/9"}],"replies":[{"embeddable":true,"href":"https:\/\/universomola.com\/en\/wp-json\/wp\/v2\/comments?post=5650"}],"version-history":[{"count":1,"href":"https:\/\/universomola.com\/en\/wp-json\/wp\/v2\/posts\/5650\/revisions"}],"predecessor-version":[{"id":5654,"href":"https:\/\/universomola.com\/en\/wp-json\/wp\/v2\/posts\/5650\/revisions\/5654"}],"wp:featuredmedia":[{"embeddable":true,"href":"https:\/\/universomola.com\/en\/wp-json\/wp\/v2\/media\/5653"}],"wp:attachment":[{"href":"https:\/\/universomola.com\/en\/wp-json\/wp\/v2\/media?parent=5650"}],"wp:term":[{"taxonomy":"category","embeddable":true,"href":"https:\/\/universomola.com\/en\/wp-json\/wp\/v2\/categories?post=5650"},{"taxonomy":"post_tag","embeddable":true,"href":"https:\/\/universomola.com\/en\/wp-json\/wp\/v2\/tags?post=5650"}],"curies":[{"name":"wp","href":"https:\/\/api.w.org\/{rel}","templated":true}]}}