{"id":5656,"date":"2019-11-08T20:14:25","date_gmt":"2019-11-08T23:14:25","guid":{"rendered":"http:\/\/desarrollosdeprueba.xyz\/universo_mola\/?p=5656"},"modified":"2021-08-08T20:19:59","modified_gmt":"2021-08-08T23:19:59","slug":"vesti-consciente","status":"publish","type":"post","link":"https:\/\/universomola.com\/en\/vesti-consciente\/","title":{"rendered":"VEST\u00cd CONSCIENTE"},"content":{"rendered":"<div class=\"fusion-fullwidth fullwidth-box fusion-builder-row-1 fusion-flex-container nonhundred-percent-fullwidth non-hundred-percent-height-scrolling\" style=\"--awb-border-radius-top-left:0px;--awb-border-radius-top-right:0px;--awb-border-radius-bottom-right:0px;--awb-border-radius-bottom-left:0px;--awb-flex-wrap:wrap;\" ><div class=\"fusion-builder-row fusion-row fusion-flex-align-items-flex-start fusion-flex-content-wrap\" style=\"max-width:1248px;margin-left: calc(-4% \/ 2 );margin-right: calc(-4% \/ 2 );\"><div class=\"fusion-layout-column fusion_builder_column fusion-builder-column-0 fusion_builder_column_1_1 1_1 fusion-flex-column\" style=\"--awb-bg-size:cover;--awb-width-large:100%;--awb-margin-top-large:0px;--awb-spacing-right-large:1.92%;--awb-margin-bottom-large:0px;--awb-spacing-left-large:1.92%;--awb-width-medium:100%;--awb-spacing-right-medium:1.92%;--awb-spacing-left-medium:1.92%;--awb-width-small:100%;--awb-spacing-right-small:1.92%;--awb-spacing-left-small:1.92%;\"><div class=\"fusion-column-wrapper fusion-flex-justify-content-flex-start fusion-content-layout-column\"><div class=\"fusion-text fusion-text-1\"><p><em><span style=\"color: #33cccc;\">Escrito por: Noticias <\/span><\/em><em><span style=\"color: #33cccc;\">de Universo MOLA<\/span><\/em><\/p>\n<p><span style=\"font-weight: 400; color: #999999;\">Por Andrea de Iacovo, Voz del #UniversoMOLA Argentina<\/span><\/p>\n<p><span style=\"color: #ff0000;\"><b>\u00bfC\u00f3mo surge la idea de armar una tienda sustentable?<\/b><\/span><\/p>\n<p><b>Vest\u00ed Consciente<\/b><span style=\"font-weight: 400;\"> es el resultado de una b\u00fasqueda interna nuestra. Como la mayor\u00eda de las personas que abordamos el camino de la concientizaci\u00f3n en los consumos, comenzamos por la alimentaci\u00f3n, los productos cosm\u00e9ticos, de perfumer\u00eda e inevitablemente uno llega a la ropa.\u00a0<\/span><\/p>\n<p><span style=\"font-weight: 400; color: #ff0000;\">Comenzamos a preguntarnos qu\u00e9 est\u00e1bamos vistiendo y no ten\u00edamos ni idea,\u00a0 ni qui\u00e9n las hizo, ni bajo qu\u00e9 condiciones de trabajo ni tampoco si en su proceso productivo cuidaban el medio ambiente.<\/span><span style=\"font-weight: 400;\"> Tampoco si los tintes con los que hab\u00eda sido te\u00f1ida esa prenda nos hac\u00edan bien a la salud o contaminaron.\u00a0<\/span><\/p>\n<p><span style=\"font-weight: 400;\">As\u00ed es que investigamos, hicimos cursos y entendimos que el problema era grave, pero a la vez empezamos a conocer dise\u00f1adores y artesanos argentinos que cuidaban su producci\u00f3n, a quienes trabajaban en ella y por supuesto tambi\u00e9n su impacto ambiental.\u00a0<\/span><\/p>\n<p><b>Creamos el lugar a donde quer\u00edamos ir a comprar, un lugar con prendas y accesorios que provienen de talleres \u201climpios\u201d<\/b><span style=\"font-weight: 400;\">, que siguen los principios del comercio justo, que cuidan el Planeta y que son dise\u00f1adas y realizadas en nuestro pa\u00eds por gente talentosa, a quienes admiramos.<\/span><\/p>\n<p><span style=\"font-weight: 400;\">La mayor\u00eda de los dise\u00f1adores que trabajan sosteniblemente necesitan un espacio donde vender sus productos, donde la gente pueda ir a probarse sus creaciones y ayuda para concientizar y difundir lo que hacen y c\u00f3mo lo hacen. Ese es nuestro aporte desde Vest\u00ed Consciente.<\/span><\/p>\n<p><span style=\"color: #ff0000;\"><b>\u00bfEn qu\u00e9 fecha\u00a0 la crearon y en que lugar fisico de Bs As se encuentra la misma?<\/b><\/span><\/p>\n<p><span style=\"font-weight: 400;\">Abrimos en agosto de 2017 un showroom en el barrio porte\u00f1o de Caballito y hace unos meses nos mudamos al barrio de Belgrano.<\/span><i><span style=\"font-weight: 400;\">\u00a0<\/span><\/i><\/p>\n<ul>\n<li style=\"font-weight: 400;\" aria-level=\"1\"><span style=\"font-weight: 400;\">Tienda on line: <\/span><a href=\"http:\/\/www.vesticonsciente.com.ar\/\"><span style=\"font-weight: 400;\">www.vesticonsciente.com.ar<\/span><\/a><span style=\"font-weight: 400;\">\u00a0<\/span><\/li>\n<li style=\"font-weight: 400;\" aria-level=\"1\"><span style=\"font-weight: 400;\">Showroom: S\u00e1bados por la tarde o con cita. Belgrano, CABA.<\/span><\/li>\n<li style=\"font-weight: 400;\" aria-level=\"1\"><span style=\"font-weight: 400;\">Instagram: vesti_consciente<\/span><\/li>\n<li style=\"font-weight: 400;\" aria-level=\"1\"><span style=\"font-weight: 400;\">Facebook: @vesticonsciente<\/span><\/li>\n<li style=\"font-weight: 400;\" aria-level=\"1\"><span style=\"font-weight: 400;\">Mail: <\/span><span style=\"font-weight: 400;\">vesticonsciente@gmail.com<\/span><\/li>\n<\/ul>\n<p><span style=\"font-weight: 400;\">\u00a0<\/span><\/p>\n<p><span style=\"color: #ff0000;\"><b>\u00bfPodr\u00edan enumerar cu\u00e1ntos dise\u00f1adores hay dentro de su tienda?, adem\u00e1s de moda y dise\u00f1o \u00bfqu\u00e9 otros productos ofrecen?<\/b><\/span><\/p>\n<p><span style=\"font-weight: 400;\">Entre las propuestas hay <\/span><b>dise\u00f1adores que hacen upcycling<\/b><span style=\"font-weight: 400;\"> en prendas con textiles recuperados, hay <\/span><b>accesorios realizados a partir de descartes de sachet de leche, bolsas de pl\u00e1stico o paquetes<\/b><span style=\"font-weight: 400;\"> de snacks. <\/span><b>Calzado realizado con descartes de mangueras de incendio, eco cuero biodegradable y descartes textiles.\u00a0<\/b><\/p>\n<p><span style=\"font-weight: 400;\">Tambi\u00e9n hay prendas realizadas con <\/span><b>fibras y tintes naturales<\/b><span style=\"font-weight: 400;\">, de origen vegetal. <\/span><span style=\"font-weight: 400; color: #ff0000;\">Las marcas de indumentaria que nos acompa\u00f1an son: Echaniz, Cristina Oviedo, Maica, Boobamaras, Aura, Jard\u00edn Estampas, Guay Natural.<\/span><\/p>\n<p><span style=\"font-weight: 400;\">Adem\u00e1s sumamos otras propuestas como <\/span><b>protectores diarios y discos demaquillantes<\/b><span style=\"font-weight: 400;\"> realizados con descartes de producci\u00f3n de Aura,<\/span><b> maquillaje ecol\u00f3gico y natural<\/b><span style=\"font-weight: 400;\"> apto veganos, embarazadas, pacientes oncol\u00f3gicos y cel\u00edacos de la marca argentina Ecoderm; <\/span><b>cepillos de dientes de bamb\u00fa<\/b><span style=\"font-weight: 400;\"> marca Biotr\u00e1nsito y la <\/span><b>copa menstrual<\/b><span style=\"font-weight: 400;\"> marca Maggacup, <\/span><span style=\"color: #ff6600;\"><b>todo realizado en el pa\u00eds<\/b><\/span><span style=\"font-weight: 400;\"><span style=\"color: #ff6600;\">.<\/span> Tambi\u00e9n estamos trabajando con Monte Adentro, una ONG que trabaja con familias rurales en Chaco y tiene una serie de talleres para mujeres, entre ellos de costura, que realizan nuestras bolsas a partir de descartes\u00a0 textiles y tambi\u00e9n un pack de bolsas para compra a granel que vendemos, que les permite empoderarse y generar un ingreso para sus familias.<\/span><\/p>\n<p><span style=\"font-weight: 400;\">Apostamos al dise\u00f1o y trabajo argentino.<\/span><\/p>\n<p><span style=\"color: #ff0000;\"><b>\u00bfCreen que en el \u00faltimo a\u00f1o creci\u00f3 la demanda en cuanto al consumo consciente y sustentable dentro de la moda ?<\/b><\/span><\/p>\n<p><b>S\u00ed, totalmente<\/b><span style=\"font-weight: 400;\">. Estamos en un momento bisagra a nivel social, el consumidor es cada vez m\u00e1s cr\u00edtico y exigente. El cambio clim\u00e1tico y el agotamiento de recursos naturales est\u00e1 en la agenda mundial y es un grave problema por el que estamos viendo cada vez mas personas movilizadas en el planeta. Tan s\u00f3lo nos quedan 10 a\u00f1os para revertir el cambio clim\u00e1tico. A nivel global, estamos gastando los recursos naturales de 1,7 planetas. <\/span><b>Esto es insostenible y es responsabilidad de todos.\u00a0<\/b><\/p>\n<p><span style=\"font-weight: 400;\">Los consumidores\u00a0 tenemos el poder\u00a0 de elegir qu\u00e9 financiar con nuestros consumos y eso es parte fundamental del cambio de paradigma porque si el consumidor lo exige, el mercado debe adaptarse.<\/span><\/p>\n<p><span style=\"font-weight: 400;\">De todas formas, a\u00fan queda mucho trabajo por delante porque hay un gran porcentaje de nuestra sociedad que no se pregunta ni sabe qu\u00e9 hay detr\u00e1s de su ropa o le es indiferente.<\/span><\/p>\n<p><span style=\"color: #ff0000;\"><b>\u00bfQu\u00e9 productos son los m\u00e1s buscados por sus clientes? \u00bfellos\u00a0 se sorprenden\u00a0 al conocer\u00a0 productos innovadores y amigables con el medio ambiente ?<\/b><\/span><\/p>\n<p><span style=\"font-weight: 400;\">Todas las propuestas son bien recibidas y tenemos p\u00fablico para todo, est\u00e1n quienes buscan la producci\u00f3n desde los descartes, otros que prefieren las fibras y tintes naturales por condiciones de alergias, pieles sensibles, mam\u00e1s y beb\u00e9s, etc.\u00a0<\/span><\/p>\n<p><b>Nuestros clientes son consumidores responsables, que valoran saber qu\u00e9 est\u00e1n vistiendo y reflejar sus valores en lo que llevan puesto.<\/b><\/p>\n<p><span style=\"font-weight: 400;\">En general las propuestas de upcycling y estampa bot\u00e1nica son las que mas atraen a los \u201cnuevos clientes\u201d por su originalidad y dise\u00f1o \u00fanico.<\/span><\/p>\n<p><span style=\"font-weight: 400;\">\u00a0<\/span><\/p>\n<p><span style=\"color: #ff0000;\"><b>\u00bfPodemos hoy pensar que la moda sustentable deja de\u00a0 ser una vanguardia para instalarse c\u00f3mo tal?<\/b><\/span><\/p>\n<p><span style=\"font-weight: 400;\">Creemos que si bien se ha avanzado much\u00edsimo, <\/span><b>a\u00fan hay un gran desaf\u00edo por delante en transmitir conocimiento y generar conciencia.<\/b><span style=\"font-weight: 400;\"> Se trata de deconstruir el modelo consumista con el que fuimos educadas las \u00faltimas generaciones, en donde el sin\u00f3nimo de \u00e9xito es la acumulaci\u00f3n de objetos sin importar nada m\u00e1s y construir el modelo del conocimiento, esp\u00edritu cr\u00edtico, la diversidad, la responsabilidad de nuestras acciones y orientarnos hacia el bien com\u00fan.\u00a0<\/span><\/p>\n<p><b>No podemos consumir desmesuradamente en un planeta cuyos recursos son limitados.<\/b><\/p>\n<p><span style=\"color: #ff0000;\"><b>\u00bfPueden dejarnos tres tips claves para tener un guardarropas m\u00e1s sustentable?<\/b><\/span><\/p>\n<p><b>Primero, cuidar la ropa<\/b><span style=\"font-weight: 400;\"> que cada uno de nosotros tiene en su ropero, porque esa prenda consumi\u00f3 recursos y es fruto del trabajo de muchas personas. Por ejemplo, los jeans de algod\u00f3n que seguramente muchos tengan en su ropero, necesitaron alrededor de 10mil litros de agua, una cantidad mayor a lo que beber\u00eda un ser humano en 10 a\u00f1os.<\/span><\/p>\n<p><b>Segundo, reparar lo que se rompe<\/b><span style=\"font-weight: 400;\">, no descartarlo.\u00a0 Se calcula que 1 prenda de \u00abmoda r\u00e1pida\u00bb que usemos menos de 5 veces y tiremos a los 35 d\u00edas, produce m\u00e1s de 400% emisiones de carbono que una que usemos 50 veces y tengamos por 1 a\u00f1o.<\/span><\/p>\n<p><span style=\"font-weight: 400;\">Y por \u00faltimo, <\/span><b>si se tiene que comprar, preguntarse qui\u00e9n lo hizo y c\u00f3mo lo hizo y si no va a pasar de moda.<\/b><span style=\"font-weight: 400;\"> Creemos que si las personas saben la historia de esa prenda que van a comprar, c\u00f3mo se hizo y qui\u00e9n la hizo, la van a cuidar y valorar y les va a durar mucho tiempo.<\/span><\/p>\n<p><span style=\"font-weight: 400;\">Es por eso que contamos a cada persona que nos visita en el showroom y en la tienda online y redes, la forma en la que cada prenda y accesorio fue realizada y por quienes, promoviendo de esta forma, el consumo consciente y la responsabilidad social y ambiental que tenemos todos como consumidores.<\/span><\/p>\n<\/div><\/div><\/div><\/div><\/div>","protected":false},"excerpt":{"rendered":"<p>Lorem ipsum dolor sit amet, consectetur adipiscing elit. Nam pharetra dictum eleifend. Sed posuere magna at luctus pretium. Aliquam ligula sem, aliquet sit amet nisi ac, dignissim porta ipsum.<\/p>","protected":false},"author":9,"featured_media":5661,"comment_status":"open","ping_status":"open","sticky":false,"template":"","format":"standard","meta":{"_monsterinsights_skip_tracking":false,"_monsterinsights_sitenote_active":false,"_monsterinsights_sitenote_note":"","_monsterinsights_sitenote_category":0,"footnotes":""},"categories":[40],"tags":[93,89,48,92,47,96,88],"class_list":["post-5656","post","type-post","status-publish","format-standard","has-post-thumbnail","hentry","category-blog","tag-disenadores-sostenibles","tag-moda-etica","tag-moda-latina","tag-moda-latinoamericana","tag-moda-sostenible","tag-moda-sustentable","tag-universo-mola"],"_links":{"self":[{"href":"https:\/\/universomola.com\/en\/wp-json\/wp\/v2\/posts\/5656","targetHints":{"allow":["GET"]}}],"collection":[{"href":"https:\/\/universomola.com\/en\/wp-json\/wp\/v2\/posts"}],"about":[{"href":"https:\/\/universomola.com\/en\/wp-json\/wp\/v2\/types\/post"}],"author":[{"embeddable":true,"href":"https:\/\/universomola.com\/en\/wp-json\/wp\/v2\/users\/9"}],"replies":[{"embeddable":true,"href":"https:\/\/universomola.com\/en\/wp-json\/wp\/v2\/comments?post=5656"}],"version-history":[{"count":1,"href":"https:\/\/universomola.com\/en\/wp-json\/wp\/v2\/posts\/5656\/revisions"}],"predecessor-version":[{"id":5662,"href":"https:\/\/universomola.com\/en\/wp-json\/wp\/v2\/posts\/5656\/revisions\/5662"}],"wp:featuredmedia":[{"embeddable":true,"href":"https:\/\/universomola.com\/en\/wp-json\/wp\/v2\/media\/5661"}],"wp:attachment":[{"href":"https:\/\/universomola.com\/en\/wp-json\/wp\/v2\/media?parent=5656"}],"wp:term":[{"taxonomy":"category","embeddable":true,"href":"https:\/\/universomola.com\/en\/wp-json\/wp\/v2\/categories?post=5656"},{"taxonomy":"post_tag","embeddable":true,"href":"https:\/\/universomola.com\/en\/wp-json\/wp\/v2\/tags?post=5656"}],"curies":[{"name":"wp","href":"https:\/\/api.w.org\/{rel}","templated":true}]}}