{"id":5671,"date":"2020-11-24T20:25:52","date_gmt":"2020-11-24T23:25:52","guid":{"rendered":"http:\/\/desarrollosdeprueba.xyz\/universo_mola\/?p=5671"},"modified":"2021-08-08T20:29:45","modified_gmt":"2021-08-08T23:29:45","slug":"ecomaterioteca-un-directorio-de-materias-primas-sostenibles","status":"publish","type":"post","link":"https:\/\/universomola.com\/en\/ecomaterioteca-un-directorio-de-materias-primas-sostenibles\/","title":{"rendered":"ECOMATERIOTECA: UN DIRECTORIO DE MATERIAS PRIMAS SOSTENIBLES"},"content":{"rendered":"<div class=\"fusion-fullwidth fullwidth-box fusion-builder-row-1 fusion-flex-container nonhundred-percent-fullwidth non-hundred-percent-height-scrolling\" style=\"--awb-border-radius-top-left:0px;--awb-border-radius-top-right:0px;--awb-border-radius-bottom-right:0px;--awb-border-radius-bottom-left:0px;--awb-flex-wrap:wrap;\" ><div class=\"fusion-builder-row fusion-row fusion-flex-align-items-flex-start fusion-flex-content-wrap\" style=\"max-width:1248px;margin-left: calc(-4% \/ 2 );margin-right: calc(-4% \/ 2 );\"><div class=\"fusion-layout-column fusion_builder_column fusion-builder-column-0 fusion_builder_column_1_1 1_1 fusion-flex-column\" style=\"--awb-bg-size:cover;--awb-width-large:100%;--awb-margin-top-large:0px;--awb-spacing-right-large:1.92%;--awb-margin-bottom-large:0px;--awb-spacing-left-large:1.92%;--awb-width-medium:100%;--awb-spacing-right-medium:1.92%;--awb-spacing-left-medium:1.92%;--awb-width-small:100%;--awb-spacing-right-small:1.92%;--awb-spacing-left-small:1.92%;\"><div class=\"fusion-column-wrapper fusion-flex-justify-content-flex-start fusion-content-layout-column\"><div class=\"fusion-text fusion-text-1\"><\/div><div class=\"fusion-text fusion-text-2\"><p><span style=\"color: #33cccc;\"><i><span style=\"font-weight: 400;\">Por Ecomaterioteca \/ Imagen portada: Ecomaterioteca \/ Traducci\u00f3n: Gabriela de Laurentis, Voz MOLA Brasil<\/span><\/i><\/span><\/p>\n<p><b><i>O Projeto Ecomaterioteca foi gestado em dezembro de 2016<\/i><\/b><i><span style=\"font-weight: 400;\"> por Gabriela Leite Marcondes Schott e Geanneti Tavares Salomon respons\u00e1veis pela idealiza\u00e7\u00e3o, curadoria, produ\u00e7\u00e3o executiva e lan\u00e7amento no mercado.\u00a0<\/span><\/i><\/p>\n<p><span style=\"color: #808080;\"><b>El Proyecto Ecomaterioteca fue gestionado en diciembre de 2016<\/b><span style=\"font-weight: 400;\"> por Gabriela Leite Marcondes Schott y Geanneti Tavares Salomon responsables de la creaci\u00f3n, curadur\u00eda, producci\u00f3n ejecutiva y lanzamiento al mercado.<\/span><\/span><\/p>\n<p><i><span style=\"font-weight: 400;\">A Exposi\u00e7\u00e3o Ecomaterioteca foi inaugurada no dia 11 de outubro no Museu da Moda (MUMO)* em Belo Horizonte, M.G. permanecendo at\u00e9 o dia 28 de novembro de 2017, que contou com a parceria da Designer de Moda Denise Frade e da Arquiteta Ana L\u00facia Chagas Barbosa Santos. Durante esse per\u00edodo 3.538 pessoas visitaram a exposi\u00e7\u00e3o de acordo com o controle de assinaturas do Museu.\u00a0<\/span><\/i><\/p>\n<p><span style=\"font-weight: 400; color: #808080;\">La Exposici\u00f3n Ecomaterioteca se inaugur\u00f3 el 11 de octubre en el Museo de la Moda (MUMO) * en Belo Horizonte, Minas Gerais, yendo hasta el 28 de noviembre de 2017, que cont\u00f3 con la colaboraci\u00f3n de la dise\u00f1adora de moda Denise Frade y la arquitecta Ana L\u00facia Chagas Barbosa Santos. Durante este per\u00edodo, 3.538 personas visitaron la exposici\u00f3n seg\u00fan el control de firmas de visitantes del Museo.<\/span><\/p>\n<p><i><span style=\"font-weight: 400;\">Antecipando o futuro, Gabriela Leite Marcondes Schott idealizadora e CEO da Ecomaterioteca e Denise Frade Diretora Executiva da Ecomaterioteca, <\/span><\/i><b><i>perceberam uma lacuna entre os criadores que possuem um desejo de se adequar aos novos par\u00e2metros sustent\u00e1veis exigidos pelo mundo p\u00f3s-moderno e a efetiva\u00e7\u00e3o desse desejo<\/i><\/b><i><span style=\"font-weight: 400;\">, j\u00e1 que os materiais t\u00eaxteis respons\u00e1veis dispon\u00edveis para isso n\u00e3o s\u00e3o amplamente conhecidos e n\u00e3o est\u00e3o catalogados, reunidos em nenhum acervo acess\u00edvel. No mesmo m\u00eas de novembro de 2017, Gabriela Marcondes e Denise Frade levaram a Ecomaterioteca para a 1\u00ba Edi\u00e7\u00e3o do Brasil Eco Fashion Week em S\u00e3o Paulo.\u00a0<\/span><\/i><\/p>\n<p><span style=\"color: #808080;\"><span style=\"font-weight: 400;\">Anticipando el futuro, Gabriela Leite Marcondes Schott creadora y CEO de Ecomaterioteca y Denise Frade Directora Ejecutiva de Ecomaterioteca, <\/span><b>se dieron cuenta de una brecha entre los creadores que tienen el deseo de adaptarse a los nuevos par\u00e1metros sostenibles que requiere el mundo posmoderno y el cumplimiento de este deseo<\/b><span style=\"font-weight: 400;\">, dado que los materiales textiles responsables disponibles para esto no son ampliamente conocidos y no est\u00e1n catalogados, reunidos en ninguna colecci\u00f3n accesible. En el mismo mes de noviembre de 2017, Gabriela Marcondes y Denise Frade llevaron a Ecomaterioteca a la 1. Edici\u00f3n de Brasil Eco Fashion Week en S\u00e3o Paulo.<\/span><\/span><\/p>\n<p><b><i>O objetivo da Ecomaterioteca \u00e9 socializar e democratizar o conhecimento, a pesquisa e a inova\u00e7\u00e3o de pr\u00e1ticas sustent\u00e1veis utilizando os materiais t\u00eaxteis respons\u00e1veis dispon\u00edveis no mercado nacional, promovendo a interdisciplinaridade e a\u00e7\u00f5es coletivas entre institui\u00e7\u00f5es p\u00fablicas e privadas, ind\u00fastrias e empresas, com o prop\u00f3sito de sensibilizar a comunidade em rela\u00e7\u00e3o \u00e0 necessidade de uso criativo desses materiais.\u00a0<\/i><\/b><\/p>\n<p><span style=\"color: #808080;\"><b>El prop\u00f3sito de Ecomaterioteca es <\/b><b>socializar y democratizar el conocimiento, la investigaci\u00f3n y la innovaci\u00f3n de pr\u00e1cticas sostenibles<\/b><b> utilizando materiales textiles responsables disponibles en el mercado nacional, promoviendo la interdisciplinariedad y acciones colectivas entre instituciones p\u00fablicas y privadas, industrias y empresas, con el prop\u00f3sito de generar conciencia a la comunidad sobre la necesidad de un uso creativo de estos materiales.<\/b><\/span><\/p>\n<p><b><i>A cadeia de fornecimento t\u00eaxtil nacional torna-se mais competitiva e o Brasil pode ser refer\u00eancia mundial<\/i><\/b><i><span style=\"font-weight: 400;\"> no desenvolvimento dessas mat\u00e9rias-primas com a crescente conscientiza\u00e7\u00e3o dos consumidores cr\u00edticos, atrav\u00e9s dos sociais digitais, sobre os impactos socioambientais causados pela ind\u00fastria t\u00eaxtil convencional e de confec\u00e7\u00e3o, proporcionando um aquecimento necess\u00e1rio \u00e0 nossa economia, gerando emprego e renda.\u00a0<\/span><\/i><\/p>\n<p><span style=\"color: #808080;\"><b>La cadena de suministro textil nacional se vuelve m\u00e1s competitiva y Brasil puede ser un referente mundial<\/b><span style=\"font-weight: 400;\"> en el desarrollo de estas materias primas con la creciente conciencia de los consumidores cr\u00edticos, a trav\u00e9s de las redes sociales digitales, sobre los impactos socioambientales provocados por la industria textil y de la confecci\u00f3n convencional, aportando un calentamiento necesario a nuestra econom\u00eda, generando puestos de trabajo e ingresos.<\/span><\/span><\/p>\n<p><b><i>Estamos vivendo um momento de transi\u00e7\u00e3o, tanto econ\u00f4mica quanto de um modelo mental mais \u00e9tico, consciente e questionador, um momento de mudan\u00e7a para a NOVA ERA.\u00a0<\/i><\/b><\/p>\n<p><span style=\"color: #808080;\"><b>Vivimos un momento de transici\u00f3n, tanto econ\u00f3mica como con un modelo mental m\u00e1s \u00e9tico, consciente y cuestionador, un momento de cambio para la NUEVA ERA.<\/b><\/span><\/p>\n<p><i><span style=\"font-weight: 400;\">N\u00f3s, da Ecomaterioteca, percebemos que podemos fazer muitas coisas e sabemos da import\u00e2ncia do apoio das institui\u00e7\u00f5es, ind\u00fastrias, empresas, marcas e designers entendendo que s\u00f3 assim, de modo colaborativo poderemos atingir essas metas.\u00a0<\/span><\/i><\/p>\n<p><span style=\"font-weight: 400; color: #808080;\">Nosotros, en Ecomaterioteca, nos damos cuenta de que podemos hacer muchas cosas y sabemos la importancia que tiene el apoyo de instituciones, industrias, empresas, marcas y dise\u00f1adores, <\/span><b><span style=\"color: #808080;\">entendiendo que solo as\u00ed, de manera colaborativa, podemos lograr estos objetivos<\/span>.<\/b><\/p>\n<p><i><span style=\"font-weight: 400;\">Incorporar as pr\u00e1ticas sustent\u00e1veis \u00e0 cadeia t\u00eaxtil e de confec\u00e7\u00e3o torna-se imprescind\u00edvel e urgente na tentativa de equacionar os aspectos econ\u00f4micos, sociais, ambientais e \u00e9ticos. A ind\u00fastria t\u00eaxtil nacional oferece alternativas em tecidos org\u00e2nicos, biodegrad\u00e1veis, ecol\u00f3gicos, sustent\u00e1veis e a ind\u00fastria de confec\u00e7\u00e3o precisa dispor de processos produtivos mais eficientes e limpos, al\u00e9m de modelos de gest\u00e3o mais inovadores para atender as demandas de maneira mais competitiva, respons\u00e1vel e sustent\u00e1vel em longo prazo.\u00a0<\/span><\/i><\/p>\n<p><span style=\"color: #808080;\"><b>La incorporaci\u00f3n de pr\u00e1cticas sostenibles en la cadena textil y de la confecci\u00f3n se vuelve imprescindible y urgente<\/b><span style=\"font-weight: 400;\"> en un intento por abordar los aspectos econ\u00f3micos, sociales, medioambientales y \u00e9ticos. La industria textil nacional ofrece alternativas en tejidos org\u00e1nicos, biodegradables, ecol\u00f3gicos, sostenibles y la industria de la confecci\u00f3n necesita tener procesos de producci\u00f3n m\u00e1s eficientes y limpios, as\u00ed como modelos de gesti\u00f3n m\u00e1s innovadores para atender las demandas de una manera m\u00e1s competitiva, responsable y sostenible a largo plazo.<\/span><\/span><\/p>\n<p><i><span style=\"font-weight: 400;\">Tornam-se urgentes a\u00e7\u00f5es que unam as duas pontas: a ind\u00fastria t\u00eaxtil nacional e a ind\u00fastria de confec\u00e7\u00e3o, e a\u00e7\u00f5es como a cria\u00e7\u00e3o de uma Ecomaterioteca s\u00e3o inovadoras e necess\u00e1rias promovendo esse di\u00e1logo focado nos ECO materiais t\u00eaxteis que t\u00eam como princ\u00edpio \u00e9tico a transforma\u00e7\u00e3o da sociedade em busca do equil\u00edbrio ecol\u00f3gico.<\/span><\/i><\/p>\n<p style=\"text-align: left;\"><span style=\"color: #808080;\"><b>Las acciones que unen los dos fines se vuelven urgentes: la industria textil nacional y la industria de la confecci\u00f3n, y acciones como la creaci\u00f3n de una Eco-biblioteca\/Ecomaterioteca son innovadoras y necesarias impulsando este di\u00e1logo enfocado en los ECO materiales textiles cuyo principio \u00e9tico es la transformaci\u00f3n de la sociedad. en busca del equilibrio ecol\u00f3gico.<\/b><\/span><\/p>\n<p><span style=\"font-weight: 400;\">\u00a0<\/span><\/p>\n<p><span style=\"font-weight: 400;\">Por Ecomaterioteca @ecomaterioteca<\/span><\/p>\n<p><span style=\"font-weight: 400;\">Traducci\u00f3n Voz MOLA Brasil \u2013 Gabriela De Laurentis @_delaurentis_<\/span><\/p>\n<p><span style=\"font-weight: 400;\">*Museu do Moda (MUMO) de Belo Horizonte: O Museu da Moda de Belo Horizonte \u00e9 um museu de artes aplicadas dedicado \u00e0 moda localizado em Belo Horizonte, Minas Gerais. \u00c9 o primeiro museu p\u00fablico destinado ao setor no Brasil.\u00a0<\/span><\/p>\n<\/div><\/div><\/div><\/div><\/div>","protected":false},"excerpt":{"rendered":"<p>Lorem ipsum dolor sit amet, consectetur adipiscing elit. Nam pharetra dictum eleifend. Sed posuere magna at luctus pretium. Aliquam ligula sem, aliquet sit amet nisi ac, dignissim porta ipsum.<\/p>","protected":false},"author":9,"featured_media":5677,"comment_status":"open","ping_status":"open","sticky":false,"template":"","format":"standard","meta":{"_monsterinsights_skip_tracking":false,"_monsterinsights_sitenote_active":false,"_monsterinsights_sitenote_note":"","_monsterinsights_sitenote_category":0,"footnotes":""},"categories":[40],"tags":[93,91,89,48,92,47,96,90,103,88],"class_list":["post-5671","post","type-post","status-publish","format-standard","has-post-thumbnail","hentry","category-blog","tag-disenadores-sostenibles","tag-ethical-fashion","tag-moda-etica","tag-moda-latina","tag-moda-latinoamericana","tag-moda-sostenible","tag-moda-sustentable","tag-sustainable","tag-tecnologia-sostenible","tag-universo-mola"],"_links":{"self":[{"href":"https:\/\/universomola.com\/en\/wp-json\/wp\/v2\/posts\/5671","targetHints":{"allow":["GET"]}}],"collection":[{"href":"https:\/\/universomola.com\/en\/wp-json\/wp\/v2\/posts"}],"about":[{"href":"https:\/\/universomola.com\/en\/wp-json\/wp\/v2\/types\/post"}],"author":[{"embeddable":true,"href":"https:\/\/universomola.com\/en\/wp-json\/wp\/v2\/users\/9"}],"replies":[{"embeddable":true,"href":"https:\/\/universomola.com\/en\/wp-json\/wp\/v2\/comments?post=5671"}],"version-history":[{"count":2,"href":"https:\/\/universomola.com\/en\/wp-json\/wp\/v2\/posts\/5671\/revisions"}],"predecessor-version":[{"id":5678,"href":"https:\/\/universomola.com\/en\/wp-json\/wp\/v2\/posts\/5671\/revisions\/5678"}],"wp:featuredmedia":[{"embeddable":true,"href":"https:\/\/universomola.com\/en\/wp-json\/wp\/v2\/media\/5677"}],"wp:attachment":[{"href":"https:\/\/universomola.com\/en\/wp-json\/wp\/v2\/media?parent=5671"}],"wp:term":[{"taxonomy":"category","embeddable":true,"href":"https:\/\/universomola.com\/en\/wp-json\/wp\/v2\/categories?post=5671"},{"taxonomy":"post_tag","embeddable":true,"href":"https:\/\/universomola.com\/en\/wp-json\/wp\/v2\/tags?post=5671"}],"curies":[{"name":"wp","href":"https:\/\/api.w.org\/{rel}","templated":true}]}}