{"id":5679,"date":"2020-11-24T20:30:25","date_gmt":"2020-11-24T23:30:25","guid":{"rendered":"http:\/\/desarrollosdeprueba.xyz\/universo_mola\/?p=5679"},"modified":"2021-08-08T20:34:24","modified_gmt":"2021-08-08T23:34:24","slug":"javier-arroyuelo-entrevistando-al-comunicador","status":"publish","type":"post","link":"https:\/\/universomola.com\/en\/javier-arroyuelo-entrevistando-al-comunicador\/","title":{"rendered":"JAVIER ARROYUELO, ENTREVISTANDO AL COMUNICADOR"},"content":{"rendered":"<div class=\"fusion-fullwidth fullwidth-box fusion-builder-row-1 fusion-flex-container nonhundred-percent-fullwidth non-hundred-percent-height-scrolling\" style=\"--awb-border-radius-top-left:0px;--awb-border-radius-top-right:0px;--awb-border-radius-bottom-right:0px;--awb-border-radius-bottom-left:0px;--awb-flex-wrap:wrap;\" ><div class=\"fusion-builder-row fusion-row fusion-flex-align-items-flex-start fusion-flex-content-wrap\" style=\"max-width:1248px;margin-left: calc(-4% \/ 2 );margin-right: calc(-4% \/ 2 );\"><div class=\"fusion-layout-column fusion_builder_column fusion-builder-column-0 fusion_builder_column_1_1 1_1 fusion-flex-column\" style=\"--awb-bg-size:cover;--awb-width-large:100%;--awb-margin-top-large:0px;--awb-spacing-right-large:1.92%;--awb-margin-bottom-large:0px;--awb-spacing-left-large:1.92%;--awb-width-medium:100%;--awb-spacing-right-medium:1.92%;--awb-spacing-left-medium:1.92%;--awb-width-small:100%;--awb-spacing-right-small:1.92%;--awb-spacing-left-small:1.92%;\"><div class=\"fusion-column-wrapper fusion-flex-justify-content-flex-start fusion-content-layout-column\"><div class=\"fusion-text fusion-text-1\"><\/div><div class=\"fusion-text fusion-text-2\"><p><i><span style=\"font-weight: 400;\">Por Andrea de Iacovo, Voz MOLA Argentina \/ Imagen portada: Instagram Javier Arroyuelo<\/span><\/i><\/p>\n<p><span style=\"font-weight: 400;\">Hoy me toca entrevistar al entrevistador, desde Universo Mola queremos conocer su universo tambi\u00e9n. Javier Arroyuelo, actual columnista en La Naci\u00f3n, Argentina y anteriormente escritor para Vogue Italia.\u00a0<\/span><\/p>\n<p><b>1- Cont\u00e1nos un poco sobre tus experiencias laborales en Paris, New York, Mil\u00e1n y c\u00f3mo ves hoy a nivel global al mundo de la moda.<\/b><\/p>\n<p><i><span style=\"font-weight: 400;\">\"<\/span><\/i><b><i>Llegu\u00e9 desde el teatro, como jovenc\u00edsimo autor, a la edici\u00f3n francesa de Vogue, en diciembre de 1973. Nos present\u00f3 Karl Lagerfeld.<\/i><\/b><i><span style=\"font-weight: 400;\"> El plural incluye a Rafael L\u00f3pez Cambil, con quien escrib\u00edamos en colaboraci\u00f3n. Hicimos luego varias notas sobre arte y espect\u00e1culos. Y al cabo de un tiempo pas\u00e9 por mi parte a contar la moda, que desde siempre me hab\u00eda atra\u00eddo. M\u00e1s tarde escribimos para<\/span><\/i><b><i> Interview, la revista de Andy Warhol, y para Vanity Fair.<\/i><\/b><i><span style=\"font-weight: 400;\"> En New York colabor\u00e9 tambi\u00e9n desde la escritura y la comunicaci\u00f3n con la compa\u00f1\u00eda fundada por Rafael junto a Paloma Picasso, su partner, para su marca, pionera en los a\u00f1os Ochenta de lo que devino el gran boom de los accesorios, carteras, pa\u00f1uelos, etc\u00e9tera.\u00a0 <\/span><\/i><b><i>Con la Vogue Italia de Franca Sozzani<\/i><\/b><i><span style=\"font-weight: 400;\"> estuve desde el inicio, en 1988, hasta 2016, el a\u00f1o en que Franca nos dej\u00f3. Viv\u00ed as\u00ed el sistema de la moda desde el interior, en sus sedes centrales. Creo haber sido un observador atento y un part\u00edcipe aut\u00f3nomo, con discrepancias y con un esp\u00edritu cr\u00edtico que se fue agudizando a medida que ve\u00eda que el mecanismo natural del consumo, sin el cual no hay negocio ni trabajo, se transformaba en consumismo, es decir en manipulaci\u00f3n mercantil perfectamente estructurada de los deseos y aspiraciones del p\u00fablico, llevado a efectuar adquisiciones excesivas, permanentemente renovadas, de mercader\u00eda en su mayor parte superflua <\/span><\/i><b><i>\u00a0De todo que tuve una primera larga etapa en el mundo de la moda oficial, que se ve\u00eda, brillante, exitosa, y una segunda en la que comenc\u00e9 a cuestionar \u00e9sa construcci\u00f3n aparatosa y su lado crudamente comercial.<\/i><\/b> <i><span style=\"font-weight: 400;\">Hacer negocio no es reprobable, pero s\u00ed lo deviene cuando es a costa de la salud del planeta, explotando a la gente trabajadora y sin respeto por la vida animal, sin mencionar el lavado de cerebro al que se busca, y se consigue, someter al p\u00fablico.\u00bb<\/span><\/i><\/p>\n<p><b>2- \u00bfCrees que la moda sostenible puede llegar a tener un futuro en Am\u00e9rica latina? \u00bfCu\u00e1les desafios ves para la moda en s\u00ed en LATAM?<\/b><\/p>\n<p><i><span style=\"font-weight: 400;\">\u00abPrefiero hablar de moda consciente, entendiendo un modo de producci\u00f3n de indumentaria y accesorios que asume sus actos y sus implicancias y repercusiones (tal las que enumer\u00e9 brevemente en la respuesta anterior), que se sit\u00faa en clara oposici\u00f3n a los m\u00e9todos del sistema oficial y act\u00faa en sus m\u00e1rgenes. y m\u00e1s all\u00e1. <\/span><\/i><b><i>Hay en Am\u00e9rica Latina un potencial creativo muy grande, hay referencias est\u00e9ticas e hist\u00f3ricas propias ricas y variadas, un mestizaje de lo m\u00e1s valioso<\/i><\/b><i><span style=\"font-weight: 400;\"> (la palabra tiene para m\u00ed connotaci\u00f3n positiva, una mezcla de identidades que es en s\u00ed una se\u00f1al de identidad. Todo depender\u00e1 de c\u00f3mo se encare el tema de la creaci\u00f3n y producci\u00f3n conscientes. Toda moda es pol\u00edtica y este modo de hacer indumentaria lo es con mayor fuerza ya que va en contra de los intereses de las corporaciones que manejan la industria y que ven\u00edan hasta aqu\u00ed contaminando alegremente, dictando condiciones comerciales injustas, e imponiendo valores patriarcales y heteronormativo, entre otras lindezas. Creo que son imprescindibles y urgentes: a) la creaci\u00f3n de redes locales, referidas a una red nacional a su vez integrada a una red regional. Sus funciones fundamentales\u00a0 ser\u00edan la organizaci\u00f3n de una cadena limpia y sana de la semilla y la cr\u00eda a los percheros y placards\u00a0 y b) la implementaci\u00f3n de una red de educaci\u00f3n de todas las personas implicadas en el asunto, desde los productores al p\u00fablico, educaci\u00f3n y formaci\u00f3n permanente, ya que todos los d\u00edas hay algo nuevo para aprender, para descubrir- <\/span><\/i><b><i>Hay que formar un p\u00fablico y hay que formar a quienes lo vistan, todo al mismo tiempo.\u00bb<\/i><\/b><\/p>\n<p><b>3- Ciertos recursos constructivos en dise\u00f1o ECO, forman parte de un abanico extenso de posibilidades para los que ya estamos dentro de este universo \u00bfCu\u00e1les\u00a0 recursos recomendar\u00edas\u00a0 a dise\u00f1adores\u00a0 hoy c\u00f3mo m\u00e1s valiosos a la hora de elegir los\u00a0 mismos para emprender?<\/b><\/p>\n<h4><span style=\"color: #993366;\"><b><i>\u00abEl estudio es el recurso mayor.<\/i><\/b><\/span><i><span style=\"font-weight: 400;\"> Nunca se termina de aprender. La investigaci\u00f3n. Se crean nuevas materias textiles, se encuentran usos in\u00e9ditos para materiales existentes. Muy adaptado a las posibilidades de la regi\u00f3n es lo que yo llamo la ReCreaci\u00f3n, es decir la recuperaci\u00f3n, el rescate, la reelaboraci\u00f3n de prendas y de materiales ya existentes. En nuestra regi\u00f3n es un primer paso accesible, materialmente al alcance de todo el mundo. Es un gran paso inicial, que satisface todos los principios de la acci\u00f3n consciente. A partir de all\u00ed, se abren muchos caminos, en el \u00e1rea de la investigaci\u00f3n, en particular, con la b\u00fasqueda de nuevas materias, de origen vegetal, por ejemplo. <\/span><\/i><b><i>Pero la tarea de ReCreaci\u00f3n es la m\u00e1s a mano para nuestros contextos.<\/i><\/b><i><span style=\"font-weight: 400;\"> Nos libera del peso del pasado, literalmente, de unas cuantas, al menos, de las toneladas de producto textil que queda circulando por el planeta, cuando no es incinerado o acaba en relleno de vertedero.\u00bb<\/span><\/i><\/h4>\n<p><b>4- Cont\u00e1nos un poco sobre lo qu\u00e9 se viene en\u00a0 CELEBRACIONABLE.<\/b><\/p>\n<p><i><span style=\"font-weight: 400;\">\u00abHar\u00eda falta mpliar las posibilidades t\u00e9cnicas del sitio, que es hasta aqu\u00ed un blog flexible. Comenzaremos pronto a subir vivos en Instagram y tambi\u00e9n podcasts. Hacemos intercambios de notas con el tr\u00edo de Cr\u00f3nicas de Moda y planeamos, dispo mediante, colaborar con ellas en la producci\u00f3n de material gr\u00e1fico propio, poniendo de relieve las marcas y las personas que sentimos necesarias y acordes. <\/span><\/i><b><i>Apuntamos a funcionar de manera grupal, a promover acciones colectivas<\/i><\/b><i><span style=\"font-weight: 400;\">, cada cual desde su identidad, con metas comunes. Tambi\u00e9n todas las disidencias nos son afines y trabajamos para que se diluyan en el aire todas las discriminaciones, que en la moda de las corporaciones abundan, a pesar de sus afirmaciones y gacetillas en sentido contrario. La idealizaci\u00f3n de los cuerpos y el culto de la ostentaci\u00f3n, el rich and famous y lo sexy en kit siguen siendo lo que mueve esa burbuja. Estamos a a\u00f1o luz de esa decadencia berreta.\u00bb<\/span><\/i><\/p>\n<p><b>5- Hoy estamos tratando de reparar o remendar el mundo que habitamos, \u00bfcrees que las nuevas generaciones est\u00e1n listas para lograrlo? \u00bfo simplemente vamos a ver distintas oleadas y repeticiones de d\u00e9cadas atr\u00e1s sobre el cuidado del medio ambiente, ecolog\u00eda, etc.?<\/b><\/p>\n<h4><span style=\"color: #993366;\"><i><span style=\"font-weight: 400;\">\"<\/span><\/i><b><i>Todas las generaciones juntas, es lo que corresponde y es lo que la tarea exige.<\/i><\/b><\/span><i><span style=\"font-weight: 400;\"> El concepto de reparaci\u00f3n del mundo me es personalmente muy significativo, ya que existe en la filosof\u00eda del juda\u00edsmo. Exactamente con \u00e9se nombre, en hebreo tikkun olam, atraves\u00f3 los siglos, estudiado y explicado por cabalistas y m\u00edsticos y en nuestro tiempo sigue siendo objeto de estudio impulso de acci\u00f3n justamente en relaci\u00f3n a las \u00e1reas que mencion\u00e1s. La ecolog\u00eda propone un accionar concreto, material, a la vez que la meditaci\u00f3n y un trabajo espirituales. Siento que no hay repeticiones en la tarea de reparaci\u00f3n del mundo, sino gestos renovados, formas de ReCreaci\u00f3n.\u00bb<\/span><\/i><\/h4>\n<p><b>6- Por \u00bfultimo SUSTENTABLE O SOSTENIBLE? y \u00bfcu\u00e1les de las 3Rs\u00a0 elegirias?<\/b><\/p>\n<p><i><span style=\"font-weight: 400;\">Un mundo <\/span><\/i><i><span style=\"font-weight: 400;\">sustentable<\/span><\/i><i><span style=\"font-weight: 400;\"> es la meta ideal, el punto \u00e1pice remoto. Al que se llegar\u00e1 por la multiplicaci\u00f3n de emprendimientos <\/span><\/i><i><span style=\"font-weight: 400;\">sostenibles<\/span><\/i><i><span style=\"font-weight: 400;\">. Para lo cual es necesario encadenar los gestos, los actos <\/span><\/i><i><span style=\"font-weight: 400;\">conscientes<\/span><\/i><i><span style=\"font-weight: 400;\">.\u00a0 <\/span><\/i><b><i>ReCrear es para m\u00ed el verbo operativo.<\/i><\/b><\/p>\n<\/div><\/div><\/div><\/div><\/div>","protected":false},"excerpt":{"rendered":"<p>Lorem ipsum dolor sit amet, consectetur adipiscing elit. Nam pharetra dictum eleifend. Sed posuere magna at luctus pretium. Aliquam ligula sem, aliquet sit amet nisi ac, dignissim porta ipsum.<\/p>","protected":false},"author":9,"featured_media":5680,"comment_status":"open","ping_status":"open","sticky":false,"template":"","format":"standard","meta":{"_monsterinsights_skip_tracking":false,"_monsterinsights_sitenote_active":false,"_monsterinsights_sitenote_note":"","_monsterinsights_sitenote_category":0,"footnotes":""},"categories":[40],"tags":[93,91,89,48,92,47,96,90,88],"class_list":["post-5679","post","type-post","status-publish","format-standard","has-post-thumbnail","hentry","category-blog","tag-disenadores-sostenibles","tag-ethical-fashion","tag-moda-etica","tag-moda-latina","tag-moda-latinoamericana","tag-moda-sostenible","tag-moda-sustentable","tag-sustainable","tag-universo-mola"],"_links":{"self":[{"href":"https:\/\/universomola.com\/en\/wp-json\/wp\/v2\/posts\/5679","targetHints":{"allow":["GET"]}}],"collection":[{"href":"https:\/\/universomola.com\/en\/wp-json\/wp\/v2\/posts"}],"about":[{"href":"https:\/\/universomola.com\/en\/wp-json\/wp\/v2\/types\/post"}],"author":[{"embeddable":true,"href":"https:\/\/universomola.com\/en\/wp-json\/wp\/v2\/users\/9"}],"replies":[{"embeddable":true,"href":"https:\/\/universomola.com\/en\/wp-json\/wp\/v2\/comments?post=5679"}],"version-history":[{"count":1,"href":"https:\/\/universomola.com\/en\/wp-json\/wp\/v2\/posts\/5679\/revisions"}],"predecessor-version":[{"id":5681,"href":"https:\/\/universomola.com\/en\/wp-json\/wp\/v2\/posts\/5679\/revisions\/5681"}],"wp:featuredmedia":[{"embeddable":true,"href":"https:\/\/universomola.com\/en\/wp-json\/wp\/v2\/media\/5680"}],"wp:attachment":[{"href":"https:\/\/universomola.com\/en\/wp-json\/wp\/v2\/media?parent=5679"}],"wp:term":[{"taxonomy":"category","embeddable":true,"href":"https:\/\/universomola.com\/en\/wp-json\/wp\/v2\/categories?post=5679"},{"taxonomy":"post_tag","embeddable":true,"href":"https:\/\/universomola.com\/en\/wp-json\/wp\/v2\/tags?post=5679"}],"curies":[{"name":"wp","href":"https:\/\/api.w.org\/{rel}","templated":true}]}}