{"id":5683,"date":"2020-11-24T20:35:26","date_gmt":"2020-11-24T23:35:26","guid":{"rendered":"http:\/\/desarrollosdeprueba.xyz\/universo_mola\/?p=5683"},"modified":"2021-08-08T20:50:14","modified_gmt":"2021-08-08T23:50:14","slug":"viaje-de-nostalgia","status":"publish","type":"post","link":"https:\/\/universomola.com\/en\/viaje-de-nostalgia\/","title":{"rendered":"VIAJE DE NOSTALGIA"},"content":{"rendered":"<div class=\"fusion-fullwidth fullwidth-box fusion-builder-row-1 fusion-flex-container nonhundred-percent-fullwidth non-hundred-percent-height-scrolling\" style=\"--awb-border-radius-top-left:0px;--awb-border-radius-top-right:0px;--awb-border-radius-bottom-right:0px;--awb-border-radius-bottom-left:0px;--awb-flex-wrap:wrap;\" ><div class=\"fusion-builder-row fusion-row fusion-flex-align-items-flex-start fusion-flex-content-wrap\" style=\"max-width:1248px;margin-left: calc(-4% \/ 2 );margin-right: calc(-4% \/ 2 );\"><div class=\"fusion-layout-column fusion_builder_column fusion-builder-column-0 fusion_builder_column_1_1 1_1 fusion-flex-column\" style=\"--awb-bg-size:cover;--awb-width-large:100%;--awb-margin-top-large:0px;--awb-spacing-right-large:1.92%;--awb-margin-bottom-large:0px;--awb-spacing-left-large:1.92%;--awb-width-medium:100%;--awb-spacing-right-medium:1.92%;--awb-spacing-left-medium:1.92%;--awb-width-small:100%;--awb-spacing-right-small:1.92%;--awb-spacing-left-small:1.92%;\"><div class=\"fusion-column-wrapper fusion-flex-justify-content-flex-start fusion-content-layout-column\"><div class=\"fusion-text fusion-text-1\"><\/div><div class=\"fusion-text fusion-text-2\"><p><span style=\"color: #33cccc;\"><i><span style=\"font-weight: 400;\">Por Fiorella Benavides, Colaboradora Uruguay \/ Imagen portada: Instagram Javier Arroyuelo<\/span><\/i><\/span><\/p>\n<p><b>Actualmente el mundo de la moda ha dado un giro en la consciencia de los consumidores que cada vez se muestran m\u00e1s interesados y preocupados por el medio ambiente.<\/b><\/p>\n<p><span style=\"font-weight: 400;\">Tanto en Uruguay como en el mundo las tiendas vintage o second hand est\u00e1n en auge. Si te gustar\u00eda viajar en el tiempo para complementar tu style con prendas que han hecho historia dentro de la moda,\u00a0 <\/span><b>te recomendamos algunas tiendas\u00a0 uruguayas que te van a\u00a0 encantar.<\/b><\/p>\n<p><b>\u00bfCu\u00e1l es la primera sensaci\u00f3n que ten\u00e9s cuando entras a un vintage?<\/b><\/p>\n<p><span style=\"font-weight: 400;\">Es como jugar a la b\u00fasqueda del tesoro porque afil\u00e1s el ojo para conseguir las mejores prendas -lo que llamo joyas- entre todos esos cajones explotados de ropa, sombreros por doquier, y una cantidad de prendas de diferentes \u00e9pocas, que ni el d\u00eda entero te alcanza para hacer una investigaci\u00f3n exhaustiva del lugar y probarte todo lo que quisieras.\u00a0<\/span><\/p>\n<p><i><span style=\"font-weight: 400;\">Este viaje en el tiempo tiene que valer la pena.<\/span><\/i><span style=\"font-weight: 400;\"> Muchas veces echamos de menos esa ropa que por alguna raz\u00f3n descartamos y no guardamos \u00a8por si se volv\u00eda a usar\u00a8. Don\u00b4t worry! Cada vez son m\u00e1s las tiendas vintage y ese descubrimiento de prendas \u00fanicas est\u00e1 al alcance de tu mano. Es una manera de guardar un pedacito de historia de la moda en tu armario y de poder vestir una pieza \u00fanica que trae una historia desde su momento de creaci\u00f3n en adelante. <\/span><b>\u00bfTe imaginas qu\u00e9 historia cuenta tu prenda?<\/b><span style=\"font-weight: 400;\"> De acuerdo a qu\u00e9 \u00e9poca pertenezca podes adjudicarle una y dejar volar tu imaginaci\u00f3n.\u00a0<\/span><\/p>\n<p><span style=\"font-weight: 400;\">La palabra <\/span><i><span style=\"font-weight: 400;\">vintage<\/span><\/i><span style=\"font-weight: 400;\"> suele evocar historia y sabor a pasado, ya sea inmediato (m\u00ednimo diez a\u00f1os atr\u00e1s) ya sea lejano en el tiempo. Cada d\u00e9cada tiene su momento y su lugar en la inspiraci\u00f3n vintage.\u00a0 Esta nostalgia por prendas de otra \u00e9poca\u00a0 se caracteriza como<\/span><i><span style=\"font-weight: 400;\"> \u00a8estilo vintage\u00a8<\/span><\/i><span style=\"font-weight: 400;\">. Esto que quiere decir, es ese inter\u00e9s por cosas que han superado los 20 a\u00f1os de vida despu\u00e9s de su creaci\u00f3n, convirti\u00e9ndose en un \u00a8cl\u00e1sico\u00a8 muy apreciado. <\/span><b><i>Son objetos que todav\u00eda no se pueden catalogar como \u201cantig\u00fcedades\u201d ya que para ser considerados antiguos tienen que tener m\u00e1s de 100\u00a0 a\u00f1os.<\/i><\/b><\/p>\n<p><b>Vintage, la mejor cosecha<\/b><\/p>\n<p><b>Qui\u00e9n dir\u00eda que la palabra <\/b><b><i>vintage<\/i><\/b><b> estar\u00eda tan relacionada con el vino.<\/b><span style=\"font-weight: 400;\"> Si hay algo que tienen en com\u00fan, es que ambos hacen gala de un excelente potencial de guarda.\u00a0 Precisamente significa consecha o vendimia. Su etimolog\u00eda proviene del ingl\u00e9s, que a su vez deriva del franc\u00e9s \u201cvendage\u201d. La pronunciaci\u00f3n puede variar de acuerdo al idioma que se utilice.\u00a0<\/span><\/p>\n<p><span style=\"font-weight: 400;\">\u00a0En el mundo vin\u00edcola la palabra vintage es utilizada para indicar las mejores cosechas en lo referente\u00a0 a vinos y la calidad a\u00f1adida por ser un producto antiguo. Tambi\u00e9n se utiliza para denominar aquello que por su historia, significado, influencia o singularidad se ha convertido en objeto de culto e \u00edcono. <\/span><b>Por otro lado, en el mundo de la moda es utilizado con mayor frecuencia para catalogar prendas y art\u00edculos nuevos inspirados en algunos cl\u00e1sicos, los \u201c<\/b><b><i>retro<\/i><\/b><b>.\u201d\u00a0<\/b><\/p>\n<p><span style=\"font-weight: 400;\">Para este 2020 lo vintage o retro, <\/span><b>es un valor en tendencia<\/b><span style=\"font-weight: 400;\">. Lo han dejado en evidencia grandes marcas como Gucci, Balenciaga, Prada, entre otras, que est\u00e1n recurriendo a esta est\u00e9tica para sus nuevas colecciones. Hoy en d\u00eda el vintage es una manifestaci\u00f3n de la cultura postmoderna. Una mirada retroactiva y nost\u00e1lgica hacia los tiempos pasados.\u00a0<\/span><\/p>\n<p><span style=\"font-weight: 400;\">\u00a0\u00a0La est\u00e9tica vintage o retro recurre a mezclar elementos y dise\u00f1os de distintas \u00e9pocas y lugares. \u00c9stos por su historia, pertenencia, significado, utilidad o valor est\u00e9tico poseen un valor a\u00f1adido que trasciende del simple efecto decorativo. Este plus de valor es el que impulsa a muchas personas a convertirse en coleccionistas de estos elementos exclusivos.\u00a0<\/span><\/p>\n<p><b>El boom de la moda vintage<\/b><\/p>\n<p><span style=\"font-weight: 400;\">Vestir con la moda de otras \u00e9pocas reivindic\u00e1ndolas ha tomado gran popularidad en estos \u00faltimos a\u00f1os. <\/span><b>La ventaja est\u00e1 en reutilizar prendas que mantienen un buen estado generando un consumo consciente\u00a0 y eso tiene un valor extra: originalidad y personalidad.<\/b><span style=\"font-weight: 400;\"> La creatividad no tiene un l\u00edmite y podes reutilizar la ropa que tengas olvidada en tu armario complement\u00e1ndolo con prendas de moda y viceversa.\u00a0<\/span><\/p>\n<p><span style=\"font-weight: 400;\">Adem\u00e1s, el termino <\/span><i><span style=\"font-weight: 400;\">vintage<\/span><\/i><span style=\"font-weight: 400;\"> se ha renovado con los a\u00f1os lo que permite que su p\u00fablico se haya ampliado considerablemente. En la tiendas vintage actuales tambi\u00e9n conviven algunas prendas m\u00e1s modernas que por su rareza se han convertido en un sould out absoluto. Como lo son esas colecciones limitadas que se agotan a la velocidad de la luz y que terminan estando a la venta en este tipo de tiendas.<\/span><\/p>\n<h2 style=\"text-align: center;\"><span style=\"font-weight: 400;\">\u00a0<\/span><b>As\u00ed que si sos un amante de la moda antigua, y las prendas m\u00e1s originales te recomiendo tres tiendas\u00a0 en Uruguay donde pod\u00e9s encontrar prendas \u00fanicas para tu armario.\u00a0\u00a0<\/b><\/h2>\n<p><b><i>Record\u00e1 que el encanto del vintage es tambi\u00e9n su autenticidad.<\/i><\/b><\/p>\n<p><b>Juan Perez<\/b><\/p>\n<p><span style=\"font-weight: 400;\">Ubicada en la calle Cambar\u00e1 de Carrasco, llegan vestimentas de marcas como Armani, Michael Kors, entre otras. En la tienda es frecuente el p\u00fablico de extranjeros y seg\u00fan Federica Arcos P\u00e9rez, su fundadora, sus clientes pueden encontrar piezas \u00fanicas que no las encontrar\u00e1s en el local de al lado y eso hace exclusivo el vintage.<\/span><\/p>\n<p><img decoding=\"async\" class=\"size-full wp-image-5674 aligncenter lazyload\" data-src=\"http:\/\/desarrollosdeprueba.xyz\/universo_mola\/wp-content\/uploads\/2021\/08\/Captura254.png\" alt=\"\" width=\"321\" height=\"293\" data-srcset=\"https:\/\/universomola.com\/wp-content\/uploads\/2021\/08\/Captura254-200x183.png 200w, https:\/\/universomola.com\/wp-content\/uploads\/2021\/08\/Captura254-300x274.png 300w, https:\/\/universomola.com\/wp-content\/uploads\/2021\/08\/Captura254.png 321w\" data-sizes=\"(max-width: 321px) 100vw, 321px\" src=\"data:image\/svg+xml;base64,PHN2ZyB3aWR0aD0iMSIgaGVpZ2h0PSIxIiB4bWxucz0iaHR0cDovL3d3dy53My5vcmcvMjAwMC9zdmciPjwvc3ZnPg==\" style=\"--smush-placeholder-width: 321px; --smush-placeholder-aspect-ratio: 321\/293;\" \/><\/p>\n<p><b>Antigua<\/b><\/p>\n<p><i><span style=\"font-weight: 400;\">\u201cNo hay que confundir vintage aut\u00e9ntico con second hand\u201d<\/span><\/i><span style=\"font-weight: 400;\">. Con esta distinci\u00f3n Dolores Arteaga, cre\u00f3 \u201cAntigua\u201d un mercado de ropa vintage de alta calidad, para aquellos sibaritas de la moda. Parte de la selecci\u00f3n de sus prendas provienen de Mil\u00e1n y Buenos Aires. Ciudades a las que viaj\u00f3 con el objetivo de encontrar piezas de lujo que normalmente no se encuentran en Uruguay.<\/span><\/p>\n<p><img decoding=\"async\" class=\"size-full wp-image-5675 aligncenter lazyload\" data-src=\"http:\/\/desarrollosdeprueba.xyz\/universo_mola\/wp-content\/uploads\/2021\/08\/Captura255.png\" alt=\"\" width=\"282\" height=\"224\" data-srcset=\"https:\/\/universomola.com\/wp-content\/uploads\/2021\/08\/Captura255-177x142.png 177w, https:\/\/universomola.com\/wp-content\/uploads\/2021\/08\/Captura255-200x159.png 200w, https:\/\/universomola.com\/wp-content\/uploads\/2021\/08\/Captura255.png 282w\" data-sizes=\"(max-width: 282px) 100vw, 282px\" src=\"data:image\/svg+xml;base64,PHN2ZyB3aWR0aD0iMSIgaGVpZ2h0PSIxIiB4bWxucz0iaHR0cDovL3d3dy53My5vcmcvMjAwMC9zdmciPjwvc3ZnPg==\" style=\"--smush-placeholder-width: 282px; --smush-placeholder-aspect-ratio: 282\/224;\" \/><\/p>\n<p><b>Peregrina<\/b><\/p>\n<p><span style=\"font-weight: 400;\">Con la intenci\u00f3n de poder convertirlo en un lugar donde poder lucir ropa con historia, Ana Dianesi inici\u00f3 Peregrina. Un lugar que se cre\u00f3 para apoyar el consumo consciente y que va m\u00e1s all\u00e1 de lo est\u00e9tico. As\u00ed lo afirma en su slogan<\/span><i><span style=\"font-weight: 400;\"> \u201cropa con alma\u201d<\/span><\/i><span style=\"font-weight: 400;\">. La clienta de la Peregrina es la que se aventura a encontrar una joya. <\/span><\/p>\n<p><img decoding=\"async\" class=\"wp-image-5690 aligncenter lazyload\" data-src=\"http:\/\/desarrollosdeprueba.xyz\/universo_mola\/wp-content\/uploads\/2021\/08\/58-1.png\" alt=\"\" width=\"428\" height=\"272\" data-srcset=\"https:\/\/universomola.com\/wp-content\/uploads\/2021\/08\/58-1-200x127.png 200w, https:\/\/universomola.com\/wp-content\/uploads\/2021\/08\/58-1-300x190.png 300w, https:\/\/universomola.com\/wp-content\/uploads\/2021\/08\/58-1-320x202.png 320w, https:\/\/universomola.com\/wp-content\/uploads\/2021\/08\/58-1-400x254.png 400w, https:\/\/universomola.com\/wp-content\/uploads\/2021\/08\/58-1-500x317.png 500w, https:\/\/universomola.com\/wp-content\/uploads\/2021\/08\/58-1.png 545w\" data-sizes=\"(max-width: 428px) 100vw, 428px\" src=\"data:image\/svg+xml;base64,PHN2ZyB3aWR0aD0iMSIgaGVpZ2h0PSIxIiB4bWxucz0iaHR0cDovL3d3dy53My5vcmcvMjAwMC9zdmciPjwvc3ZnPg==\" style=\"--smush-placeholder-width: 428px; --smush-placeholder-aspect-ratio: 428\/272;\" \/><\/p>\n<\/div><\/div><\/div><\/div><\/div>","protected":false},"excerpt":{"rendered":"<p>Lorem ipsum dolor sit amet, consectetur adipiscing elit. Nam pharetra dictum eleifend. Sed posuere magna at luctus pretium. Aliquam ligula sem, aliquet sit amet nisi ac, dignissim porta ipsum.<\/p>","protected":false},"author":9,"featured_media":5693,"comment_status":"open","ping_status":"open","sticky":false,"template":"","format":"standard","meta":{"_monsterinsights_skip_tracking":false,"_monsterinsights_sitenote_active":false,"_monsterinsights_sitenote_note":"","_monsterinsights_sitenote_category":0,"footnotes":""},"categories":[40],"tags":[93,91,89,48,92,47,96,90,88],"class_list":["post-5683","post","type-post","status-publish","format-standard","has-post-thumbnail","hentry","category-blog","tag-disenadores-sostenibles","tag-ethical-fashion","tag-moda-etica","tag-moda-latina","tag-moda-latinoamericana","tag-moda-sostenible","tag-moda-sustentable","tag-sustainable","tag-universo-mola"],"_links":{"self":[{"href":"https:\/\/universomola.com\/en\/wp-json\/wp\/v2\/posts\/5683","targetHints":{"allow":["GET"]}}],"collection":[{"href":"https:\/\/universomola.com\/en\/wp-json\/wp\/v2\/posts"}],"about":[{"href":"https:\/\/universomola.com\/en\/wp-json\/wp\/v2\/types\/post"}],"author":[{"embeddable":true,"href":"https:\/\/universomola.com\/en\/wp-json\/wp\/v2\/users\/9"}],"replies":[{"embeddable":true,"href":"https:\/\/universomola.com\/en\/wp-json\/wp\/v2\/comments?post=5683"}],"version-history":[{"count":2,"href":"https:\/\/universomola.com\/en\/wp-json\/wp\/v2\/posts\/5683\/revisions"}],"predecessor-version":[{"id":5709,"href":"https:\/\/universomola.com\/en\/wp-json\/wp\/v2\/posts\/5683\/revisions\/5709"}],"wp:featuredmedia":[{"embeddable":true,"href":"https:\/\/universomola.com\/en\/wp-json\/wp\/v2\/media\/5693"}],"wp:attachment":[{"href":"https:\/\/universomola.com\/en\/wp-json\/wp\/v2\/media?parent=5683"}],"wp:term":[{"taxonomy":"category","embeddable":true,"href":"https:\/\/universomola.com\/en\/wp-json\/wp\/v2\/categories?post=5683"},{"taxonomy":"post_tag","embeddable":true,"href":"https:\/\/universomola.com\/en\/wp-json\/wp\/v2\/tags?post=5683"}],"curies":[{"name":"wp","href":"https:\/\/api.w.org\/{rel}","templated":true}]}}