{"id":5684,"date":"2019-12-10T20:36:31","date_gmt":"2019-12-10T23:36:31","guid":{"rendered":"http:\/\/desarrollosdeprueba.xyz\/universo_mola\/?p=5684"},"modified":"2021-08-08T20:39:31","modified_gmt":"2021-08-08T23:39:31","slug":"supra-directorio-de-suprarrecicladores","status":"publish","type":"post","link":"https:\/\/universomola.com\/en\/supra-directorio-de-suprarrecicladores\/","title":{"rendered":"SUPRA, DIRECTORIO DE SUPRARRECICLADORES"},"content":{"rendered":"<div class=\"fusion-fullwidth fullwidth-box fusion-builder-row-1 fusion-flex-container nonhundred-percent-fullwidth non-hundred-percent-height-scrolling\" style=\"--awb-border-radius-top-left:0px;--awb-border-radius-top-right:0px;--awb-border-radius-bottom-right:0px;--awb-border-radius-bottom-left:0px;--awb-flex-wrap:wrap;\" ><div class=\"fusion-builder-row fusion-row fusion-flex-align-items-flex-start fusion-flex-content-wrap\" style=\"max-width:1248px;margin-left: calc(-4% \/ 2 );margin-right: calc(-4% \/ 2 );\"><div class=\"fusion-layout-column fusion_builder_column fusion-builder-column-0 fusion_builder_column_1_1 1_1 fusion-flex-column\" style=\"--awb-bg-size:cover;--awb-width-large:100%;--awb-margin-top-large:0px;--awb-spacing-right-large:1.92%;--awb-margin-bottom-large:0px;--awb-spacing-left-large:1.92%;--awb-width-medium:100%;--awb-spacing-right-medium:1.92%;--awb-spacing-left-medium:1.92%;--awb-width-small:100%;--awb-spacing-right-small:1.92%;--awb-spacing-left-small:1.92%;\"><div class=\"fusion-column-wrapper fusion-flex-justify-content-flex-start fusion-content-layout-column\"><div class=\"fusion-text fusion-text-1\"><p><em><span style=\"color: #33cccc;\">Escrito por: Noticias <\/span><\/em><em><span style=\"color: #33cccc;\">de Universo MOLA<\/span><\/em><\/p>\n<p><span style=\"font-weight: 400; color: #999999;\">Por Gabriela de Laurentis, Voz del #UniversoMOLA Brasil con invitada Thais Faria.\u00a0<\/span><\/p>\n<p><b>Plataforma \u00e9 poder saltar at\u00e9 onde voc\u00ea quer! Conhe\u00e7a o Supra!<\/b><\/p>\n<p><b>Docena tiene uno de los trabajos m\u00e1s amplios dentro del upcycling en Latinoam\u00e9rica.<\/b><span style=\"font-weight: 400;\"> Empezaron a auto nombrarse plataforma en 2008, cuando ya recib\u00edan practicantes, compart\u00edan sus metodolog\u00edas de trabajo y colaboraban con otros artistas. Pero para ellos eso no bastaba para ser plataforma de verdad. Hab\u00eda que compartir m\u00e1s all\u00e1 de las fronteras del Atalaya 432, su taller en Valpara\u00edso (Chile).<\/span><b> Desde esa voluntad de compartir conocimientos y desarrollar una red de apoyos y colaboraciones entre upcyclers de toda Latinoam\u00e9rica, surgi\u00f3 el directorio Supra.\u00a0<\/b><\/p>\n<p><span style=\"color: #999999;\"><b><i>A Docena tem um dos trabalhos mais amplos dentro do upcycling na Am\u00e9rica Latina.<\/i><\/b><i><span style=\"font-weight: 400;\"> Eles come\u00e7aram a se descrever como plataforma em 2008, \u00e9poca em que j\u00e1 recebiam estagi\u00e1rios, compartilhavam suas metodologias de trabalho e colaboravam com outros artistas. Mas para eles isso n\u00e3o bastava para ser plataforma de verdade. Tinham que compartilhar para al\u00e9m das fronteiras do Atalaya 432, seu ateli\u00ea em Valpara\u00edso (Chile). <\/span><\/i><b><i>Dessa vontade de compartilhar conhecimentos e desenvolver uma rede de apoios e colabora\u00e7\u00f5es entre upcyclers de toda Am\u00e9rica Latina, surgiu o diret\u00f3rio Supra.\u00a0<\/i><\/b><\/span><\/p>\n<p><b>La plataforma congrega marcas, dise\u00f1adores y iniciativas que trabajan con la transformaci\u00f3n de materiales de descarte o desechos<\/b><span style=\"font-weight: 400;\">, a los que llama de suprarecicladores. El trabajo de los suprarecicladores es basado en los ejes del impacto social, medioambiental y econ\u00f3mico, integrando comunicaci\u00f3n, experiencias y tecnolog\u00eda.\u00a0<\/span><\/p>\n<p><span style=\"color: #999999;\"><b><i>A plataforma re\u00fane marcas, designers e iniciativas que trabalham com a transforma\u00e7\u00e3o de materiais de descarte ou res\u00edduos<\/i><\/b><i><span style=\"font-weight: 400;\">, que s\u00e3o chamados de suprarecicladores. O trabalho dos suprarecicladores se baseia nos eixos do impacto social, meio ambiental e econ\u00f4mico, integrando comunica\u00e7\u00e3o, experi\u00eancias e tecnologia.<\/span><\/i><\/span><\/p>\n<p><span style=\"font-weight: 400;\">M\u00e1s all\u00e1 de tener apenas un listado de quienes trabajan con upcycling en Latinoam\u00e9rica, el Supra quiere<\/span><b> formatear una red de apoyos locales<\/b><span style=\"font-weight: 400;\">, para ampliar las oportunidades de formaci\u00f3n y aprendizaje de la comunidad de suprarecicladores.\u00a0<\/span><\/p>\n<p><span style=\"color: #999999;\"><i><span style=\"font-weight: 400;\">Para al\u00e9m de ser apenas uma lista de quem trabalha com upcycling na Am\u00e9rica Latina, o Supra quer <\/span><\/i><b><i>formatar uma rede de apoios locais<\/i><\/b><i><span style=\"font-weight: 400;\">, para ampliar as oportunidades de forma\u00e7\u00e3o e aprendizagem da comunidade de suprarecicladores.<\/span><\/i><\/span><\/p>\n<p><b>El Supra ya cuenta con 90 marcas<\/b><span style=\"font-weight: 400;\"> de Argentina, Bol\u00edvia, Brasil, Chile, Col\u00f4mbia, M\u00e9xico, Nicaragua, Paraguay, Per\u00fa y Uruguay. Y sigue creciendo. El objetivo es tambi\u00e9n que los suprarecicladores si junten localmente y sean capaces de autogestionar sus comunidades, organizando eventos, compartiendo metodolog\u00edas e insumos, y que estas comunidades locales se fortalezcan y puedan difundir el tema del upcycling en Latinoam\u00e9rica.\u00a0<\/span><\/p>\n<p><span style=\"color: #999999;\"><b><i>O Supra j\u00e1 conta com 90 marcas<\/i><\/b><i><span style=\"font-weight: 400;\"> da Argentina, Bol\u00edvia, Brasil, Chile, Col\u00f4mbia, M\u00e9xico, Nicaragua, Paraguai, Per\u00fa y Uruguai. E segue crescendo. O objetivo tamb\u00e9m \u00e9 que os suprarecicladores se juntem localmente e sejam capazes de autogestionar suas comunidades, organizando eventos, compartilhando metodologias e insumos, e que estas comunidades locais se fortale\u00e7am e possam espalhar o tema do upcycling pela Am\u00e9rica Latina.<\/span><\/i><\/span><\/p>\n<p><span style=\"font-weight: 400;\">Aparte del directorio, el Supra <\/span><b>cuenta con un blog abierto a colaboraciones<\/b><span style=\"font-weight: 400;\">, y tiene planes m\u00e1s amplios. Compartir metodolog\u00edas en tutoriales on line, un gu\u00eda de eventos relacionados al upcycling y un app que funcionar\u00e1 como una tienda on line para los suprarecicladores.\u00a0<\/span><\/p>\n<p><span style=\"color: #999999;\"><i><span style=\"font-weight: 400;\">Al\u00e9m do diret\u00f3rio, o Supra tem um <\/span><\/i><b><i>blog aberto a colabora\u00e7\u00f5es<\/i><\/b><i><span style=\"font-weight: 400;\">, e tem planos maiores. Compartilhar metodologias atrav\u00e9s de tutoriais on line, um guia de eventos relacionados ao upcycling e um app que vai funcionar como uma loja on line para os suprarecicladores.<\/span><\/i><\/span><\/p>\n<p><span style=\"font-weight: 400;\">Todo eso est\u00e1 en curso, mientras el primer encuentro efectivo de suprarecicladores aconteci\u00f3 el \u00faltimo 7 de Diciembre en el Festival Circular + FIIS. Con talleres de suprarecicladores de Chile y Argentina, el Circular ense\u00f1\u00f3 a adultes, j\u00f3venes y ni\u00f1ez que es posible hacer m\u00e1s con lo que usualmente vemos como basura, desde las bolsas pl\u00e1sticas hasta las poleras olvidadas en el fondo del closet.\u00a0<\/span><\/p>\n<p><span style=\"color: #999999;\"><i><span style=\"font-weight: 400;\">Tudo isso j\u00e1 est\u00e1 em curso, enquanto o primeiro encontro efetivo de suprarecicladores aconteceu no \u00faltimo dia 7 de Dezembro no Festival Circular + FIIS. Com oficinas de suprarecicladores do Chile e da Argentina, o Circular ensinou a adultes, jovens e crian\u00e7as que \u00e9 poss\u00edvel fazer mais com o que normalmente vemos como lixo, desde as sacolas pl\u00e1sticas at\u00e9 as camisetas esquecidas no fundo do arm\u00e1rio.\u00a0<\/span><\/i><\/span><\/p>\n<p><span style=\"font-weight: 400;\">Si tienes un trabajo de upcycling y quieres sumarse al Supra inscr\u00edbete en\u00a0 <\/span><a href=\"https:\/\/suprareciclaje.org\/inscripciones\/\"><span style=\"font-weight: 400;\">https:\/\/suprareciclaje.org\/inscripciones\/<\/span><\/a><span style=\"font-weight: 400;\"> y conoce a todos los suprarecicladores en <\/span><a href=\"https:\/\/suprareciclaje.org\/\"><span style=\"font-weight: 400;\">https:\/\/suprareciclaje.org\/<\/span><\/a><\/p>\n<p><span style=\"font-weight: 400;\">\u00a1Transf\u00f3rmate! #somossuprareciclaje<\/span><\/p>\n<p><i><span style=\"font-weight: 400;\">Se voc\u00ea tem um trabalho de upcycling e quer se juntar ao Supra se inscreva em <\/span><\/i><a href=\"https:\/\/suprareciclaje.org\/inscripciones\/\"><i><span style=\"font-weight: 400;\">https:\/\/suprareciclaje.org\/inscripciones\/<\/span><\/i><\/a><i><span style=\"font-weight: 400;\"> e conhe\u00e7a todos os suprarecicladores em <\/span><\/i><a href=\"https:\/\/suprareciclaje.org\/\"><i><span style=\"font-weight: 400;\">https:\/\/suprareciclaje.org\/<\/span><\/i><\/a><\/p>\n<p><span style=\"font-weight: 400;\">Transforme-se!#somossuprareciclagem<\/span><\/p>\n<p><span style=\"font-weight: 400;\">\u00a0<\/span><\/p>\n<p><i><span style=\"font-weight: 400;\">Escrito por Thais Faria<\/span><\/i><\/p>\n<p><span style=\"font-weight: 400;\">Traducci\u00f3n Gabriela De Laurentis<\/span><\/p>\n<p><img decoding=\"async\" class=\"alignnone size-full wp-image-5685 lazyload\" data-src=\"http:\/\/desarrollosdeprueba.xyz\/universo_mola\/wp-content\/uploads\/2021\/08\/Captura256.png\" alt=\"\" width=\"450\" height=\"301\" data-srcset=\"https:\/\/universomola.com\/wp-content\/uploads\/2021\/08\/Captura256-200x134.png 200w, https:\/\/universomola.com\/wp-content\/uploads\/2021\/08\/Captura256-300x201.png 300w, https:\/\/universomola.com\/wp-content\/uploads\/2021\/08\/Captura256-400x268.png 400w, https:\/\/universomola.com\/wp-content\/uploads\/2021\/08\/Captura256.png 450w\" data-sizes=\"(max-width: 450px) 100vw, 450px\" src=\"data:image\/svg+xml;base64,PHN2ZyB3aWR0aD0iMSIgaGVpZ2h0PSIxIiB4bWxucz0iaHR0cDovL3d3dy53My5vcmcvMjAwMC9zdmciPjwvc3ZnPg==\" style=\"--smush-placeholder-width: 450px; --smush-placeholder-aspect-ratio: 450\/301;\" \/><\/p>\n<p><b><i>Fotograf\u00edas: <\/i><\/b><span style=\"font-weight: 400;\">Morella Zabalegui; Manuela Garreton.<\/span><\/p>\n<\/div><\/div><\/div><\/div><\/div>","protected":false},"excerpt":{"rendered":"<p>Lorem ipsum dolor sit amet, consectetur adipiscing elit. Nam pharetra dictum eleifend. Sed posuere magna at luctus pretium. Aliquam ligula sem, aliquet sit amet nisi ac, dignissim porta ipsum.<\/p>","protected":false},"author":9,"featured_media":5686,"comment_status":"open","ping_status":"open","sticky":false,"template":"","format":"standard","meta":{"_monsterinsights_skip_tracking":false,"_monsterinsights_sitenote_active":false,"_monsterinsights_sitenote_note":"","_monsterinsights_sitenote_category":0,"footnotes":""},"categories":[40],"tags":[93,89,48,92,47,96,88],"class_list":["post-5684","post","type-post","status-publish","format-standard","has-post-thumbnail","hentry","category-blog","tag-disenadores-sostenibles","tag-moda-etica","tag-moda-latina","tag-moda-latinoamericana","tag-moda-sostenible","tag-moda-sustentable","tag-universo-mola"],"_links":{"self":[{"href":"https:\/\/universomola.com\/en\/wp-json\/wp\/v2\/posts\/5684","targetHints":{"allow":["GET"]}}],"collection":[{"href":"https:\/\/universomola.com\/en\/wp-json\/wp\/v2\/posts"}],"about":[{"href":"https:\/\/universomola.com\/en\/wp-json\/wp\/v2\/types\/post"}],"author":[{"embeddable":true,"href":"https:\/\/universomola.com\/en\/wp-json\/wp\/v2\/users\/9"}],"replies":[{"embeddable":true,"href":"https:\/\/universomola.com\/en\/wp-json\/wp\/v2\/comments?post=5684"}],"version-history":[{"count":1,"href":"https:\/\/universomola.com\/en\/wp-json\/wp\/v2\/posts\/5684\/revisions"}],"predecessor-version":[{"id":5691,"href":"https:\/\/universomola.com\/en\/wp-json\/wp\/v2\/posts\/5684\/revisions\/5691"}],"wp:featuredmedia":[{"embeddable":true,"href":"https:\/\/universomola.com\/en\/wp-json\/wp\/v2\/media\/5686"}],"wp:attachment":[{"href":"https:\/\/universomola.com\/en\/wp-json\/wp\/v2\/media?parent=5684"}],"wp:term":[{"taxonomy":"category","embeddable":true,"href":"https:\/\/universomola.com\/en\/wp-json\/wp\/v2\/categories?post=5684"},{"taxonomy":"post_tag","embeddable":true,"href":"https:\/\/universomola.com\/en\/wp-json\/wp\/v2\/tags?post=5684"}],"curies":[{"name":"wp","href":"https:\/\/api.w.org\/{rel}","templated":true}]}}