{"id":5696,"date":"2021-01-02T20:44:37","date_gmt":"2021-01-02T23:44:37","guid":{"rendered":"http:\/\/desarrollosdeprueba.xyz\/universo_mola\/?p=5696"},"modified":"2021-08-08T20:46:54","modified_gmt":"2021-08-08T23:46:54","slug":"como-comence-a-actuar-en-el-presente-pensando-en-el-futuro","status":"publish","type":"post","link":"https:\/\/universomola.com\/en\/como-comence-a-actuar-en-el-presente-pensando-en-el-futuro\/","title":{"rendered":"COMO COMENC\u00c9 A ACTUAR EN EL PRESENTE, PENSANDO EN EL FUTURO"},"content":{"rendered":"<div class=\"fusion-fullwidth fullwidth-box fusion-builder-row-1 fusion-flex-container nonhundred-percent-fullwidth non-hundred-percent-height-scrolling\" style=\"--awb-border-radius-top-left:0px;--awb-border-radius-top-right:0px;--awb-border-radius-bottom-right:0px;--awb-border-radius-bottom-left:0px;--awb-flex-wrap:wrap;\" ><div class=\"fusion-builder-row fusion-row fusion-flex-align-items-flex-start fusion-flex-content-wrap\" style=\"max-width:1248px;margin-left: calc(-4% \/ 2 );margin-right: calc(-4% \/ 2 );\"><div class=\"fusion-layout-column fusion_builder_column fusion-builder-column-0 fusion_builder_column_1_1 1_1 fusion-flex-column\" style=\"--awb-bg-size:cover;--awb-width-large:100%;--awb-margin-top-large:0px;--awb-spacing-right-large:1.92%;--awb-margin-bottom-large:0px;--awb-spacing-left-large:1.92%;--awb-width-medium:100%;--awb-spacing-right-medium:1.92%;--awb-spacing-left-medium:1.92%;--awb-width-small:100%;--awb-spacing-right-small:1.92%;--awb-spacing-left-small:1.92%;\"><div class=\"fusion-column-wrapper fusion-flex-justify-content-flex-start fusion-content-layout-column\"><div class=\"fusion-text fusion-text-1\"><p><em><span style=\"color: #33cccc;\">Escrito por: Noticias <\/span><\/em><em><span style=\"color: #33cccc;\">de Universo MOLA<\/span><\/em><\/p>\n<p><span style=\"color: #999999;\"><i><span style=\"font-weight: 400;\">Por Pia Cabral, Colaboradora Uruguay \/ Imagen portada: Pinterest<\/span><\/i><\/span><\/p>\n<p><span style=\"font-weight: 400;\">El futuro es un tiempo que a\u00fan no ha llegado, pero que esperamos que suceda. Pensando en el futuro nos llenamos de ilusiones sobre lo que deseamos alcanzar. Vivir el presente es la mentalidad que se nos fomenta a diario, \u201cCarpe Diem\u201d sin dudas encabeza el ranking de tatuajes m\u00e1s populares en la \u00faltima d\u00e9cada. Vivir el hoy es una manera de aflojar incertidumbres y evita castigarnos con el pasado. Pensar a futuro nos habilita a trazar un plan de acci\u00f3n alineado con nuestras metas y objetivos a cumplir, porque al final, nosotros somos los creadores de nuestras vidas. <\/span><b>Somos el Miguel \u00c1ngel de nuestras vidas, y el David que esculpimos somos nosotros mismos.<\/b><span style=\"font-weight: 400;\"> Ese es mi concepto de vida, y gracias a ello es que hoy vivo en el futuro que so\u00f1\u00e9.<\/span><\/p>\n<p><b>\u201cSer sostenible o no serlo\u201d, ser\u00eda el cuestionamiento de Hamlet si estuviera presente hoy en d\u00eda entre nosotros.<\/b><span style=\"font-weight: 400;\"> Y somos varios los que le dar\u00edamos like. Tanto para las Naciones Unidas,como a nivel de gobiernos y organismos locales, la agenda ambiental ha ganado un espacio y ha ido generando gran peso con las d\u00e9cadas. <\/span><b>El t\u00e9rmino sostenible no es nada nuevo<\/b><span style=\"font-weight: 400;\">, fue en 1987 cuando se aprecia por primera vez en el tan conocido Informe Brundtland redactado por diversos pa\u00edses para la ONU. Sostenibilidad, en pocas y claras palabras, es asumir que la naturaleza y el medio ambiente no son una fuente inagotable de recursos, <\/span><b>siendo responsabilidad de todos de car\u00e1cter urgente su protecci\u00f3n y uso racional.<\/b><span style=\"font-weight: 400;\"> Vivir sostenible, es un estilo de vida. Es detenerse en este mundo ef\u00edmero analizando lo positivo y lo negativo de nuestros impactos: sociales, ambientales y econ\u00f3micos. En resumen, para lo que nos prepar\u00f3 este 2020 de pandemia.<\/span><\/p>\n<p><span style=\"font-weight: 400;\">En la escuela celebramos el d\u00eda mundial del medio ambiente, armamos exposiciones hermosas y coloridas. Le cantamos a la madre tierra y actuamos de \u00e1rbol en la obra de fin de cursos d\u00e1ndolo todo, cual papel digno de una nominaci\u00f3n a un Oscar. Por m\u00e1s vergonzoso que sea, todos lo hicimos. De grandes abrimos nuestras mentes en planos m\u00e1s complejos viendo documentales, luego llevamos un bolso a las tiendas para hacer nuestro noble aporte y para no pagar extra por una bolsa, claro. <\/span><b>Porque ser adulto tambi\u00e9n es comprender que todo suma (y mucho).<\/b><span style=\"font-weight: 400;\"> Despu\u00e9s algunos cultivan sus propios alimentos, lo cual los eleva en la escala \u00e9tica. (Y suma alg\u00fan like en redes). Igual m\u00e1s all\u00e1 del trasfondo real detr\u00e1s de los motivos por los cuales se hagan estos actos, todo va aportando su granito de arena lo cual es positivo.<\/span><\/p>\n<p><span style=\"font-weight: 400;\">Estar leyendo este art\u00edculo es un gran paso para comenzar a trazar tu plan de acci\u00f3n, te lo agradezco y felicito. Informarse es el punto de partida clave para incorporar de manera correcta cualquier h\u00e1bito a nuestras vidas. <\/span><b>El individuo que se mantiene al d\u00eda puede criticar y entender mejor a la sociedad.<\/b><span style=\"font-weight: 400;\"> Estar informado, es fundamental para la democracia porque facilita el ejercicio activo de la ciudadan\u00eda. As\u00ed evitamos caer en discursos vac\u00edos de ex mandatarios desmintiendo temas como este de car\u00e1cter urgente. (Qu\u00e9 bien poder decir \u201cex mandatario\u201d en este caso, \u00bfcierto?) Ser consciente de esta problem\u00e1tica tambi\u00e9n es comprender como consumidores que lo que hace a las empresas ser sostenibles no es su marketing, sino su forma de producir: c\u00f3mo fabrican. La informaci\u00f3n es poder, es vital para poder desarrollar un esp\u00edritu cr\u00edtico y discernir entre informaci\u00f3n rigurosa y falsa, ante el bombardeo constante que recibimos de innumerables fuentes. Esta es sin dudas una\u00a0 habilidad clave a desarrollar para pasar de pensar, a hacer y ser sustentables.<\/span><\/p>\n<\/div><\/div><\/div><\/div><\/div>","protected":false},"excerpt":{"rendered":"<p>Lorem ipsum dolor sit amet, consectetur adipiscing elit. Nam pharetra dictum eleifend. Sed posuere magna at luctus pretium. Aliquam ligula sem, aliquet sit amet nisi ac, dignissim porta ipsum.<\/p>","protected":false},"author":9,"featured_media":5701,"comment_status":"open","ping_status":"open","sticky":false,"template":"","format":"standard","meta":{"_monsterinsights_skip_tracking":false,"_monsterinsights_sitenote_active":false,"_monsterinsights_sitenote_note":"","_monsterinsights_sitenote_category":0,"footnotes":""},"categories":[40],"tags":[93,89,48,92,47,96,88],"class_list":["post-5696","post","type-post","status-publish","format-standard","has-post-thumbnail","hentry","category-blog","tag-disenadores-sostenibles","tag-moda-etica","tag-moda-latina","tag-moda-latinoamericana","tag-moda-sostenible","tag-moda-sustentable","tag-universo-mola"],"_links":{"self":[{"href":"https:\/\/universomola.com\/en\/wp-json\/wp\/v2\/posts\/5696","targetHints":{"allow":["GET"]}}],"collection":[{"href":"https:\/\/universomola.com\/en\/wp-json\/wp\/v2\/posts"}],"about":[{"href":"https:\/\/universomola.com\/en\/wp-json\/wp\/v2\/types\/post"}],"author":[{"embeddable":true,"href":"https:\/\/universomola.com\/en\/wp-json\/wp\/v2\/users\/9"}],"replies":[{"embeddable":true,"href":"https:\/\/universomola.com\/en\/wp-json\/wp\/v2\/comments?post=5696"}],"version-history":[{"count":1,"href":"https:\/\/universomola.com\/en\/wp-json\/wp\/v2\/posts\/5696\/revisions"}],"predecessor-version":[{"id":5702,"href":"https:\/\/universomola.com\/en\/wp-json\/wp\/v2\/posts\/5696\/revisions\/5702"}],"wp:featuredmedia":[{"embeddable":true,"href":"https:\/\/universomola.com\/en\/wp-json\/wp\/v2\/media\/5701"}],"wp:attachment":[{"href":"https:\/\/universomola.com\/en\/wp-json\/wp\/v2\/media?parent=5696"}],"wp:term":[{"taxonomy":"category","embeddable":true,"href":"https:\/\/universomola.com\/en\/wp-json\/wp\/v2\/categories?post=5696"},{"taxonomy":"post_tag","embeddable":true,"href":"https:\/\/universomola.com\/en\/wp-json\/wp\/v2\/tags?post=5696"}],"curies":[{"name":"wp","href":"https:\/\/api.w.org\/{rel}","templated":true}]}}