{"id":5700,"date":"2020-11-24T20:46:41","date_gmt":"2020-11-24T23:46:41","guid":{"rendered":"http:\/\/desarrollosdeprueba.xyz\/universo_mola\/?p=5700"},"modified":"2021-08-08T20:49:19","modified_gmt":"2021-08-08T23:49:19","slug":"existe-una-conciencia-de-la-industria-creativa-textil-frente-a-su-huella-de-carbono-en-el-planeta","status":"publish","type":"post","link":"https:\/\/universomola.com\/en\/existe-una-conciencia-de-la-industria-creativa-textil-frente-a-su-huella-de-carbono-en-el-planeta\/","title":{"rendered":"\u00bfEXISTE UNA CONCIENCIA DE LA INDUSTRIA CREATIVA TEXTIL FRENTE A SU HUELLA DE CARBONO EN EL PLANETA?"},"content":{"rendered":"<div class=\"fusion-fullwidth fullwidth-box fusion-builder-row-1 fusion-flex-container nonhundred-percent-fullwidth non-hundred-percent-height-scrolling\" style=\"--awb-border-radius-top-left:0px;--awb-border-radius-top-right:0px;--awb-border-radius-bottom-right:0px;--awb-border-radius-bottom-left:0px;--awb-flex-wrap:wrap;\" ><div class=\"fusion-builder-row fusion-row fusion-flex-align-items-flex-start fusion-flex-content-wrap\" style=\"max-width:1248px;margin-left: calc(-4% \/ 2 );margin-right: calc(-4% \/ 2 );\"><div class=\"fusion-layout-column fusion_builder_column fusion-builder-column-0 fusion_builder_column_1_1 1_1 fusion-flex-column\" style=\"--awb-bg-size:cover;--awb-width-large:100%;--awb-margin-top-large:0px;--awb-spacing-right-large:1.92%;--awb-margin-bottom-large:0px;--awb-spacing-left-large:1.92%;--awb-width-medium:100%;--awb-spacing-right-medium:1.92%;--awb-spacing-left-medium:1.92%;--awb-width-small:100%;--awb-spacing-right-small:1.92%;--awb-spacing-left-small:1.92%;\"><div class=\"fusion-column-wrapper fusion-flex-justify-content-flex-start fusion-content-layout-column\"><div class=\"fusion-text fusion-text-1\"><\/div><div class=\"fusion-text fusion-text-2\"><p><span style=\"color: #33cccc;\"><i><span style=\"font-weight: 400;\">Por Manuela Toro, Universo MOLA \/ Imagen portada: Pinterest<\/span><\/i><\/span><\/p>\n<p><span style=\"font-weight: 400;\">El impacto ambiental que generan las grandes industrias de diferentes sectores, nos va pasando la factura y el planeta pide auxilio.<\/span><\/p>\n<p><b>Seg\u00fan lo trazado por la Asamblea General de las Naciones Unidas para la agenda 2030, solo la Industria de la moda est\u00e1 comprometida para antes de ese a\u00f1o a disminuir en un 30% sus emisiones de carbono.<\/b><span style=\"font-weight: 400;\"> Sin embargo, el informe de Pulse Score que es la evaluaci\u00f3n anual de referencia sobre el avance de la sostenibilidad en el sector de la moda, elaborado por Global Fashion Agenda y Boston Consulting Group, revela que aunque va en aumento la transici\u00f3n hacia la sostenibilidad en la industria, no se est\u00e1 moviendo a la velocidad esperada. El informe revela que casi un tercio de la industria de <\/span><b>la moda a\u00fan no ha tomado medidas <\/b><span style=\"font-weight: 400;\">y definitivamente hay desigualdad en el avance, pues las empresas con un progreso mayor fueron las ubicadas en un segmento de precios medios, las peque\u00f1as empresas son el punto ciego y hay una brecha entre ellas, pues en la mayor\u00eda de casos requieren de acompa\u00f1amiento y herramientas para impulsarse en el tema de la sostenibilidad econ\u00f3mica, social y ambiental.<\/span><\/p>\n<p><span style=\"font-weight: 400;\">Otro problema que inhibe el avance y retrasa a\u00fan m\u00e1s el punto al que se quiere llegar es la <\/span><b>falta de regulaci\u00f3n est\u00e1ndar<\/b><span style=\"font-weight: 400;\"> para esta y todas las industrias contaminantes del planeta en cuanto a las emisiones y medici\u00f3n de su impacto en la huella de carbono.<\/span><\/p>\n<p><span style=\"font-weight: 400;\">A la fecha no existe un marco metodol\u00f3gico com\u00fan que mida las emisiones de Gases de Efecto Invernadero (GEI) de manera uniforme y voluntaria a nivel Global. En la Uni\u00f3n Europea y Estados Unidos existe El Protocolo de Kyoto que busca en su m\u00e9todo mitigar el calentamiento global y en otros territorios existen\u00a0 diferentes metodolog\u00edas de an\u00e1lisis de Huella de Carbono. Esta falta de regulaci\u00f3n uniforme crea confusi\u00f3n e impide que se avance en la identificaci\u00f3n de estrategias globales que regulen a las empresas.\u00a0<\/span><\/p>\n<p><span style=\"font-weight: 400;\">De hecho, el pensamiento de muchas de las industrias es que se considera a la Huella de Carbono como un impuesto al carbono. Aunque algunas empresas ya est\u00e1n desarrollando estrategias de carbono de manera voluntaria para sus productos y procesos internos, a\u00fan es percibida como un costo adicional y no se considera la importancia real en t\u00e9rminos de ahorro de recursos naturales o mejoras de procesos productivos.<\/span><\/p>\n<p><b>La falta de conciencia hace m\u00e1s dif\u00edcil el camino,<\/b><span style=\"font-weight: 400;\"> y lo que se espera en alg\u00fan punto es lograr que cada producto de cada industria revele datos sobre su huella de carbono, y poner en manos del ciudadano la informaci\u00f3n que le permita elegir cu\u00e1l es la opci\u00f3n m\u00e1s sostenible. Aunque por ahora <\/span><span style=\"font-weight: 400;\">el \u00cdndice de Transparencia de la Moda (Fashion Transperancy Index) publicado el 24 de abril de 2019 se\u00f1ala que <\/span><b>solo el 55% de las marcas publican la huella de carbono de sus propias instalaciones y el 19,5% hace p\u00fablica la informaci\u00f3n de su cadena de suministro<\/b><span style=\"font-weight: 400;\">. Hay mucho por descubrir detr\u00e1s de lo que pasa en la industria de la moda.<\/span><\/p>\n<p><b>La falta de trazabilidad y transparencia es grave<\/b><span style=\"font-weight: 400;\">, pues es uno de los primeros pasos para lograr ser sostenible y \u00e9tico de cara al consumidor y a la ciudadan\u00eda.<\/span><\/p>\n<p><span style=\"font-weight: 400;\">Otra dificultad con la que se encuentra la industria en su paso hacia una industria m\u00e1s sostenible son las<\/span><b> barreras en los sistemas financieros, fiscales y legales<\/b><span style=\"font-weight: 400;\">. Es dif\u00edcil lograr que la moda sea circular si la econom\u00eda no lo es tampoco, pues la moda no es un sistema independiente y depende de otros para funcionar. La rapidez con la se logre llegar al punto que se ha trazado depender\u00e1 de otras industrias tambi\u00e9n.<\/span><\/p>\n<p><span style=\"font-weight: 400;\">La tendencia es a cambiar el modelo de negocio a uno circular, donde se creen y se cumplan las regulaciones que miden el impacto ambiental para todos los actores de la industria de la moda sin distinci\u00f3n alguna y trabajar de forma colaborativa entre sociedad, agentes gubernamentales, sector privado, cadena textil completa (materias primas, producci\u00f3n, distribuci\u00f3n y venta) y consumidor.<\/span><\/p>\n<p><b>Esta industria creativa tiene el poder de influir sobre la decisi\u00f3n de compra de los consumidores. <\/b><span style=\"font-weight: 400;\">\u00a0El potencial de comunicaci\u00f3n y de cambio social que tiene la moda adem\u00e1s de la gran responsabilidad que tiene en las emisiones mundiales de carb\u00f3n hacen que su tr\u00e1nsito hacia la sostenibilidad sea indispensable y para ello es fundamental el trabajo colaborativo y la conciencia colectiva entre las industrias, la sociedad, el sector p\u00fablico y el privado.<\/span><\/p>\n<p><b>Fuentes de investigaci\u00f3n:<\/b><\/p>\n<p><a href=\"https:\/\/www.esterxicota.com\/pulse-score-2018\/\"><span style=\"font-weight: 400;\">https:\/\/www.esterxicota.com\/pulse-score-2018\/<\/span><\/a><\/p>\n<p><a href=\"https:\/\/www.aa.com.tr\/es\/econom%C3%ADa\/la-moda-a-paso-lento-hacia-una-industria-sostenible\/1480084\"><span style=\"font-weight: 400;\">https:\/\/www.aa.com.tr\/es\/econom%C3%ADa\/la-moda-a-paso-lento-hacia-una-industria-sostenible\/1480084<\/span><\/a><\/p>\n<p><i><span style=\"font-weight: 400;\">CEPAL (Comisi\u00f3n Econ\u00f3mica Para Am\u00e9rica Latina y el Caribe)<\/span><\/i><a href=\"https:\/\/repositorio.cepal.org\/bitstream\/handle\/11362\/37288\/Metodolog%EDas_calculo_HC_AL.pdf?sequence=1\"> <i><span style=\"font-weight: 400;\">https:\/\/repositorio.cepal.org\/bitstream\/handle\/11362\/37288\/Metodolog%EDas_calculo_HC_AL.pdf?sequence=1<\/span><\/i><\/a><\/p>\n<\/div><\/div><\/div><\/div><\/div>","protected":false},"excerpt":{"rendered":"<p>Lorem ipsum dolor sit amet, consectetur adipiscing elit. Nam pharetra dictum eleifend. Sed posuere magna at luctus pretium. Aliquam ligula sem, aliquet sit amet nisi ac, dignissim porta ipsum.<\/p>","protected":false},"author":9,"featured_media":5703,"comment_status":"open","ping_status":"open","sticky":false,"template":"","format":"standard","meta":{"_monsterinsights_skip_tracking":false,"_monsterinsights_sitenote_active":false,"_monsterinsights_sitenote_note":"","_monsterinsights_sitenote_category":0,"footnotes":""},"categories":[40],"tags":[93,91,89,48,92,47,96,90,88],"class_list":["post-5700","post","type-post","status-publish","format-standard","has-post-thumbnail","hentry","category-blog","tag-disenadores-sostenibles","tag-ethical-fashion","tag-moda-etica","tag-moda-latina","tag-moda-latinoamericana","tag-moda-sostenible","tag-moda-sustentable","tag-sustainable","tag-universo-mola"],"_links":{"self":[{"href":"https:\/\/universomola.com\/en\/wp-json\/wp\/v2\/posts\/5700","targetHints":{"allow":["GET"]}}],"collection":[{"href":"https:\/\/universomola.com\/en\/wp-json\/wp\/v2\/posts"}],"about":[{"href":"https:\/\/universomola.com\/en\/wp-json\/wp\/v2\/types\/post"}],"author":[{"embeddable":true,"href":"https:\/\/universomola.com\/en\/wp-json\/wp\/v2\/users\/9"}],"replies":[{"embeddable":true,"href":"https:\/\/universomola.com\/en\/wp-json\/wp\/v2\/comments?post=5700"}],"version-history":[{"count":1,"href":"https:\/\/universomola.com\/en\/wp-json\/wp\/v2\/posts\/5700\/revisions"}],"predecessor-version":[{"id":5705,"href":"https:\/\/universomola.com\/en\/wp-json\/wp\/v2\/posts\/5700\/revisions\/5705"}],"wp:featuredmedia":[{"embeddable":true,"href":"https:\/\/universomola.com\/en\/wp-json\/wp\/v2\/media\/5703"}],"wp:attachment":[{"href":"https:\/\/universomola.com\/en\/wp-json\/wp\/v2\/media?parent=5700"}],"wp:term":[{"taxonomy":"category","embeddable":true,"href":"https:\/\/universomola.com\/en\/wp-json\/wp\/v2\/categories?post=5700"},{"taxonomy":"post_tag","embeddable":true,"href":"https:\/\/universomola.com\/en\/wp-json\/wp\/v2\/tags?post=5700"}],"curies":[{"name":"wp","href":"https:\/\/api.w.org\/{rel}","templated":true}]}}