{"id":5706,"date":"2020-11-30T20:50:02","date_gmt":"2020-11-30T23:50:02","guid":{"rendered":"http:\/\/desarrollosdeprueba.xyz\/universo_mola\/?p=5706"},"modified":"2021-08-08T20:54:52","modified_gmt":"2021-08-08T23:54:52","slug":"vii-edicion-de-los-premios-biaaf","status":"publish","type":"post","link":"https:\/\/universomola.com\/en\/vii-edicion-de-los-premios-biaaf\/","title":{"rendered":"VII EDICI\u00d3N DE LOS PREMIOS BIAAF"},"content":{"rendered":"<div class=\"fusion-fullwidth fullwidth-box fusion-builder-row-1 fusion-flex-container nonhundred-percent-fullwidth non-hundred-percent-height-scrolling\" style=\"--awb-border-radius-top-left:0px;--awb-border-radius-top-right:0px;--awb-border-radius-bottom-right:0px;--awb-border-radius-bottom-left:0px;--awb-flex-wrap:wrap;\" ><div class=\"fusion-builder-row fusion-row fusion-flex-align-items-flex-start fusion-flex-content-wrap\" style=\"max-width:1248px;margin-left: calc(-4% \/ 2 );margin-right: calc(-4% \/ 2 );\"><div class=\"fusion-layout-column fusion_builder_column fusion-builder-column-0 fusion_builder_column_1_1 1_1 fusion-flex-column\" style=\"--awb-bg-size:cover;--awb-width-large:100%;--awb-margin-top-large:0px;--awb-spacing-right-large:1.92%;--awb-margin-bottom-large:0px;--awb-spacing-left-large:1.92%;--awb-width-medium:100%;--awb-spacing-right-medium:1.92%;--awb-spacing-left-medium:1.92%;--awb-width-small:100%;--awb-spacing-right-small:1.92%;--awb-spacing-left-small:1.92%;\"><div class=\"fusion-column-wrapper fusion-flex-justify-content-flex-start fusion-content-layout-column\"><div class=\"fusion-text fusion-text-1\"><\/div><div class=\"fusion-text fusion-text-2\"><p><span style=\"color: #33cccc;\"><i>Por Manuela Toro, Universo MOLA \/ Imagen portada: BIAAF.<\/i><\/span><\/p>\n<p><b>En la VII Edici\u00f3n de los premios BIAAF, un reconocimiento al talento, la innovaci\u00f3n y la creatividad emergente en LATAM.<\/b><\/p>\n<p><span style=\"font-weight: 400;\">A lo largo de las siete ediciones de los premios Bilbao International Art &amp; Fashion &#8211; BIAAF, el concurso internacional de dise\u00f1o de moda, celebrado bianualmente, m\u00e1s de 6.000 j\u00f3venes promesas del dise\u00f1o han encontrado en Bilbao una \u201cvitrina\u201d de exposici\u00f3n de sus dise\u00f1os ante el mundo.\u00a0<\/span><\/p>\n<p><span style=\"font-weight: 400;\">Esta plataforma no solo permite a los dise\u00f1adores mostrar sus colecciones de moda y ganar premios en efectivo si alcanzan los primeros lugares en cada categor\u00eda, sino que adem\u00e1s los forman junto a referentes internacionales, gracias a programas de becas o masterclass creadas &#8216;ad hoc&#8217; para cubrir sus necesidades.<\/span><\/p>\n<p><span style=\"font-weight: 400;\">\u00a0Esta es una plataforma dedicada a descubrir, apoyar y lanzar dise\u00f1adores emergentes de moda de todo el mundo que demuestren en sus creaciones altas dosis de talento, innovaci\u00f3n y creatividad. Este a\u00f1o ha sido retador en muchos aspectos, y no se olvid\u00f3 de marcar tambi\u00e9n el concurso y en esta edici\u00f3n se vivi\u00f3 una experiencia \u00fanica por las dificultades de todos los dise\u00f1adores para poder finalizar sus colecciones debido a las restricciones del confinamiento y adem\u00e1s por lo ajustado y re\u00f1ido que estuvo la competencia\u00a0 gracias al talento y creatividad de todos los concursantes, dando un resultado realmente satisfactorio para los jueces y organizadores del certamen.<\/span><\/p>\n<p><span style=\"font-weight: 400;\">Para el concurso se lanz\u00f3 la campa\u00f1a &#8216;Fashion Is Not Just Fashion&#8217; y con ello se logr\u00f3 visibilizar, promover y destacar los diferentes proyectos desarrollados en campos como la investigaci\u00f3n, la educaci\u00f3n de alto rendimiento o la sostenibilidad, surgidos todos ellos a trav\u00e9s de las oportunidades generadas gracias al concurso.<\/span><\/p>\n<p><img decoding=\"async\" class=\"size-full wp-image-5716 aligncenter lazyload\" data-src=\"http:\/\/desarrollosdeprueba.xyz\/universo_mola\/wp-content\/uploads\/2021\/08\/60-1.png\" alt=\"\" width=\"596\" height=\"437\" data-srcset=\"https:\/\/universomola.com\/wp-content\/uploads\/2021\/08\/60-1-200x147.png 200w, https:\/\/universomola.com\/wp-content\/uploads\/2021\/08\/60-1-300x220.png 300w, https:\/\/universomola.com\/wp-content\/uploads\/2021\/08\/60-1-400x293.png 400w, https:\/\/universomola.com\/wp-content\/uploads\/2021\/08\/60-1-500x367.png 500w, https:\/\/universomola.com\/wp-content\/uploads\/2021\/08\/60-1.png 596w\" data-sizes=\"(max-width: 596px) 100vw, 596px\" src=\"data:image\/svg+xml;base64,PHN2ZyB3aWR0aD0iMSIgaGVpZ2h0PSIxIiB4bWxucz0iaHR0cDovL3d3dy53My5vcmcvMjAwMC9zdmciPjwvc3ZnPg==\" style=\"--smush-placeholder-width: 596px; --smush-placeholder-aspect-ratio: 596\/437;\" \/><\/p>\n<p><span style=\"font-weight: 400;\">Para la edici\u00f3n VII se presentaron alrededor de 1.260 concursantes de 90 pa\u00edses diferentes, donde al final quedaron 27 concursantes que participaron por las tres categor\u00edas:\u00a0 <\/span><b>Mejor dise\u00f1ador emergente vasco<\/b><span style=\"font-weight: 400;\">, <\/span><b>Mejor Dise\u00f1o de Prenda de Vestir<\/b><span style=\"font-weight: 400;\"> and <\/span><b>Mejor Dise\u00f1o de Accesorio<\/b><span style=\"font-weight: 400;\">. El pasado <\/span><b>11<\/b><span style=\"font-weight: 400;\"> and <\/span><b>12 <\/b><span style=\"font-weight: 400;\">from <\/span><b>noviembre<\/b><span style=\"font-weight: 400;\"> se llev\u00f3 a cabo la premiaci\u00f3n v\u00eda streaming para acatar las restricciones por el confinamiento y mantener as\u00ed el distanciamiento social por la pandemia.<\/span><\/p>\n<p><span style=\"font-weight: 400;\">\u00a0Y es un honor para todo el talento Latinoamericano que <\/span><b>uno de los ganadores<\/b><span style=\"font-weight: 400;\"> nos represente. El ganador del premio I\u00f1aki Azkuna al <\/span><b>Mejor Dise\u00f1ador Emergente vasco es Cristian Alejandro Padilla<\/b><span style=\"font-weight: 400;\">, de <\/span><b>Bolivia<\/b><span style=\"font-weight: 400;\"> pero residente en Bilbao desde hace casi 14 a\u00f1os. Su colecci\u00f3n <\/span><b>HUASI<\/b><span style=\"font-weight: 400;\"> es una maravilla tanto por su dise\u00f1o como por el proceso artesano de creaci\u00f3n, y denuncia la salvaje deforestaci\u00f3n que est\u00e1 sufriendo la Selva Amaz\u00f3nica.<\/span><\/p>\n<p><span style=\"font-weight: 400;\">HUASI surge \u00abde la fusi\u00f3n de pensamientos ecol\u00f3gicos con la abstracci\u00f3n de las obras de la escultura Mar\u00eda N\u00fa\u00f1ez del Prado\u00bb y propone \u00abfiguras y formas que retratan la voracidad de una sociedad que pretende consumir sin l\u00edmites los recursos naturales\u00bb.<\/span><\/p>\n<p><img decoding=\"async\" class=\"size-full wp-image-5717 aligncenter lazyload\" data-src=\"http:\/\/desarrollosdeprueba.xyz\/universo_mola\/wp-content\/uploads\/2021\/08\/60-2.png\" alt=\"\" width=\"297\" height=\"420\" data-srcset=\"https:\/\/universomola.com\/wp-content\/uploads\/2021\/08\/60-2-200x283.png 200w, https:\/\/universomola.com\/wp-content\/uploads\/2021\/08\/60-2-212x300.png 212w, https:\/\/universomola.com\/wp-content\/uploads\/2021\/08\/60-2.png 297w\" data-sizes=\"(max-width: 297px) 100vw, 297px\" src=\"data:image\/svg+xml;base64,PHN2ZyB3aWR0aD0iMSIgaGVpZ2h0PSIxIiB4bWxucz0iaHR0cDovL3d3dy53My5vcmcvMjAwMC9zdmciPjwvc3ZnPg==\" style=\"--smush-placeholder-width: 297px; --smush-placeholder-aspect-ratio: 297\/420;\" \/><\/p>\n<p><span style=\"font-weight: 400;\">\u00abEl aumento de la devastaci\u00f3n Amaz\u00f3nica y la explotaci\u00f3n econ\u00f3mica descontrolada alertaron en m\u00ed una conciencia ambiental que debo transmitir\u00bb, dijo Padilla para un medio local de Madrid.<\/span><\/p>\n<p><span style=\"font-weight: 400;\">Adem\u00e1s de Cristian, la norteamericana <\/span><b>Katiuscia Gregoire<\/b><span style=\"font-weight: 400;\"> tambi\u00e9n hace parte de los ganadores como <\/span><b>Mejor Dise\u00f1o de Prenda de Vestir<\/b><span style=\"font-weight: 400;\">, al igual que la surcoreana <\/span><b>Kim Yeonhyeon <\/b><span style=\"font-weight: 400;\">como ganadora de <\/span><b>Mejor Dise\u00f1o de Accesorio.<\/b><\/p>\n<p><span style=\"font-weight: 400;\">Desde Universo MOLA felicitamos a los ganadores e invitamos a todas las personas para que apoyen todo el talento que tenemos en la industria textil, dise\u00f1o y moda que hoy vive un momento dif\u00edcil a causa de la pandemia, y sin embargo se demuestra y se visibiliza todo el talento y propuestas que apuntan a hacer de esta una industria m\u00e1s consciente y mejor valorada en toda su cadena productiva.<\/span><\/p>\n<p><span style=\"font-weight: 400;\">Fuentes de informaci\u00f3n<\/span><\/p>\n<p><a href=\"https:\/\/biaaf.com\/ediciones.php?idioma=es\"><span style=\"font-weight: 400;\">https:\/\/biaaf.com\/ediciones.php?idioma=es<\/span><\/a><\/p>\n<p><a href=\"https:\/\/www.lavanguardia.com\/local\/paisvasco\/20201104\/49238564025\/mas-de-1260-jovenes-promesas-de-90-paises-participan-en-la-vii-concurso-bilbao-international-art-and-fashion.html\"><span style=\"font-weight: 400;\">https:\/\/www.lavanguardia.com\/local\/paisvasco\/20201104\/49238564025\/mas-de-1260-jovenes-promesas-de-90-paises-participan-en-la-vii-concurso-bilbao-international-art-and-fashion.html<\/span><\/a><\/p>\n<p><a href=\"https:\/\/www.20minutos.es\/noticia\/4472723\/0\/katiuscia-gregoire-kim-yeonghyeon-y-cristian-padilla-ganadores-del-vii-concurso-bilbao-international-art-and-fashion\/\"><span style=\"font-weight: 400;\">https:\/\/www.20minutos.es\/noticia\/4472723\/0\/katiuscia-gregoire-kim-yeonghyeon-y-cristian-padilla-ganadores-del-vii-concurso-bilbao-international-art-and-fashion\/<\/span><\/a><\/p>\n<\/div><\/div><\/div><\/div><\/div>","protected":false},"excerpt":{"rendered":"<p>Lorem ipsum dolor sit amet, consectetur adipiscing elit. Nam pharetra dictum eleifend. Sed posuere magna at luctus pretium. Aliquam ligula sem, aliquet sit amet nisi ac, dignissim porta ipsum.<\/p>","protected":false},"author":9,"featured_media":5719,"comment_status":"open","ping_status":"open","sticky":false,"template":"","format":"standard","meta":{"_monsterinsights_skip_tracking":false,"_monsterinsights_sitenote_active":false,"_monsterinsights_sitenote_note":"","_monsterinsights_sitenote_category":0,"footnotes":""},"categories":[40],"tags":[93,91,89,48,92,47,96,90,88],"class_list":["post-5706","post","type-post","status-publish","format-standard","has-post-thumbnail","hentry","category-blog","tag-disenadores-sostenibles","tag-ethical-fashion","tag-moda-etica","tag-moda-latina","tag-moda-latinoamericana","tag-moda-sostenible","tag-moda-sustentable","tag-sustainable","tag-universo-mola"],"_links":{"self":[{"href":"https:\/\/universomola.com\/en\/wp-json\/wp\/v2\/posts\/5706","targetHints":{"allow":["GET"]}}],"collection":[{"href":"https:\/\/universomola.com\/en\/wp-json\/wp\/v2\/posts"}],"about":[{"href":"https:\/\/universomola.com\/en\/wp-json\/wp\/v2\/types\/post"}],"author":[{"embeddable":true,"href":"https:\/\/universomola.com\/en\/wp-json\/wp\/v2\/users\/9"}],"replies":[{"embeddable":true,"href":"https:\/\/universomola.com\/en\/wp-json\/wp\/v2\/comments?post=5706"}],"version-history":[{"count":1,"href":"https:\/\/universomola.com\/en\/wp-json\/wp\/v2\/posts\/5706\/revisions"}],"predecessor-version":[{"id":5722,"href":"https:\/\/universomola.com\/en\/wp-json\/wp\/v2\/posts\/5706\/revisions\/5722"}],"wp:featuredmedia":[{"embeddable":true,"href":"https:\/\/universomola.com\/en\/wp-json\/wp\/v2\/media\/5719"}],"wp:attachment":[{"href":"https:\/\/universomola.com\/en\/wp-json\/wp\/v2\/media?parent=5706"}],"wp:term":[{"taxonomy":"category","embeddable":true,"href":"https:\/\/universomola.com\/en\/wp-json\/wp\/v2\/categories?post=5706"},{"taxonomy":"post_tag","embeddable":true,"href":"https:\/\/universomola.com\/en\/wp-json\/wp\/v2\/tags?post=5706"}],"curies":[{"name":"wp","href":"https:\/\/api.w.org\/{rel}","templated":true}]}}