{"id":5718,"date":"2021-01-18T20:54:09","date_gmt":"2021-01-18T23:54:09","guid":{"rendered":"http:\/\/desarrollosdeprueba.xyz\/universo_mola\/?p=5718"},"modified":"2021-08-08T20:57:57","modified_gmt":"2021-08-08T23:57:57","slug":"astrologia","status":"publish","type":"post","link":"https:\/\/universomola.com\/en\/astrologia\/","title":{"rendered":"ASTROLOG\u00cdA"},"content":{"rendered":"<div class=\"fusion-fullwidth fullwidth-box fusion-builder-row-1 fusion-flex-container nonhundred-percent-fullwidth non-hundred-percent-height-scrolling\" style=\"--awb-border-radius-top-left:0px;--awb-border-radius-top-right:0px;--awb-border-radius-bottom-right:0px;--awb-border-radius-bottom-left:0px;--awb-flex-wrap:wrap;\" ><div class=\"fusion-builder-row fusion-row fusion-flex-align-items-flex-start fusion-flex-content-wrap\" style=\"max-width:1248px;margin-left: calc(-4% \/ 2 );margin-right: calc(-4% \/ 2 );\"><div class=\"fusion-layout-column fusion_builder_column fusion-builder-column-0 fusion_builder_column_1_1 1_1 fusion-flex-column\" style=\"--awb-bg-size:cover;--awb-width-large:100%;--awb-margin-top-large:0px;--awb-spacing-right-large:1.92%;--awb-margin-bottom-large:0px;--awb-spacing-left-large:1.92%;--awb-width-medium:100%;--awb-spacing-right-medium:1.92%;--awb-spacing-left-medium:1.92%;--awb-width-small:100%;--awb-spacing-right-small:1.92%;--awb-spacing-left-small:1.92%;\"><div class=\"fusion-column-wrapper fusion-flex-justify-content-flex-start fusion-content-layout-column\"><div class=\"fusion-text fusion-text-1\"><p><em><span style=\"color: #33cccc;\">Escrito por: Noticias <\/span><\/em><em><span style=\"color: #33cccc;\">de Universo MOLA<\/span><\/em><\/p>\n<p><i><span style=\"font-weight: 400;\">Por Victoria Ariz\u00e1balo, Colaboradora Uruguay \/ Imagen portada: Pinterest<\/span><\/i><\/p>\n<p><span style=\"font-weight: 400;\">Seguro hemos escuchado alguna vez: <\/span><i><span style=\"font-weight: 400;\">No puedo comunicarme\u00a0 \u00a1Seguro es culpa de Mercurio Retr\u00f3grado! <\/span><\/i><span style=\"font-weight: 400;\">como si este pobre chiquit\u00edn, fuera tan poderoso, -que de hecho si lo es pero no de este modo- y tuviera la culpa de lo que nos sucede.<\/span><\/p>\n<p><span style=\"font-weight: 400;\">Es as\u00ed, que vista la Astrolog\u00eda de forma \u201ctradicional\u201d le concedemos la responsabilidad a los planetas y a los signos zodiacales en la llegada de un nuevo amor, la firma de un contrato o un nuevo empleo, como si las situaciones nos cayeran del cielo gracias a ellos.<\/span><\/p>\n<p><b>Nada de lo que nos sucede, es precisamente por culpa de <\/b><b><i>Mercurio retr\u00f3grado o porque Venus, <\/i><\/b><b>el planeta del deseo, est\u00e9 en tu signo.<\/b><\/p>\n<p><span style=\"font-weight: 400;\">La percepci\u00f3n que tenemos del concepto de Astrolog\u00eda, tiende a visualizarla de un modo fantasioso hasta m\u00edstico. Un poco, se debe su representaci\u00f3n por el universo, las estrellas, el cielo, esa inmensidad en la que estamos sumergidos. Y por otro lado, lo que como seres humanos hemos construido culturalmente, vincul\u00e1ndola \u00fanicamente a los Hor\u00f3scopos cuando solo es una alternativa de manifestar la Astrolog\u00eda.<\/span><\/p>\n<p><span style=\"font-weight: 400;\">Los hor\u00f3scopos son predicciones del futuro, seg\u00fan las posiciones planetarias el d\u00eda de nuestro nacimiento. Entonces <\/span><b>\u00bfrealmente creemos que el Hor\u00f3scopo mensual podr\u00eda predecir el futuro de todas las personas de cada signo zodiacal?<\/b><span style=\"font-weight: 400;\"> Claro que no, somos diversidad, en cada individuo hay circunstancias, contextos y percepciones distintas.\u00a0<\/span><\/p>\n<p><span style=\"font-weight: 400;\">Solo si as\u00ed fuera, todos podr\u00edamos culpar a Mercurio Retr\u00f3grado de nuestras fallas de comunicaci\u00f3n haci\u00e9ndole llegar nuestro disgusto a 222 millones de kil\u00f3metros,\u00a0 pero la realidad es que la Astrolog\u00eda es mucho m\u00e1s que eso: <\/span><b>es una interpretaci\u00f3n, y las interpretaciones tienen un car\u00e1cter personal.<\/b><\/p>\n<p><span style=\"font-weight: 400;\">Mia Pineda, astr\u00f3loga, cabalista, life coach, entre otras disciplinas complementarias, es conocida en redes sociales como\u00a0 Mia Astral. Su objetivo, lejos de predecir el futuro, se enfoca en brindar herramientas e informaci\u00f3n para elevar nuestra conciencia y crecimiento personal. Aprovechando la energ\u00eda disponible y realizando nuestras propias reflexiones e interpretaci\u00f3n gracias a su gu\u00eda.<\/span><\/p>\n<p><b>Es as\u00ed que, nos define la Astrolog\u00eda como \u201cLeer los tr\u00e1nsitos planetarios en relaci\u00f3n a la tierra y notar como lo que est\u00e1n haciendo se est\u00e1 reflejando en\u00a0 la tierra\u201d<\/b><\/p>\n<p><span style=\"font-weight: 400;\">En sus redes, pueden encontrar mucha informaci\u00f3n de utilidad si les interesa el crecimiento personal, y por sobre todo <\/span><i><span style=\"font-weight: 400;\">el descubrimiento de nuestro propio potencial para expandirnos con los dem\u00e1s.\u00a0<\/span><\/i><\/p>\n<p><span style=\"font-weight: 400;\">\u00a1Eso si! Al iniciar el proceso, no creo que puedan abandonar la partida, desde mi experiencia, es un recorrido de continuo aprendizaje maravilloso. \u00bfPor qu\u00e9 menciono a Mia? En un a\u00f1o extra\u00f1o, donde el aislamiento nos invit\u00f3 a cuestionar todas nuestras creencias mediante la introspecci\u00f3n personal, fue una gran referente en mi crecimiento personal.\u00a0<\/span><\/p>\n<p><span style=\"font-weight: 400;\">Sus publicaciones se volvieron el <\/span><i><span style=\"font-weight: 400;\">diario de mis ma\u00f1anas<\/span><\/i><span style=\"font-weight: 400;\">, su podcast <\/span><i><span style=\"font-weight: 400;\">mi radio de mediod\u00eda, <\/span><\/i><span style=\"font-weight: 400;\">su blog <\/span><i><span style=\"font-weight: 400;\">mi libro por las noches<\/span><\/i><span style=\"font-weight: 400;\">. Y as\u00ed, se gener\u00f3 un h\u00e1bito: utilizar la comunicaci\u00f3n como una herramienta para incorporar conocimiento.<\/span><\/p>\n<p><b>Son tambi\u00e9n sus valores respecto a la construcci\u00f3n de la comunidad, lo que me llev\u00f3 a mencionarla en relaci\u00f3n a la Fundaci\u00f3n Entre Soles y Lunas y Universo MOLA, considerando el potencial individual como punta pie para entregar lo mejor de nosotros, promover la calidad de vida humana y crecer colectivamente.\u00a0<\/b><\/p>\n<p><span style=\"font-weight: 400;\">Como les mencion\u00e9 anteriormente, no se trata de predicciones o \u201chaz hoy tal cosa\u201d, se trata de tomar la informaci\u00f3n desde nuestro contexto, e integrarla con nuestra propia interpretaci\u00f3n. <\/span><b>Yo dir\u00eda, invitar a bailar a los astros a nuestro mundo interno y tirar pasos juntos de la mano.<\/b><\/p>\n<p><b>Ahora bien, \u00bfc\u00f3mo podemos entonces aplicar la astrolog\u00eda a nuestra vida diaria?<\/b><\/p>\n<p><span style=\"font-weight: 400;\">Empecemos por conocer nuestra famosa <\/span><b>Carta Astral<\/b><span style=\"font-weight: 400;\">, la cual dispondr\u00e1 los planetas seg\u00fan la fecha, hora y espacio de nuestro nacimiento.<\/span><\/p>\n<p><span style=\"font-weight: 400;\">Esta primer herramienta, como menciona Mia Astral, es algo as\u00ed como nuestro <\/span><i><span style=\"font-weight: 400;\">ADN C\u00f3smico: <\/span><\/i><span style=\"font-weight: 400;\">signo de sol, ascendente, Luna, Nodos Lunares y dem\u00e1s, ubicados en una Casa Astral y signo determinado, responsables de ciertos <\/span><i><span style=\"font-weight: 400;\">lineamientos <\/span><\/i><span style=\"font-weight: 400;\">en nuestro camino.<\/span><\/p>\n<p><span style=\"font-weight: 400;\">Pero OJO, eso no quiere decir que nuestro cassette ya est\u00e1 grabado y que dichos tr\u00e1nsitos nos marquen de por vida, recordemos que ante todo, se trata de <\/span><i><span style=\"font-weight: 400;\">crecimiento personal <\/span><\/i><span style=\"font-weight: 400;\">y eso incluye una transformaci\u00f3n constante.<\/span><\/p>\n<p><img decoding=\"async\" class=\"alignnone size-full wp-image-5724 lazyload\" data-src=\"http:\/\/desarrollosdeprueba.xyz\/universo_mola\/wp-content\/uploads\/2021\/08\/Captura261.png\" alt=\"\" width=\"441\" height=\"427\" data-srcset=\"https:\/\/universomola.com\/wp-content\/uploads\/2021\/08\/Captura261-200x194.png 200w, https:\/\/universomola.com\/wp-content\/uploads\/2021\/08\/Captura261-300x290.png 300w, https:\/\/universomola.com\/wp-content\/uploads\/2021\/08\/Captura261-400x387.png 400w, https:\/\/universomola.com\/wp-content\/uploads\/2021\/08\/Captura261.png 441w\" data-sizes=\"(max-width: 441px) 100vw, 441px\" src=\"data:image\/svg+xml;base64,PHN2ZyB3aWR0aD0iMSIgaGVpZ2h0PSIxIiB4bWxucz0iaHR0cDovL3d3dy53My5vcmcvMjAwMC9zdmciPjwvc3ZnPg==\" style=\"--smush-placeholder-width: 441px; --smush-placeholder-aspect-ratio: 441\/427;\" \/><\/p>\n<p><span style=\"font-weight: 400;\">Las Casas Astrales, son 12, representando cada una un \u00e1rea espec\u00edfica, por ejemplo, en la primera casa, se ubica nuestro ascendente, y \u00e9sta representa la expresi\u00f3n del yo.\u00a0<\/span><\/p>\n<p><span style=\"font-weight: 400;\">Los signos zodiacales tambi\u00e9n son 12, cada uno con sus respectivas cualidades dependiendo del elemento que lo represente: tierra, aire, agua o fuego, como tambi\u00e9n su planeta regente.<\/span><\/p>\n<p><b>Hablemos un poco del significado estos elementos<\/b><span style=\"font-weight: 400;\">, el signo de Sol, ese que llamamos Mi signo, encargado de guiarnos en nuestra meta de vida y c\u00f3mo nos expresamos frente al mundo externo, de lo contrario, el Ascendente nos conecta con nuestro interior m\u00e1s profundo, vinculado a lo que queremos llegar a ser y su camino.<\/span><\/p>\n<p><b>La luna<\/b><span style=\"font-weight: 400;\">, es la manera en que percibimos el mundo, dado que rige nuestras emociones. Representa el primer v\u00ednculo que tenemos al nacer, \u00bfsaben cu\u00e1l? Si! el v\u00ednculo que tenemos con mam\u00e1 y por ello se habla de la luna como Alimentaci\u00f3n Emocional, porque dependiendo de la relaci\u00f3n con ella, con quien nos supo cuidar y alimentar a su manera, percibiremos las situaciones de nuestra vida.<\/span><\/p>\n<p><span style=\"font-weight: 400;\">Posicionados en polos opuestos pero unidos a trav\u00e9s de un eje que los intersecta, en nuestra cara se encuentran los Nodos Lunares, tambi\u00e9n conocidos como nodos del Karma,\u00a0 regidos por signos opuestos.<\/span><\/p>\n<p><b>\u00bfPor qu\u00e9 nodos del Karma?<\/b><span style=\"font-weight: 400;\"> Los principios de la reencarnaci\u00f3n en la Astrolog\u00eda k\u00e1rmica, hacen referencia al nodo Sur como nuestro pasado, y al nodo Norte como el futuro y la lecci\u00f3n que hemos venido a incorporar en esta vida.<\/span><\/p>\n<p><i><span style=\"font-weight: 400;\">Figura 2. Puntos importantes de tu carta natal, Mia Astral<\/span><\/i><\/p>\n<p><span style=\"font-weight: 400;\">Ahora que conocemos un poco de la composici\u00f3n de nuestra carta, \u00a1pong\u00e1moslo en pr\u00e1ctica! En la p\u00e1gina <\/span><b>astro.com<\/b><span style=\"font-weight: 400;\"> podemos introducir nuestros datos personales para conocer mejor nuestro ADN C\u00f3smico, potenciar nuestras capacidades y adentrarnos en el camino del crecimiento personal para entregar nuestra m\u00e1xima expresi\u00f3n y generar un crecimiento colectivo desde esta herramienta que es la Astrolog\u00eda.<\/span><\/p>\n<p><span style=\"font-weight: 400;\">\u00a0<\/span><\/p>\n<p><span style=\"color: #999999;\"><span style=\"font-weight: 400;\">\u00a0<\/span><b>Bibliograf\u00eda:<\/b><\/span><\/p>\n<p><span style=\"color: #999999;\"><span style=\"font-weight: 400;\">Frangie, A., Sahag\u00fan, L. (28\/04\/2020). Se regalan dudas. \u00bfY si ya no quiero vivir en autom\u00e1tico? &#8211; Invitada: Mia Astral. Recuperado de:<\/span><a style=\"color: #999999;\" href=\"https:\/\/open.spotify.com\/episode\/0IMHOIa5hl1NHoJIbIVJx5?si=KiTIvKRsQmO3jBpgRf0Eow\"><span style=\"font-weight: 400;\"> https:\/\/open.spotify.com\/episode\/0IMHOIa5hl1NHoJIbIVJx5?si=KiTIvKRsQmO3jBpgRf0Eow<\/span><\/a><\/span><\/p>\n<p><span style=\"color: #999999;\"><span style=\"font-weight: 400;\">Mia Astral. (04\/12\/2018). Luna: Alimentaci\u00f3n Emocional. Recuperado de:<\/span><a style=\"color: #999999;\" href=\"https:\/\/miastral.com\/lunaalimentacion-emocional\/\"><span style=\"font-weight: 400;\"> https:\/\/miastral.com\/lunaalimentacion-emocional\/<\/span><\/a><\/span><\/p>\n<p><span style=\"color: #999999;\"><span style=\"font-weight: 400;\">Mia Astral. (08\/04\/2020). El ascendente: la puerta a la conexi\u00f3n con la luz. Recuperado de:<\/span><a style=\"color: #999999;\" href=\"https:\/\/miastral.com\/el-ascendente-la-puerta-a-la-conexion-con-la-luz\/\"><span style=\"font-weight: 400;\"> https:\/\/miastral.com\/el-ascendente-la-puerta-a-la-conexion-con-la-luz\/<\/span><\/a><\/span><\/p>\n<p><span style=\"color: #999999;\"><span style=\"font-weight: 400;\">Mia Astral. (12\/03\/2018). Lecciones de Astrolog\u00eda: Los puntos importantes de tu carta natal. Recuperado de:<\/span><a style=\"color: #999999;\" href=\"https:\/\/miastral.com\/lecciones-de-astrologia-los-puntos-importantes-en-tu-carta-natal\/\"><span style=\"font-weight: 400;\"> https:\/\/miastral.com\/lecciones-de-astrologia-los-puntos-importantes-en-tu-carta-natal\/<\/span><\/a><\/span><\/p>\n<p><span style=\"color: #999999;\"><b>Figuras:<\/b><\/span><\/p>\n<p><span style=\"color: #999999;\"><span style=\"font-weight: 400;\">Real goya. (2013) Carta Astral [Figura 1]. Recuperado de:<\/span><a style=\"color: #999999;\" href=\"http:\/\/www.realgoya.com\/goya-carta-astral-por-carlos-bogdanich\/\"><span style=\"font-weight: 400;\"> http:\/\/www.realgoya.com\/goya-carta-astral-por-carlos-bogdanich\/<\/span><\/a><\/span><\/p>\n<p><span style=\"font-weight: 400; color: #999999;\">Mia Astral. (2019) [Figura 2] Recuperado de:<\/span><a href=\"https:\/\/miastral.com\/lecciones-de-astrologia-los-puntos-importantes-en-tu-carta-natal\/\"> <span style=\"font-weight: 400;\"><span style=\"color: #999999;\">https:\/\/miastral.com\/lecciones-de-astrol<\/span>ogia-los-puntos-importantes-en-tu-carta-natal\/<\/span><\/a><\/p>\n<\/div><\/div><\/div><\/div><\/div>","protected":false},"excerpt":{"rendered":"<p>Lorem ipsum dolor sit amet, consectetur adipiscing elit. Nam pharetra dictum eleifend. Sed posuere magna at luctus pretium. Aliquam ligula sem, aliquet sit amet nisi ac, dignissim porta ipsum.<\/p>","protected":false},"author":9,"featured_media":5723,"comment_status":"open","ping_status":"open","sticky":false,"template":"","format":"standard","meta":{"_monsterinsights_skip_tracking":false,"_monsterinsights_sitenote_active":false,"_monsterinsights_sitenote_note":"","_monsterinsights_sitenote_category":0,"footnotes":""},"categories":[40],"tags":[93,89,48,92,47,96,88],"class_list":["post-5718","post","type-post","status-publish","format-standard","has-post-thumbnail","hentry","category-blog","tag-disenadores-sostenibles","tag-moda-etica","tag-moda-latina","tag-moda-latinoamericana","tag-moda-sostenible","tag-moda-sustentable","tag-universo-mola"],"_links":{"self":[{"href":"https:\/\/universomola.com\/en\/wp-json\/wp\/v2\/posts\/5718","targetHints":{"allow":["GET"]}}],"collection":[{"href":"https:\/\/universomola.com\/en\/wp-json\/wp\/v2\/posts"}],"about":[{"href":"https:\/\/universomola.com\/en\/wp-json\/wp\/v2\/types\/post"}],"author":[{"embeddable":true,"href":"https:\/\/universomola.com\/en\/wp-json\/wp\/v2\/users\/9"}],"replies":[{"embeddable":true,"href":"https:\/\/universomola.com\/en\/wp-json\/wp\/v2\/comments?post=5718"}],"version-history":[{"count":1,"href":"https:\/\/universomola.com\/en\/wp-json\/wp\/v2\/posts\/5718\/revisions"}],"predecessor-version":[{"id":5728,"href":"https:\/\/universomola.com\/en\/wp-json\/wp\/v2\/posts\/5718\/revisions\/5728"}],"wp:featuredmedia":[{"embeddable":true,"href":"https:\/\/universomola.com\/en\/wp-json\/wp\/v2\/media\/5723"}],"wp:attachment":[{"href":"https:\/\/universomola.com\/en\/wp-json\/wp\/v2\/media?parent=5718"}],"wp:term":[{"taxonomy":"category","embeddable":true,"href":"https:\/\/universomola.com\/en\/wp-json\/wp\/v2\/categories?post=5718"},{"taxonomy":"post_tag","embeddable":true,"href":"https:\/\/universomola.com\/en\/wp-json\/wp\/v2\/tags?post=5718"}],"curies":[{"name":"wp","href":"https:\/\/api.w.org\/{rel}","templated":true}]}}