{"id":5726,"date":"2020-12-09T20:55:33","date_gmt":"2020-12-09T23:55:33","guid":{"rendered":"http:\/\/desarrollosdeprueba.xyz\/universo_mola\/?p=5726"},"modified":"2021-08-08T21:00:25","modified_gmt":"2021-08-09T00:00:25","slug":"crecimiento-personal","status":"publish","type":"post","link":"https:\/\/universomola.com\/en\/crecimiento-personal\/","title":{"rendered":"CRECIMIENTO PERSONAL"},"content":{"rendered":"<div class=\"fusion-fullwidth fullwidth-box fusion-builder-row-1 fusion-flex-container nonhundred-percent-fullwidth non-hundred-percent-height-scrolling\" style=\"--awb-border-radius-top-left:0px;--awb-border-radius-top-right:0px;--awb-border-radius-bottom-right:0px;--awb-border-radius-bottom-left:0px;--awb-flex-wrap:wrap;\" ><div class=\"fusion-builder-row fusion-row fusion-flex-align-items-flex-start fusion-flex-content-wrap\" style=\"max-width:1248px;margin-left: calc(-4% \/ 2 );margin-right: calc(-4% \/ 2 );\"><div class=\"fusion-layout-column fusion_builder_column fusion-builder-column-0 fusion_builder_column_1_1 1_1 fusion-flex-column\" style=\"--awb-bg-size:cover;--awb-width-large:100%;--awb-margin-top-large:0px;--awb-spacing-right-large:1.92%;--awb-margin-bottom-large:0px;--awb-spacing-left-large:1.92%;--awb-width-medium:100%;--awb-spacing-right-medium:1.92%;--awb-spacing-left-medium:1.92%;--awb-width-small:100%;--awb-spacing-right-small:1.92%;--awb-spacing-left-small:1.92%;\"><div class=\"fusion-column-wrapper fusion-flex-justify-content-flex-start fusion-content-layout-column\"><div class=\"fusion-text fusion-text-1\"><\/div><div class=\"fusion-text fusion-text-2\"><p><span style=\"color: #33cccc;\"><i><span style=\"font-weight: 400;\">Por Victoria Arizabalo, Colaboradora Uruguay \/ Imagen portada: Instagram Javier Arroyuelo<\/span><\/i><\/span><\/p>\n<p><b>Cuando incorporamos aprendizaje mediante la experiencia, la teor\u00eda, las relaciones y todo aquello que aporta al desarrollo de la calidad de vida de los seres humanos, crecemos en el \u00e1mbito personal.<\/b><\/p>\n<p><span style=\"font-weight: 400;\">Ahora bien, para que realmente se considere crecimiento personal, es necesario que se manifieste desde nuestra consciencia, mediante valores humanos y hacia el bien colectivo. \u00bfNo creen? C\u00f3mo podr\u00edamos sino, desarrollar este crecimiento si no es desde nuestra consciencia y con los otros para sentir la expansi\u00f3n recorrer nuestro cuerpo.<\/span><\/p>\n<p><span style=\"font-weight: 400;\">Durante nuestro camino, nos enfrentamos a situaciones y personas que nos obligan a tomar decisiones, porque vivimos con prop\u00f3sito, objetivos y metas por alcanzar. Personalmente, mi visi\u00f3n y enfoque ante la tem\u00e1tica, se ve influenciada por la Astrolog\u00eda, una herramienta para aprovechar la energ\u00eda disponible de los astros y su poder seg\u00fan nuestra disposici\u00f3n ante las situaciones.<\/span><\/p>\n<p><span style=\"font-weight: 400;\">No creo que haya un \u00fanico m\u00e9todo, independientemente de la disciplina en la que nos apoyemos, considero que hay tres herramientas fundamentales para nuestro crecimiento personal:<\/span><\/p>\n<p><b>1- Consciencia<\/b><\/p>\n<p><img decoding=\"async\" class=\"size-full wp-image-5729 aligncenter lazyload\" data-src=\"http:\/\/desarrollosdeprueba.xyz\/universo_mola\/wp-content\/uploads\/2021\/08\/70.png\" alt=\"\" width=\"265\" height=\"417\" data-srcset=\"https:\/\/universomola.com\/wp-content\/uploads\/2021\/08\/70-191x300.png 191w, https:\/\/universomola.com\/wp-content\/uploads\/2021\/08\/70-200x315.png 200w, https:\/\/universomola.com\/wp-content\/uploads\/2021\/08\/70.png 265w\" data-sizes=\"(max-width: 265px) 100vw, 265px\" src=\"data:image\/svg+xml;base64,PHN2ZyB3aWR0aD0iMSIgaGVpZ2h0PSIxIiB4bWxucz0iaHR0cDovL3d3dy53My5vcmcvMjAwMC9zdmciPjwvc3ZnPg==\" style=\"--smush-placeholder-width: 265px; --smush-placeholder-aspect-ratio: 265\/417;\" \/><\/p>\n<p><b>Somos responsables de construir nuestra propia realidad<\/b><span style=\"font-weight: 400;\">, la cual manifestamos en nuestro d\u00eda a d\u00eda seg\u00fan nuestra\u200b <\/span><i><span style=\"font-weight: 400;\">consciencia. <\/span><\/i><span style=\"font-weight: 400;\">Es as\u00ed que les propongo preguntarnos, \u00bfc\u00f3mo podr\u00edamos trabajarla? Sencillamente estando presentes en las tareas que realizamos diariamente, concentrandonos en la actividad como tal, y no en el tiempo que requiera o en lo que debemos hacer despu\u00e9s.Digo sencillamente, porque es posible llevarlo a cabo al pelar una papa, o al gestionar las finanzas de una empresa.<\/span><\/p>\n<p><span style=\"font-weight: 400;\">La dificultad no est\u00e1 all\u00ed, sino en desapegarnos de las emociones que culturalmente tenemos incorporadas al realizar tareas diarias: cu\u00e1nto m\u00e1s repleta mi TO DO list, \u00a1m\u00e1s productiv@ ser\u00e9! Cu\u00e1nto m\u00e1s estr\u00e9s, \u00a1m\u00e1s exitoso! <\/span><b>Apagar el piloto autom\u00e1tico en el que vivimos actualmente, es el secreto para elevar nuestra conciencia<\/b><span style=\"font-weight: 400;\"> y manifestar nuestra realidad desde \u200b<\/span><i><span style=\"font-weight: 400;\">valores <\/span><\/i><span style=\"font-weight: 400;\">que beneficien la calidad de nuestra vida y la de los dem\u00e1s.<\/span><\/p>\n<p><b>2- Valores<\/b><\/p>\n<p><span style=\"font-weight: 400;\">Al trabajar la consciencia,<\/span><b> las emociones que incrementen nuestra energ\u00eda positiva vendr\u00e1n sin ser llamadas<\/b><span style=\"font-weight: 400;\">, y con ellas el poder de sentirnos bien con uno mismo, para poder entregar lo mejor ante los dem\u00e1s. Solo haciendo un previo reconocimiento e integraci\u00f3n de nuestro valor interno, podremos ser con los otros y entregarnos en m\u00e1xima expresi\u00f3n. Durante mucho tiempo me he preguntado <\/span><b>\u00bflas personas cambiamos?<\/b><span style=\"font-weight: 400;\"> Considerando que cambiar en es sustituir una cosa por otra, est\u00e1 claro que no es el t\u00e9rmino adecuado referido al crecimiento personal, \u200b<\/span><i><span style=\"font-weight: 400;\">vivimos en constante transformaci\u00f3n.<\/span><\/i><\/p>\n<p><b>Nuestra esencia, esa peque\u00f1a dosis con la que nacemos y nos hace \u00fanicos, tal vez no cambie.<\/b><span style=\"font-weight: 400;\">Pero, nos transformamos durante toda nuestra vida, percibiendo la misma situaci\u00f3n desde otro punto de vista, aprendiendo algo distinto de ella, afrontando circunstancias de otro modo, reconociendo que es lo que nos corresponde para integrar y avanzar.<\/span><\/p>\n<p><b>3- Relaciones<\/b><\/p>\n<p><img decoding=\"async\" class=\"wp-image-5732 aligncenter lazyload\" data-src=\"http:\/\/desarrollosdeprueba.xyz\/universo_mola\/wp-content\/uploads\/2021\/08\/71-1.png\" alt=\"\" width=\"185\" height=\"341\" src=\"data:image\/svg+xml;base64,PHN2ZyB3aWR0aD0iMSIgaGVpZ2h0PSIxIiB4bWxucz0iaHR0cDovL3d3dy53My5vcmcvMjAwMC9zdmciPjwvc3ZnPg==\" style=\"--smush-placeholder-width: 185px; --smush-placeholder-aspect-ratio: 185\/341;\" \/><\/p>\n<p><span style=\"font-weight: 400;\">Son la herramienta que la vida nos brinda para <\/span><b>poder integrar aquello que necesitamos<\/b><span style=\"font-weight: 400;\"> y as\u00ed \u200b<\/span><i><span style=\"font-weight: 400;\">pasar al siguiente nivel <\/span><\/i><span style=\"font-weight: 400;\">\u200bcomo quien juega un videojuegos.<\/span><b>Vivir con prop\u00f3sito, objetivos y metas por alcanzar<\/b><span style=\"font-weight: 400;\">, nos enfrenta a situaciones acompa\u00f1adas de personas oblig\u00e1ndonos a tomar decisiones, vencer miedos y tomar acci\u00f3n. As\u00ed de repente sin darnos cuenta: UPS! llega el llamado \u200b<\/span><i><span style=\"font-weight: 400;\">crecimiento personal. <\/span><\/i><b>Crecer solos no es posible<\/b><span style=\"font-weight: 400;\">, si bien no hay una \u00fanica receta, lo que no puedes sustituir son los ingredientes: la \u200b<\/span><i><span style=\"font-weight: 400;\">awareness <\/span><\/i><span style=\"font-weight: 400;\">individual nos alinea con \u200b<\/span><i><span style=\"font-weight: 400;\">valores <\/span><\/i><span style=\"font-weight: 400;\">que promueven la calidad de vida, y en \u200b<\/span><i><span style=\"font-weight: 400;\">relaci\u00f3n<\/span><\/i><span style=\"font-weight: 400;\">\u200b, se reflejan beneficiando al colectivo.<\/span><\/p>\n<p><span style=\"font-weight: 400;\">\u00a0<\/span><\/p>\n<p><span style=\"font-weight: 400;\">Im\u00e1genes:<\/span><\/p>\n<p><span style=\"font-weight: 400;\">Mente Wallpaper. Recuperado de: \u200b<\/span><a href=\"https:\/\/pin.it\/6LWVi7c\"><span style=\"font-weight: 400;\">https:\/\/pin.it\/6LWVi7c<\/span><\/a><\/p>\n<p><span style=\"font-weight: 400;\">M\u00eda astral (23\/09\/2020) Recuperado de: <\/span><a href=\"https:\/\/s32740.pcdn.co\/wp-content\/uploads\/2020\/09\/wallpaper-frase-libra-v3.png\"><span style=\"font-weight: 400;\">https:\/\/s32740.pcdn.co\/wp-content\/uploads\/2020\/09\/wallpaper-frase-libra-v3.png<\/span><\/a><\/p>\n<\/div><\/div><\/div><\/div><\/div>","protected":false},"excerpt":{"rendered":"<p>Lorem ipsum dolor sit amet, consectetur adipiscing elit. Nam pharetra dictum eleifend. Sed posuere magna at luctus pretium. Aliquam ligula sem, aliquet sit amet nisi ac, dignissim porta ipsum.<\/p>","protected":false},"author":9,"featured_media":5731,"comment_status":"open","ping_status":"open","sticky":false,"template":"","format":"standard","meta":{"_monsterinsights_skip_tracking":false,"_monsterinsights_sitenote_active":false,"_monsterinsights_sitenote_note":"","_monsterinsights_sitenote_category":0,"footnotes":""},"categories":[40],"tags":[93,91,89,48,92,47,96,90,88],"class_list":["post-5726","post","type-post","status-publish","format-standard","has-post-thumbnail","hentry","category-blog","tag-disenadores-sostenibles","tag-ethical-fashion","tag-moda-etica","tag-moda-latina","tag-moda-latinoamericana","tag-moda-sostenible","tag-moda-sustentable","tag-sustainable","tag-universo-mola"],"_links":{"self":[{"href":"https:\/\/universomola.com\/en\/wp-json\/wp\/v2\/posts\/5726","targetHints":{"allow":["GET"]}}],"collection":[{"href":"https:\/\/universomola.com\/en\/wp-json\/wp\/v2\/posts"}],"about":[{"href":"https:\/\/universomola.com\/en\/wp-json\/wp\/v2\/types\/post"}],"author":[{"embeddable":true,"href":"https:\/\/universomola.com\/en\/wp-json\/wp\/v2\/users\/9"}],"replies":[{"embeddable":true,"href":"https:\/\/universomola.com\/en\/wp-json\/wp\/v2\/comments?post=5726"}],"version-history":[{"count":1,"href":"https:\/\/universomola.com\/en\/wp-json\/wp\/v2\/posts\/5726\/revisions"}],"predecessor-version":[{"id":5734,"href":"https:\/\/universomola.com\/en\/wp-json\/wp\/v2\/posts\/5726\/revisions\/5734"}],"wp:featuredmedia":[{"embeddable":true,"href":"https:\/\/universomola.com\/en\/wp-json\/wp\/v2\/media\/5731"}],"wp:attachment":[{"href":"https:\/\/universomola.com\/en\/wp-json\/wp\/v2\/media?parent=5726"}],"wp:term":[{"taxonomy":"category","embeddable":true,"href":"https:\/\/universomola.com\/en\/wp-json\/wp\/v2\/categories?post=5726"},{"taxonomy":"post_tag","embeddable":true,"href":"https:\/\/universomola.com\/en\/wp-json\/wp\/v2\/tags?post=5726"}],"curies":[{"name":"wp","href":"https:\/\/api.w.org\/{rel}","templated":true}]}}