{"id":5730,"date":"2021-01-22T20:59:09","date_gmt":"2021-01-22T23:59:09","guid":{"rendered":"http:\/\/desarrollosdeprueba.xyz\/universo_mola\/?p=5730"},"modified":"2021-08-08T21:00:42","modified_gmt":"2021-08-09T00:00:42","slug":"la-moda-puede-ser-mas-inclusiva","status":"publish","type":"post","link":"https:\/\/universomola.com\/en\/la-moda-puede-ser-mas-inclusiva\/","title":{"rendered":"LA MODA PUEDE SER M\u00c1S INCLUSIVA"},"content":{"rendered":"<div class=\"fusion-fullwidth fullwidth-box fusion-builder-row-1 fusion-flex-container nonhundred-percent-fullwidth non-hundred-percent-height-scrolling\" style=\"--awb-border-radius-top-left:0px;--awb-border-radius-top-right:0px;--awb-border-radius-bottom-right:0px;--awb-border-radius-bottom-left:0px;--awb-flex-wrap:wrap;\" ><div class=\"fusion-builder-row fusion-row fusion-flex-align-items-flex-start fusion-flex-content-wrap\" style=\"max-width:1248px;margin-left: calc(-4% \/ 2 );margin-right: calc(-4% \/ 2 );\"><div class=\"fusion-layout-column fusion_builder_column fusion-builder-column-0 fusion_builder_column_1_1 1_1 fusion-flex-column\" style=\"--awb-bg-size:cover;--awb-width-large:100%;--awb-margin-top-large:0px;--awb-spacing-right-large:1.92%;--awb-margin-bottom-large:0px;--awb-spacing-left-large:1.92%;--awb-width-medium:100%;--awb-spacing-right-medium:1.92%;--awb-spacing-left-medium:1.92%;--awb-width-small:100%;--awb-spacing-right-small:1.92%;--awb-spacing-left-small:1.92%;\"><div class=\"fusion-column-wrapper fusion-flex-justify-content-flex-start fusion-content-layout-column\"><div class=\"fusion-text fusion-text-1\"><p><em><span style=\"color: #33cccc;\">Escrito por: Noticias <\/span><\/em><em><span style=\"color: #33cccc;\">de Universo MOLA<\/span><\/em><\/p>\n<p><span style=\"color: #999999;\"><i><span style=\"font-weight: 400;\">Por Aida Raddi, Colaboradora Argentina \/ Imagen portada: Unsplash<\/span><\/i><\/span><\/p>\n<p><b>Algo sobre mi, me gusta mucho la moda pero me es muy dif\u00edcil vestirme como quisiera ya que hay pocas marcas que hacen talles grandes.<\/b><span style=\"font-weight: 400;\"> S\u00e9 que esto no me pasa solo a mi, porque la falta de representaci\u00f3n de diferentes cuerpos, colores de piel e identidades es un problema que atraviesa toda la industria de la moda. Sin embargo, y por suerte, eso est\u00e1 empezando a cambiar.\u00a0<\/span><\/p>\n<p><span style=\"font-weight: 400;\">Como ejemplo voy a tomar el caso de <\/span><b>Archetype<\/b><span style=\"font-weight: 400;\">, una marca de lencer\u00eda argentina que tiene un recorrido super interesante. Cuando comenz\u00f3, la dise\u00f1adora, Agustina, hac\u00eda todo en su casa y su familia la ayudaba. En ese per\u00edodo, los talles que hac\u00eda eran los est\u00e1ndares: S, M y L. Con el tiempo, empez\u00f3 a notar que sus clientas le compraban los talles m\u00e1s grandes y empez\u00f3 a hacer prendas a pedido, las clientas le dec\u00edan el modelo que quer\u00edan y les mandaban sus medidas. Ah\u00ed confirm\u00f3 que hab\u00eda un gran grupo de mujeres que eran talles XL o m\u00e1s grandes, que quer\u00edan usar lencer\u00eda pero que no encontraban d\u00f3nde comprarla, entonces, decidi\u00f3 apostar y comenzar a incluir a este grupo de mujeres para que ellas tambi\u00e9n puedan sentirse sensuales. Hablando con ella me cont\u00f3 que considera que <\/span><b><i>\u201c<\/i><\/b><b><i>hacer talles es pol\u00edtico, no hacer talles tambi\u00e9n lo es. Algo tan b\u00e1sico y que todxs necesitamos, como es la ropa, le es negado a muchas personas porque sus cuerpos no entran en los est\u00e1ndares de la hegemon\u00eda. Decirle a una persona \u2018vos tambi\u00e9n pod\u00e9s ser parte\u2019 es pol\u00edtico. Decirle a una persona \u2018vos no pod\u00e9s usar mi marca porque no entr\u00e1s\u2019 adem\u00e1s de violento, es pol\u00edtico.\u201d<\/i><\/b><\/p>\n<p><span style=\"font-weight: 400;\">Con esa idea en mente, quiso empezar a incluir a m\u00e1s personas. Fue en ese entonces cuando le envi\u00f3 un conjunto suyo a la activista trans Louis Yupanqui para que lo promocione, pero ella le coment\u00f3 que esas prendas le quedaban un poco inc\u00f3modas, por el tipo de patronaje que no estaba dise\u00f1ado para su cuerpo. Agustina se disculp\u00f3 por no haberlo tenido en cuenta y le pidi\u00f3 que le explicara m\u00e1s al respecto porque quiz\u00e1s podr\u00edan hacer un tipo de ropa interior que le quedara c\u00f3moda. Entonces, de manera muy fluida y casi sin darse cuenta, empezaron a trabajar juntas en una nueva etapa de la marca. Louis me cont\u00f3 que todo fue prueba y error, ya que no exist\u00edan patrones o teor\u00eda de c\u00f3mo hacer este tipo de ropa interior para su cuerpo, entonces probaron diferentes estilos de tela y distintos moldes hasta que dieron con el modelo indicado. Tambi\u00e9n expres\u00f3 que ellas nunca buscaron ser las pioneras ni las \u00fanicas en hacer este producto, sino que esperan que otras marcas se copien y hagan otros modelos, as\u00ed le pueden dar a las personas trans la posibilidad de tener opciones para elegir cual usar.<\/span><b> A su vez, considera que tener variedad para elegir es super necesario <\/b><b><i>\u201cporque la ropa tiene una huella social muy importante. A la gente le genera euforia tener ropa nueva y le incomoda usar ropa con la que no se siente identificada, entonces, es importante que la moda pueda ser cada vez m\u00e1s inclusiva y que abrace pol\u00edticamente a las diversidades\u201d.\u00a0<\/i><\/b><\/p>\n<p><span style=\"font-weight: 400;\">Debo confesar que yo tampoco sab\u00eda de esta problem\u00e1tica que tiene la <\/span><b>comunidad trans<\/b><span style=\"font-weight: 400;\">. Creo que es super importante que existan proyectos como este que ayuden a construir una moda cada vez m\u00e1s inclusiva. La ropa es una cuesti\u00f3n social y, como tal, tiene que estar en constante revisi\u00f3n y actualizaci\u00f3n de las nuevas problem\u00e1ticas que se presentan. Hoy la sociedad es super diversa y todas las personas existen y necesitan vestirse, por ende, es necesario que empiecen a aparecer m\u00e1s proyectos que busquen incluir y ayudar a que todas las personas se sientan c\u00f3modas con su corporalidad. Lo bueno es que las cosas, de a poco, est\u00e1n empezando a ser distintas y cuando aparece un nuevo proyecto similar a este, me da un poco m\u00e1s de esperanzas en que la industria de la moda puede cambiar.<\/span><\/p>\n<\/div><\/div><\/div><\/div><\/div>","protected":false},"excerpt":{"rendered":"<p>Lorem ipsum dolor sit amet, consectetur adipiscing elit. Nam pharetra dictum eleifend. Sed posuere magna at luctus pretium. Aliquam ligula sem, aliquet sit amet nisi ac, dignissim porta ipsum.<\/p>","protected":false},"author":9,"featured_media":5735,"comment_status":"open","ping_status":"open","sticky":false,"template":"","format":"standard","meta":{"_monsterinsights_skip_tracking":false,"_monsterinsights_sitenote_active":false,"_monsterinsights_sitenote_note":"","_monsterinsights_sitenote_category":0,"footnotes":""},"categories":[40],"tags":[93,89,48,92,47,96,88],"class_list":["post-5730","post","type-post","status-publish","format-standard","has-post-thumbnail","hentry","category-blog","tag-disenadores-sostenibles","tag-moda-etica","tag-moda-latina","tag-moda-latinoamericana","tag-moda-sostenible","tag-moda-sustentable","tag-universo-mola"],"_links":{"self":[{"href":"https:\/\/universomola.com\/en\/wp-json\/wp\/v2\/posts\/5730","targetHints":{"allow":["GET"]}}],"collection":[{"href":"https:\/\/universomola.com\/en\/wp-json\/wp\/v2\/posts"}],"about":[{"href":"https:\/\/universomola.com\/en\/wp-json\/wp\/v2\/types\/post"}],"author":[{"embeddable":true,"href":"https:\/\/universomola.com\/en\/wp-json\/wp\/v2\/users\/9"}],"replies":[{"embeddable":true,"href":"https:\/\/universomola.com\/en\/wp-json\/wp\/v2\/comments?post=5730"}],"version-history":[{"count":1,"href":"https:\/\/universomola.com\/en\/wp-json\/wp\/v2\/posts\/5730\/revisions"}],"predecessor-version":[{"id":5736,"href":"https:\/\/universomola.com\/en\/wp-json\/wp\/v2\/posts\/5730\/revisions\/5736"}],"wp:featuredmedia":[{"embeddable":true,"href":"https:\/\/universomola.com\/en\/wp-json\/wp\/v2\/media\/5735"}],"wp:attachment":[{"href":"https:\/\/universomola.com\/en\/wp-json\/wp\/v2\/media?parent=5730"}],"wp:term":[{"taxonomy":"category","embeddable":true,"href":"https:\/\/universomola.com\/en\/wp-json\/wp\/v2\/categories?post=5730"},{"taxonomy":"post_tag","embeddable":true,"href":"https:\/\/universomola.com\/en\/wp-json\/wp\/v2\/tags?post=5730"}],"curies":[{"name":"wp","href":"https:\/\/api.w.org\/{rel}","templated":true}]}}