{"id":5737,"date":"2020-12-21T21:01:01","date_gmt":"2020-12-22T00:01:01","guid":{"rendered":"http:\/\/desarrollosdeprueba.xyz\/universo_mola\/?p=5737"},"modified":"2021-08-08T21:04:31","modified_gmt":"2021-08-09T00:04:31","slug":"moda-como-acto-politico-la-apuesta-de-dos-latinas-colombia","status":"publish","type":"post","link":"https:\/\/universomola.com\/en\/moda-como-acto-politico-la-apuesta-de-dos-latinas-colombia\/","title":{"rendered":"MODA COMO ACTO POL\u00cdTICO: LA APUESTA DE DOS LATINAS COLOMBIA"},"content":{"rendered":"<div class=\"fusion-fullwidth fullwidth-box fusion-builder-row-1 fusion-flex-container nonhundred-percent-fullwidth non-hundred-percent-height-scrolling\" style=\"--awb-border-radius-top-left:0px;--awb-border-radius-top-right:0px;--awb-border-radius-bottom-right:0px;--awb-border-radius-bottom-left:0px;--awb-flex-wrap:wrap;\" ><div class=\"fusion-builder-row fusion-row fusion-flex-align-items-flex-start fusion-flex-content-wrap\" style=\"max-width:1248px;margin-left: calc(-4% \/ 2 );margin-right: calc(-4% \/ 2 );\"><div class=\"fusion-layout-column fusion_builder_column fusion-builder-column-0 fusion_builder_column_1_1 1_1 fusion-flex-column\" style=\"--awb-bg-size:cover;--awb-width-large:100%;--awb-margin-top-large:0px;--awb-spacing-right-large:1.92%;--awb-margin-bottom-large:0px;--awb-spacing-left-large:1.92%;--awb-width-medium:100%;--awb-spacing-right-medium:1.92%;--awb-spacing-left-medium:1.92%;--awb-width-small:100%;--awb-spacing-right-small:1.92%;--awb-spacing-left-small:1.92%;\"><div class=\"fusion-column-wrapper fusion-flex-justify-content-flex-start fusion-content-layout-column\"><div class=\"fusion-text fusion-text-1\"><\/div><div class=\"fusion-text fusion-text-2\"><p><span style=\"color: #33cccc;\"><i><span style=\"font-weight: 400;\">Por Nicole Benavides, Colaboradora Colombia \/ Imagen portada: Dos Latinas<\/span><\/i><\/span><\/p>\n<p><span style=\"font-weight: 400;\">La moda es una plataforma de comunicaci\u00f3n muy potente, de la cual <\/span><b>emergen cuestionamientos no solo est\u00e9ticos sino tambi\u00e9n pol\u00edticos.<\/b><span style=\"font-weight: 400;\"> Por ende, es importante detenerse y pensar qu\u00e9 llevamos puesto y por qu\u00e9 lo usamos, preguntarse: \u00bfqu\u00e9 comunico con mi ropa?\u00a0<\/span><\/p>\n<p><span style=\"font-weight: 400;\">Recientemente, la industria de la moda se ha visto envuelta en un sinf\u00edn de pol\u00e9micas y debates que cuestionan sus pr\u00e1cticas, sus modelos de producci\u00f3n y sus discursos que legitiman lo \u2018lindo\u2019 y lo \u2018perfecto\u2019. <\/span><b>Cada vez son m\u00e1s personas que se alejan de la idea de una industria banal y fr\u00edvola<\/b><span style=\"font-weight: 400;\">, a la que solo le importan las tendencias del momento.\u00a0<\/span><\/p>\n<p><span style=\"font-weight: 400;\">Hoy, cuando pensamos en moda, en industria, en marcas, pensamos en responsabilidad social, en sostenibilidad ambiental, en comercio justo y trabajo digno<\/span><b>. Todos estos factores y el cuestionamiento de los mismos, hacen de la moda un acto pol\u00edtico<\/b><span style=\"font-weight: 400;\"> and<\/span><a href=\"https:\/\/www.instagram.com\/gigi.borre\/\"> <span style=\"font-weight: 400;\">Gina Borr\u00e9<\/span><\/a><span style=\"font-weight: 400;\">, polit\u00f3loga colombiana y activista por los Derechos Humanos, entiende muy bien esta gran arista de la moda.<\/span><\/p>\n<p><span style=\"font-weight: 400;\">Gina \u2013 o Gigi, como muchos la conocen \u2013 trabaja hace m\u00e1s 10 a\u00f1os por los Derechos Humanos y hace dos, nace un proyecto que, para ella, es como su hijo: La plataforma \u2013 ahora fundaci\u00f3n \u2013<\/span><a href=\"https:\/\/www.instagram.com\/doslatinas.comunidad\/\"> <b>Dos Latinas<\/b><\/a><b>, surge en 2018 con el fin de democratizar las conversaciones sobre Derechos Humanos mediante talleres en comunidades rurales de Colombia.\u00a0<\/b><\/p>\n<p><span style=\"font-weight: 400;\">Gran parte del reconocimiento de Dos Latinas se debe a su frase <\/span><i><span style=\"font-weight: 400;\">\u201cLa moda es un acto pol\u00edtico\u201d<\/span><\/i><span style=\"font-weight: 400;\">, mediante la cual generan debates y cuestionamientos constantes de los Derechos Humanos no solo dentro de la industria, sino tambi\u00e9n en diferentes \u00e1mbitos socio-pol\u00edticos. Adem\u00e1s, <\/span><b>la fundaci\u00f3n replica y difunde este mensaje a trav\u00e9s de su l\u00ednea de indumentaria que, m\u00e1s que ser una forma de financiamiento, es una plataforma que permite amplificar la conversaci\u00f3n<\/b><span style=\"font-weight: 400;\"> que Gina, su fundadora, plantea:\u00a0<\/span><\/p>\n<p><i><span style=\"font-weight: 400;\">\u201cPonemos a rodar mensajes en el mundo que normalmente no se ponen a rodar. Yo digo que es una indumentaria de activistas, con mensajes activistas para no activistas.\u201d<\/span><\/i><\/p>\n<p><span style=\"font-weight: 400;\">\u201cSin perreo no hay revoluci\u00f3n\u201d, \u201cEl placer es feminista\u201d, \u201cLo personal es pol\u00edtico\u201d, son algunas de las frases que se encuentran bordadas en las camisetas, hoodies y pa\u00f1uelos de Dos Latinas, los cuales se producen a demanda, pues la fundaci\u00f3n no cuenta con colecciones ni con stock. Toda su producci\u00f3n es lenta y org\u00e1nica.\u00a0 <\/span><i><span style=\"font-weight: 400;\">\u201cSi se me viene un mensaje que es importante ponerlo a rodar en el mundo, lo saco, ya est\u00e1. De hecho, salen de reflexiones personales que al final son colectivas porque lo personal es pol\u00edtico.\u201d <\/span><\/i><span style=\"font-weight: 400;\">Explica Gigi, enfatizando que, Dos Latinas no es una marca, ni una l\u00ednea de indumentaria. Dos Latinas es una apuesta pol\u00edtica.\u00a0<\/span><\/p>\n<p><img decoding=\"async\" class=\"size-full wp-image-5739 aligncenter lazyload\" data-src=\"http:\/\/desarrollosdeprueba.xyz\/universo_mola\/wp-content\/uploads\/2021\/08\/72-1.png\" alt=\"\" width=\"619\" height=\"236\" data-srcset=\"https:\/\/universomola.com\/wp-content\/uploads\/2021\/08\/72-1-200x76.png 200w, https:\/\/universomola.com\/wp-content\/uploads\/2021\/08\/72-1-300x114.png 300w, https:\/\/universomola.com\/wp-content\/uploads\/2021\/08\/72-1-400x153.png 400w, https:\/\/universomola.com\/wp-content\/uploads\/2021\/08\/72-1-500x191.png 500w, https:\/\/universomola.com\/wp-content\/uploads\/2021\/08\/72-1-600x229.png 600w, https:\/\/universomola.com\/wp-content\/uploads\/2021\/08\/72-1.png 619w\" data-sizes=\"(max-width: 619px) 100vw, 619px\" src=\"data:image\/svg+xml;base64,PHN2ZyB3aWR0aD0iMSIgaGVpZ2h0PSIxIiB4bWxucz0iaHR0cDovL3d3dy53My5vcmcvMjAwMC9zdmciPjwvc3ZnPg==\" style=\"--smush-placeholder-width: 619px; --smush-placeholder-aspect-ratio: 619\/236;\" \/><\/p>\n<p><span style=\"font-weight: 400;\">Adem\u00e1s de esto, <\/span><b>desde Dos Latinas se han organizado talleres y conversatorios que ampl\u00edan el debate pol\u00edtico dentro de la industria de la moda<\/b><span style=\"font-weight: 400;\">. Han creado espacios acad\u00e9micos en los cuales fundamentan las distintas manifestaciones pol\u00edticas dentro de la moda y explican a sus seguidores como esto puede ser una herramienta clave en la lucha y reivindicaci\u00f3n de los Derechos Humanos.\u00a0<\/span><\/p>\n<p><span style=\"font-weight: 400;\">Aunque el camino de Dos Latinas ha sido corto \u2013 pues apenas han pasado dos a\u00f1os desde su creaci\u00f3n \u2013 su trabajo y su lucha por los Derechos Humanos <\/span><b>ha generado un gran impacto en la re-significaci\u00f3n de la moda y en la lucha por la vida digna.\u00a0<\/b><\/p>\n<p><span style=\"font-weight: 400;\">Por ahora, la fundaci\u00f3n se enfoca en los m\u00faltiples proyectos que se le avecinan, uno de ellos es una colaboraci\u00f3n con<\/span><a href=\"https:\/\/www.instagram.com\/lishclothing\/\"> <span style=\"font-weight: 400;\">Lish<\/span><\/a><span style=\"font-weight: 400;\">, una marca colombiana de slowfashion.\u00a0<\/span><\/p>\n<p><i><span style=\"font-weight: 400;\">\u201cEs un proyecto muy ambicioso, art\u00edsticamente divino. Es la relaci\u00f3n de la ropa con nuestras vidas para cerrar el a\u00f1o, adem\u00e1s, nosotras como fundaci\u00f3n siempre estamos mirando para afuera: resistencia, regulaci\u00f3n, calle intervenciones en la calle.\u00a0<\/span><\/i><\/p>\n<p><i><span style=\"font-weight: 400;\">Venimos de un a\u00f1o uff, s\u00faper subido y vamos a cerrar el a\u00f1o con esta colaboraci\u00f3n que nos invita a mirar pa\u2019 adentro, que nos invita a repensarnos que la revoluci\u00f3n tambi\u00e9n va desde adentro y que el autocuidado es fundamental para poder seguir \u2013 por supuesto \u2013 en la calle, en la esfera p\u00fablica, en la construcci\u00f3n colectiva. Creo que a nivel simb\u00f3lico tambi\u00e9n va a ser algo muy bello.\u201d<\/span><\/i><\/p>\n<p><span style=\"font-weight: 400;\">La colaboraci\u00f3n \u2013 que se trata de <\/span><b>una colecci\u00f3n de 10 piezas \u00fanicas, producidas a trav\u00e9s del upcycling de prendas <\/b><span style=\"font-weight: 400;\">\u2013 ser\u00e1 lanzada el pr\u00f3ximo 10 de diciembre.\u00a0<\/span><\/p>\n<p><span style=\"font-weight: 400;\">\u00a0<\/span><\/p>\n<p><span style=\"font-weight: 400;\">\u00a0<\/span><\/p>\n<p><b><i>Texto y entrevista por:<\/i><\/b><a href=\"https:\/\/www.instagram.com\/_nicoleebv\/\"> <b><i>Nicole Alejandra Benavides<\/i><\/b><\/a><\/p>\n<p><b><i>Entrevista a: Gina Borr\u00e9, polit\u00f3loga, feminista, activista por los Derechos Humanos y fundadora de Dos Latinas Colombia.\u00a0<\/i><\/b><\/p>\n<p><span style=\"font-weight: 400;\">Fotograf\u00edas: cortes\u00eda de Dos Latinas<\/span><\/p>\n<\/div><\/div><\/div><\/div><\/div>","protected":false},"excerpt":{"rendered":"<p>Lorem ipsum dolor sit amet, consectetur adipiscing elit. Nam pharetra dictum eleifend. Sed posuere magna at luctus pretium. Aliquam ligula sem, aliquet sit amet nisi ac, dignissim porta ipsum.<\/p>","protected":false},"author":9,"featured_media":5740,"comment_status":"open","ping_status":"open","sticky":false,"template":"","format":"standard","meta":{"_monsterinsights_skip_tracking":false,"_monsterinsights_sitenote_active":false,"_monsterinsights_sitenote_note":"","_monsterinsights_sitenote_category":0,"footnotes":""},"categories":[40],"tags":[93,91,89,48,92,47,96,90,88],"class_list":["post-5737","post","type-post","status-publish","format-standard","has-post-thumbnail","hentry","category-blog","tag-disenadores-sostenibles","tag-ethical-fashion","tag-moda-etica","tag-moda-latina","tag-moda-latinoamericana","tag-moda-sostenible","tag-moda-sustentable","tag-sustainable","tag-universo-mola"],"_links":{"self":[{"href":"https:\/\/universomola.com\/en\/wp-json\/wp\/v2\/posts\/5737","targetHints":{"allow":["GET"]}}],"collection":[{"href":"https:\/\/universomola.com\/en\/wp-json\/wp\/v2\/posts"}],"about":[{"href":"https:\/\/universomola.com\/en\/wp-json\/wp\/v2\/types\/post"}],"author":[{"embeddable":true,"href":"https:\/\/universomola.com\/en\/wp-json\/wp\/v2\/users\/9"}],"replies":[{"embeddable":true,"href":"https:\/\/universomola.com\/en\/wp-json\/wp\/v2\/comments?post=5737"}],"version-history":[{"count":1,"href":"https:\/\/universomola.com\/en\/wp-json\/wp\/v2\/posts\/5737\/revisions"}],"predecessor-version":[{"id":5741,"href":"https:\/\/universomola.com\/en\/wp-json\/wp\/v2\/posts\/5737\/revisions\/5741"}],"wp:featuredmedia":[{"embeddable":true,"href":"https:\/\/universomola.com\/en\/wp-json\/wp\/v2\/media\/5740"}],"wp:attachment":[{"href":"https:\/\/universomola.com\/en\/wp-json\/wp\/v2\/media?parent=5737"}],"wp:term":[{"taxonomy":"category","embeddable":true,"href":"https:\/\/universomola.com\/en\/wp-json\/wp\/v2\/categories?post=5737"},{"taxonomy":"post_tag","embeddable":true,"href":"https:\/\/universomola.com\/en\/wp-json\/wp\/v2\/tags?post=5737"}],"curies":[{"name":"wp","href":"https:\/\/api.w.org\/{rel}","templated":true}]}}