{"id":5742,"date":"2020-12-23T21:05:08","date_gmt":"2020-12-24T00:05:08","guid":{"rendered":"http:\/\/desarrollosdeprueba.xyz\/universo_mola\/?p=5742"},"modified":"2021-08-08T21:09:22","modified_gmt":"2021-08-09T00:09:22","slug":"zero-waste","status":"publish","type":"post","link":"https:\/\/universomola.com\/en\/zero-waste\/","title":{"rendered":"ZERO WASTE"},"content":{"rendered":"<div class=\"fusion-fullwidth fullwidth-box fusion-builder-row-1 fusion-flex-container nonhundred-percent-fullwidth non-hundred-percent-height-scrolling\" style=\"--awb-border-radius-top-left:0px;--awb-border-radius-top-right:0px;--awb-border-radius-bottom-right:0px;--awb-border-radius-bottom-left:0px;--awb-flex-wrap:wrap;\" ><div class=\"fusion-builder-row fusion-row fusion-flex-align-items-flex-start fusion-flex-content-wrap\" style=\"max-width:1248px;margin-left: calc(-4% \/ 2 );margin-right: calc(-4% \/ 2 );\"><div class=\"fusion-layout-column fusion_builder_column fusion-builder-column-0 fusion_builder_column_1_1 1_1 fusion-flex-column\" style=\"--awb-bg-size:cover;--awb-width-large:100%;--awb-margin-top-large:0px;--awb-spacing-right-large:1.92%;--awb-margin-bottom-large:0px;--awb-spacing-left-large:1.92%;--awb-width-medium:100%;--awb-spacing-right-medium:1.92%;--awb-spacing-left-medium:1.92%;--awb-width-small:100%;--awb-spacing-right-small:1.92%;--awb-spacing-left-small:1.92%;\"><div class=\"fusion-column-wrapper fusion-flex-justify-content-flex-start fusion-content-layout-column\"><div class=\"fusion-text fusion-text-1\"><\/div><div class=\"fusion-text fusion-text-2\"><p><i><span style=\"font-weight: 400;\">Por Fiorella Benavides, Colaboradora Argentina \/ Imagen portada: Pinterest<\/span><\/i><\/p>\n<h3 style=\"text-align: center;\"><b>Nos remontamos a la d\u00e9cada de los noventa, donde ese traje rosa se convirti\u00f3 en una referencia de la cultura pop y tras casi 30, su regreso trae adem\u00e1s un aprendizaje: apostar a la moda circular.<\/b><\/h3>\n<p><span style=\"font-weight: 400;\">\u00bfC\u00f3mo olvidar el vestido Chanel multiusos de Marge Simpson? Uno de los cap\u00edtulos m\u00e1s populares de\u00a0 Los Simpson y\u00a0 sin lugar a duda de mis preferidos. Y es que en pocas ocasiones, hemos podido ver a Marge sin su usual vestido verde.\u00a0 Es la temporada siete, episodio 14, donde Marge Bouvier (nombre de soltera de Marge Simpson) comete ese gran hallazgo. Recuerdo que al instante me sent\u00ed identificada con Marge y el encuentro de su tesoro vintage, un traje firmado por Chanel de 90 d\u00f3lares, que se convertir\u00eda en una referencia de la cultura pop. Aquel traje rosa, con detalles negros y botones dorados al costado, que luego se transformar\u00eda de un saco con falda a un conjunto de pantalones cortos con chaleco en el mismo episodio, y luego mutar\u00eda a un vestido.\u00a0<\/span><\/p>\n<p><span style=\"font-weight: 400;\">Veinticuatro a\u00f1os pasaron para que esta escena quede de manifiesto en la presentaci\u00f3n de la temporada Primavera Verano 2021 Pret-A- Porter de la firma francesa, liderada por Virginie Viard, donde varios atuendos de la colecci\u00f3n se inspiraron en el traje rosa de Marge.\u00a0 <\/span><b>\u00a0Ahora todas esas piezas recicladas de una sola prenda aparecen convirti\u00e9ndose en tendencia.\u00a0<\/b><\/p>\n<p><img decoding=\"async\" class=\"size-full wp-image-5746 aligncenter lazyload\" data-src=\"http:\/\/desarrollosdeprueba.xyz\/universo_mola\/wp-content\/uploads\/2021\/08\/73-1.png\" alt=\"\" width=\"617\" height=\"444\" data-srcset=\"https:\/\/universomola.com\/wp-content\/uploads\/2021\/08\/73-1-200x144.png 200w, https:\/\/universomola.com\/wp-content\/uploads\/2021\/08\/73-1-300x216.png 300w, https:\/\/universomola.com\/wp-content\/uploads\/2021\/08\/73-1-400x288.png 400w, https:\/\/universomola.com\/wp-content\/uploads\/2021\/08\/73-1-500x360.png 500w, https:\/\/universomola.com\/wp-content\/uploads\/2021\/08\/73-1-600x432.png 600w, https:\/\/universomola.com\/wp-content\/uploads\/2021\/08\/73-1.png 617w\" data-sizes=\"(max-width: 617px) 100vw, 617px\" src=\"data:image\/svg+xml;base64,PHN2ZyB3aWR0aD0iMSIgaGVpZ2h0PSIxIiB4bWxucz0iaHR0cDovL3d3dy53My5vcmcvMjAwMC9zdmciPjwvc3ZnPg==\" style=\"--smush-placeholder-width: 617px; --smush-placeholder-aspect-ratio: 617\/444;\" \/><\/p>\n<p><b>Tal como Marge Simpson aplic\u00f3 la econom\u00eda circular en esa prenda tan emblem\u00e1tica en 1996, fueron nuestras abuelas y nuestras madres quienes ya la aplicaban desde antes.<\/b><span style=\"font-weight: 400;\"> En aquel entonces los recursos no estaban al alcance de todos como en la actualidad. Las telas y la elaboraci\u00f3n eran m\u00e1s costosas, entonces la mayor\u00eda de prendas se las hacian a mano y a medida ellas mismas (si sabian coser), sino recurr\u00edan a la costurera o modista del barrio. Adem\u00e1s, estas prendas sol\u00edan pasar de generaci\u00f3n en generaci\u00f3n. Como olvidar los vestidos que me pon\u00eda mi madre que eran heredados de mis primas mayores. Solo en algunos eventos particulares como la comuni\u00f3n o alg\u00fan cumplea\u00f1os importante se mandaba a dise\u00f1ar un vestido desde cero. Tambi\u00e9n se utilizaba mucho cuztomizar esa prenda heredada y que naciera una totalemente diferente pero con la misma tela. Qui\u00e9n no ha revivido aquella camisa vintage de su abuela que la conserva hasta el d\u00eda de hoy como una reliquia por el valor sentimental a\u00f1adido y la durabilidad de la tela. Una vez que esa prenda ya estaba gastada por el uso y dejaba de cumplir su funci\u00f3n se utilizaba como trapo para limpiar cualquier objeto. Hoy en d\u00eda podr\u00edamos pensar en ese excedente para fabricar nuestro propio tapabocas.\u00a0<\/span><\/p>\n<p><b>Econom\u00eda circular como prop\u00f3sito<\/b><\/p>\n<p><span style=\"font-weight: 400;\">La econom\u00eda circular es una estrategia que tiene por objetivo reducir tanto la entrada de los materiales v\u00edrgenes como la producci\u00f3n de desechos, cerrando los \u00abbucles\u00bb o flujos econ\u00f3micos y ecol\u00f3gicos de los recursos.<\/span><\/p>\n<p><b>\u00bfQu\u00e9 es Zero Waste?<\/b><span style=\"font-weight: 400;\"> O tambi\u00e9n residuo cero es un concepto de vida sostenible que tiene como objetivo reducir la basura que generamos. Esto puede conseguirse poniendo en pr\u00e1ctica la regla de las cinco R del Zero Waste: rechazar, reducir, reutilizar, reciclar y reintegrar.\u00a0<\/span><\/p>\n<p><b>Nuestro planeta pide a gritos apostar por una econom\u00eda circular donde el objetivo es desvincular el crecimiento econ\u00f3mico del consumo continuo de recursos<\/b><span style=\"font-weight: 400;\"> y el deterioro ambiental. Aprovechar todos los excedentes y utilizarlos como materia prima. Es fundamental que cuando se dise\u00f1a una prenda, se piense qu\u00e9 pasar\u00e1 en el futuro con ella.\u00a0<\/span><\/p>\n<p><span style=\"font-weight: 400;\">Actualmente, muchas veces miramos al costado y nos manejamos con una econom\u00eda lineal.<\/span><b> Compramos, usamos y tiramos los productos<\/b><span style=\"font-weight: 400;\"> fabricados produciendo as\u00ed un mayor impacto en el medioambiente. En\u00a0 general no sabemos de qu\u00e9 est\u00e1n hechos los productos que compramos y consumimos, ni cu\u00e1ntos recursos se han utilizado. Adem\u00e1s, con la globalizaci\u00f3n la producci\u00f3n se ha trasladado a otros pa\u00edses donde la mano de obra es m\u00e1s barata y por consecuencia sus productores trabajan en condiciones m\u00e1s vulnerables. Esto se ve reflejado en un\u00a0 producto de bajo costo y baja calidad, el cual va a contar con poca perdurabilidad en el tiempo.\u00a0<\/span><\/p>\n<p><span style=\"font-weight: 400;\">Es as\u00ed que como las cosas nos\u00a0 cuestan menos dinero, se pueden reemplazar f\u00e1cilmente y su valor se devalua. Si nos cansamos de la prenda o tienen un peque\u00f1o desperfecto nos deshacemos de ella y compramos otra al instante. <\/span><b>Todav\u00eda no somos muchos los que le damos una segunda oportunidad a las cosas,<\/b><span style=\"font-weight: 400;\"> las intercambiamos, donamos o reciclamos. Es dif\u00edcil cuando la industria te demanda un\u00a0 consumo constante\u00a0 y las vidrieras cambian todo el tiempo impulsando que tengamos lo \u00faltimo que est\u00e1 a la moda.<\/span><\/p>\n<h3><b>Stop Fast Fashion<\/b><\/h3>\n<p><b>M\u00e1s del 90% de la ropa que se descarta en todo el mundo termina en vertederos<\/b><span style=\"font-weight: 400;\"> principalmente porque no se produce con el fin de durar, reutilizarse, biodegradarse o no es compatible con corrientes de reciclaje existentes. Un factor que tiene incidencia directa sobre la fabricaci\u00f3n de prendas \u201cdesechables\u201d, es que el mercado de la moda pas\u00f3 de dos a 24 colecciones anuales.<\/span><\/p>\n<p><span style=\"font-weight: 400;\">Para revertir esta situaci\u00f3n, debemos cambiar la forma en la que fabricamos y consumimos, as\u00ed logramos no s\u00f3lo disminuir la contaminaci\u00f3n sino tambi\u00e9n recuperar materiales y recursos. Aprovechar todas las prendas que ya existen, darles valor para no generar m\u00e1s residuos y disfrutar de prendas \u00fanicas.\u00a0\u00a0\u00a0\u00a0\u00a0<\/span><\/p>\n<p><b>Una causa importante de que no se reciclen algunas prendas es la dificultad para separar los componentes<\/b><span style=\"font-weight: 400;\"> y muchas empresas prefieren deshacerse antes de la prenda que perder el tiempo desmont\u00e1ndolas. Es en esta parte donde entra en acci\u00f3n el rol de los dise\u00f1adores, de pensar una t\u00e9cnica m\u00e1s f\u00e1cil para desarmar las prendas.<\/span><a href=\"https:\/\/www.ted.com\/talks\/amit_kalra_3_creative_ways_to_fix_fashion_s_waste_problem?language=es\"> <span style=\"font-weight: 400;\">Amit Kalra en su charla TED<\/span><\/a><span style=\"font-weight: 400;\"> propone un ensamblaje para la ropa muy interesante para tener en cuenta.\u00a0<\/span><\/p>\n<h3><b>Make Fashion Circular<\/b><\/h3>\n<p><span style=\"font-weight: 400;\">Para la <\/span><a href=\"https:\/\/www.ellenmacarthurfoundation.org\/our-work\/activities\/make-fashion-circular\/report\"><span style=\"font-weight: 400;\">Fundaci\u00f3n Ellen MacArthur<\/span><\/a><span style=\"font-weight: 400;\">, el objetivo est\u00e1 en transformar la industria de la moda en un modelo circular que impulse la colaboraci\u00f3n entre los l\u00edderes de la industria y otras partes interesadas clave para crear una econom\u00eda textil adecuada para el siglo XXI, a trav\u00e9s del proyecto \u201c<\/span><i><span style=\"font-weight: 400;\">Make Fashion Circular\u201d.<\/span><\/i><span style=\"font-weight: 400;\"> Su intenci\u00f3n es garantizar que la ropa se fabrique con materiales seguros y renovables, que aumente su uso y que la ropa vieja se convierta en nueva.<\/span><\/p>\n<p><b>\u201cCada a\u00f1o se pierde un valor estimado de 500 mil millones de d\u00f3lares debido a que la ropa apenas se usa y rara vez se recicla\u201d.<\/b><\/p>\n<p><span style=\"font-weight: 400;\">\u201cCada segundo, el equivalente a un cami\u00f3n de basura de textiles es vertido o quemado. Cada a\u00f1o se pierde un valor estimado de 500 mil millones de d\u00f3lares debido a que la ropa apenas se usa y rara vez se recicla. Si nada cambia, para 2050 la industria de la moda consumir\u00e1 una cuarta parte del presupuesto mundial de carbono\u201d, explican. Adem\u00e1s, \u201cel lavado de ropa libera medio mill\u00f3n de toneladas de microfibras pl\u00e1sticas en el oc\u00e9ano cada a\u00f1o, equivalente a m\u00e1s de 50 mil millones de botellas de pl\u00e1stico\u201d.<\/span><\/p>\n<p><span style=\"font-weight: 400;\">Esta Fundaci\u00f3n propone un sistema en el que la ropa est\u00e9 dise\u00f1ada para durar m\u00e1s tiempo ya sea alquil\u00e1ndola, revendi\u00e9ndola o recicl\u00e1ndola m\u00e1s f\u00e1cilmente. Adem\u00e1s de evitar que se liberen sustancias t\u00f3xicas o contaminantes cuando se produce y se usa la ropa.<\/span><\/p>\n<p><img decoding=\"async\" class=\"wp-image-5748 aligncenter lazyload\" data-src=\"http:\/\/desarrollosdeprueba.xyz\/universo_mola\/wp-content\/uploads\/2021\/08\/73.png\" alt=\"\" width=\"744\" height=\"496\" data-srcset=\"https:\/\/universomola.com\/wp-content\/uploads\/2021\/08\/73-200x133.png 200w, https:\/\/universomola.com\/wp-content\/uploads\/2021\/08\/73-300x200.png 300w, https:\/\/universomola.com\/wp-content\/uploads\/2021\/08\/73-400x267.png 400w, https:\/\/universomola.com\/wp-content\/uploads\/2021\/08\/73-500x333.png 500w, https:\/\/universomola.com\/wp-content\/uploads\/2021\/08\/73-600x400.png 600w, https:\/\/universomola.com\/wp-content\/uploads\/2021\/08\/73-700x466.png 700w, https:\/\/universomola.com\/wp-content\/uploads\/2021\/08\/73-768x512.png 768w, https:\/\/universomola.com\/wp-content\/uploads\/2021\/08\/73-800x533.png 800w, https:\/\/universomola.com\/wp-content\/uploads\/2021\/08\/73-1024x682.png 1024w, https:\/\/universomola.com\/wp-content\/uploads\/2021\/08\/73-1200x800.png 1200w, https:\/\/universomola.com\/wp-content\/uploads\/2021\/08\/73.png 1280w\" data-sizes=\"(max-width: 744px) 100vw, 744px\" src=\"data:image\/svg+xml;base64,PHN2ZyB3aWR0aD0iMSIgaGVpZ2h0PSIxIiB4bWxucz0iaHR0cDovL3d3dy53My5vcmcvMjAwMC9zdmciPjwvc3ZnPg==\" style=\"--smush-placeholder-width: 744px; --smush-placeholder-aspect-ratio: 744\/496;\" \/><\/p>\n<p><span style=\"font-weight: 400;\">Marge Simpson transforma su cl\u00e1sico traje<\/span><\/p>\n<p><b>Consumo responsable<\/b><\/p>\n<p><span style=\"font-weight: 400;\">As\u00ed como Marge Simpson reinvent\u00f3 un mismo look, adquirido en una tienda vintage o de segunda mano con su m\u00e1quina de coser y repiti\u00e9ndolo en varias ocasiones. Nosotros como consumidores, tambi\u00e9n podemos optar por vestirnos de una forma m\u00e1s sostenible. Repreguntarte si de verdad necesitas comprarte ropa; cuidar la ropa para que dure m\u00e1s; elegir ropa hecha de materiales sostenibles con certificaci\u00f3n ecol\u00f3gica, de comercio justo o materiales reciclados; apostar por marcas de ropa \u00e9tica; prolongar la vida de tus prendas, don\u00e1ndolas o cambi\u00e1ndolas; y, finalmente, reciclarla llev\u00e1ndola a un punto limpio o deposit\u00e1ndola en alguno de los contenedores de ropa que encontrar\u00e1s en tu ciudad.\u00a0<\/span><\/p>\n<h3 style=\"text-align: center;\"><b>Dale una nueva vida a un conjunto de segunda mano o vintage, o eleg\u00ed e invert\u00ed\u00a0 bien en tu siguiente compra de temporada.\u00a0<\/b><\/h3>\n<p><span style=\"font-weight: 400;\">\u00a0<\/span><\/p>\n<p><span style=\"font-weight: 400;\">Sources:<\/span><a href=\"https:\/\/mundotextilmag.com.ar\/economia-circular-y-sustentabilidad-en-la-industria-de-la-moda\/\"><span style=\"font-weight: 400;\"> https:\/\/mundotextilmag.com.ar\/economia-circular-y-sustentabilidad-en-la-industria-de-la-moda\/<\/span><\/a><\/p>\n<p><a href=\"https:\/\/www.ellenmacarthurfoundation.org\/circular-economy\/what-is-the-circular-economy\"><span style=\"font-weight: 400;\">https:\/\/www.ellenmacarthurfoundation.org\/circular-economy\/what-is-the-circular-economy<\/span><\/a><\/p>\n<p><a href=\"https:\/\/www.mobiliariocomercialmaniquies.com\/blog\/la-economia-circular-en-la-industria-de-la-moda\/\"><span style=\"font-weight: 400;\">https:\/\/www.mobiliariocomercialmaniquies.com\/blog\/la-economia-circular-en-la-industria-de-la-moda\/<\/span><\/a><\/p>\n<\/div><\/div><\/div><\/div><\/div>","protected":false},"excerpt":{"rendered":"<p>Lorem ipsum dolor sit amet, consectetur adipiscing elit. Nam pharetra dictum eleifend. Sed posuere magna at luctus pretium. Aliquam ligula sem, aliquet sit amet nisi ac, dignissim porta ipsum.<\/p>","protected":false},"author":9,"featured_media":5748,"comment_status":"open","ping_status":"open","sticky":false,"template":"","format":"standard","meta":{"_monsterinsights_skip_tracking":false,"_monsterinsights_sitenote_active":false,"_monsterinsights_sitenote_note":"","_monsterinsights_sitenote_category":0,"footnotes":""},"categories":[40],"tags":[93,91,89,48,92,47,96,90,88],"class_list":["post-5742","post","type-post","status-publish","format-standard","has-post-thumbnail","hentry","category-blog","tag-disenadores-sostenibles","tag-ethical-fashion","tag-moda-etica","tag-moda-latina","tag-moda-latinoamericana","tag-moda-sostenible","tag-moda-sustentable","tag-sustainable","tag-universo-mola"],"_links":{"self":[{"href":"https:\/\/universomola.com\/en\/wp-json\/wp\/v2\/posts\/5742","targetHints":{"allow":["GET"]}}],"collection":[{"href":"https:\/\/universomola.com\/en\/wp-json\/wp\/v2\/posts"}],"about":[{"href":"https:\/\/universomola.com\/en\/wp-json\/wp\/v2\/types\/post"}],"author":[{"embeddable":true,"href":"https:\/\/universomola.com\/en\/wp-json\/wp\/v2\/users\/9"}],"replies":[{"embeddable":true,"href":"https:\/\/universomola.com\/en\/wp-json\/wp\/v2\/comments?post=5742"}],"version-history":[{"count":1,"href":"https:\/\/universomola.com\/en\/wp-json\/wp\/v2\/posts\/5742\/revisions"}],"predecessor-version":[{"id":5751,"href":"https:\/\/universomola.com\/en\/wp-json\/wp\/v2\/posts\/5742\/revisions\/5751"}],"wp:featuredmedia":[{"embeddable":true,"href":"https:\/\/universomola.com\/en\/wp-json\/wp\/v2\/media\/5748"}],"wp:attachment":[{"href":"https:\/\/universomola.com\/en\/wp-json\/wp\/v2\/media?parent=5742"}],"wp:term":[{"taxonomy":"category","embeddable":true,"href":"https:\/\/universomola.com\/en\/wp-json\/wp\/v2\/categories?post=5742"},{"taxonomy":"post_tag","embeddable":true,"href":"https:\/\/universomola.com\/en\/wp-json\/wp\/v2\/tags?post=5742"}],"curies":[{"name":"wp","href":"https:\/\/api.w.org\/{rel}","templated":true}]}}