{"id":5745,"date":"2021-02-17T21:07:09","date_gmt":"2021-02-18T00:07:09","guid":{"rendered":"http:\/\/desarrollosdeprueba.xyz\/universo_mola\/?p=5745"},"modified":"2021-08-08T22:15:20","modified_gmt":"2021-08-09T01:15:20","slug":"transformando-el-mundo-desde-la-moda","status":"publish","type":"post","link":"https:\/\/universomola.com\/en\/transformando-el-mundo-desde-la-moda\/","title":{"rendered":"TRANSFORMANDO EL MUNDO DESDE LA MODA"},"content":{"rendered":"<div class=\"fusion-fullwidth fullwidth-box fusion-builder-row-1 fusion-flex-container nonhundred-percent-fullwidth non-hundred-percent-height-scrolling\" style=\"--awb-border-radius-top-left:0px;--awb-border-radius-top-right:0px;--awb-border-radius-bottom-right:0px;--awb-border-radius-bottom-left:0px;--awb-flex-wrap:wrap;\" ><div class=\"fusion-builder-row fusion-row fusion-flex-align-items-flex-start fusion-flex-content-wrap\" style=\"max-width:1248px;margin-left: calc(-4% \/ 2 );margin-right: calc(-4% \/ 2 );\"><div class=\"fusion-layout-column fusion_builder_column fusion-builder-column-0 fusion_builder_column_1_1 1_1 fusion-flex-column\" style=\"--awb-bg-size:cover;--awb-width-large:100%;--awb-margin-top-large:0px;--awb-spacing-right-large:1.92%;--awb-margin-bottom-large:0px;--awb-spacing-left-large:1.92%;--awb-width-medium:100%;--awb-spacing-right-medium:1.92%;--awb-spacing-left-medium:1.92%;--awb-width-small:100%;--awb-spacing-right-small:1.92%;--awb-spacing-left-small:1.92%;\"><div class=\"fusion-column-wrapper fusion-flex-justify-content-flex-start fusion-content-layout-column\"><div class=\"fusion-text fusion-text-1\"><p><em><span style=\"color: #33cccc;\">Escrito por: Noticias <\/span><\/em><em><span style=\"color: #33cccc;\">de Universo MOLA<\/span><\/em><\/p>\n<p><span style=\"color: #999999;\"><i><span style=\"font-weight: 400;\">Por Aida Raddi, Colaboradora Argentina.<\/span><\/i><\/span><\/p>\n<p><b>La moda, lejos de ser algo fr\u00edvolo y superficial es algo que usamos para decirle al mundo como somos, o al menos mostrar una parte de nosotros<\/b><span style=\"font-weight: 400;\">. Tambi\u00e9n es una cuesti\u00f3n que se impregna de lo que est\u00e1 pasando a nivel social y se modifica de acuerdo al escenario nuevo que se presenta. Un ejemplo muy claro es c\u00f3mo a ra\u00edz de la pandemia y el confinamiento, las tendencias est\u00e1n empezando a imponer modelos c\u00f3modos como hoodies, zapatillas, pantalones amplios y colores tierra que nos dan una sensaci\u00f3n de conexi\u00f3n con lo natural. Y c\u00f3mo podemos relacionar la moda con el contexto global o local, tambi\u00e9n podemos decir que <\/span><b>la moda es social y es pol\u00edtica.<\/b><span style=\"font-weight: 400;\"> Claro, entendiendo lo pol\u00edtico no como el acto de ir a votar, ser diputada o presidenta, sino entendiendo que la pol\u00edtica es algo estructural que nos atraviesa como individuos y afecta las decisiones que tomamos en nuestro d\u00eda a d\u00eda. Por eso es<\/span><b> importante entender la importancia de que las marcas se empiecen a involucrar en problem\u00e1ticas sociales y que busquen transformarlas<\/b><span style=\"font-weight: 400;\">. Pero antes de que piensen que eso es muy ut\u00f3pico, les quiero contar de tres marcas que tienen como objetivo mostrar c\u00f3mo si es posible que la moda se involucre en pol\u00edtica.\u00a0<\/span><\/p>\n<p><span style=\"font-weight: 400;\">En primer lugar quisiera contarles de <\/span><b>Manifiesta<\/b><span style=\"font-weight: 400;\">, una marca colombiana que trabaja con exguerrilleros de las FARC EP que hace poco dejaron las armas. Angela Herrera, una de las creadoras de este proyecto me cont\u00f3 que para ellas como j\u00f3venes que creen en una Colombia nueva, \u201cquer\u00edamos tomar acci\u00f3n luego del terrible momento que nos hizo pasar el plebiscito por el acuerdo de paz, querer unir a la pol\u00edtica con la moda para demostrarle a Colombia que s\u00ed es posible pensarse un pa\u00eds en paz.\u201d\u00a0 Tambi\u00e9n me dijo que todo es autogestionado, que ella junto con su compa\u00f1era van a buscar telas a Bogot\u00e1, y que la gran mayor\u00eda del tiempo consiguen telas que no pasan los exigentes controles de calidad de las grandes industrias, entonces deciden darles una segunda oportunidad. Luego se dirigen a la cooperativa con la que trabajan y comienza el proceso de prueba y error hasta dar con la prenda indicada. Remarco lo de prueba y error porque en realidad \u00c1ngela y su compa\u00f1era vienen de las ciencias pol\u00edticas, y los miembros de la cooperativa de la guerrilla, entonces no hay conocimiento previo de c\u00f3mo confeccionar prendas. Pero sin embargo hay muchas ganas de aprender porque entienden que \u201cla ropa que usas es identidad, desde ella transmites mensajes concretos\u201d, como lo define Angela.\u00a0<\/span><\/p>\n<p><span style=\"font-weight: 400;\">La segunda marca de la que quer\u00eda hablar\u00a0 se llama <\/span><b>La tienda del putas<\/b><span style=\"font-weight: 400;\"> y tambi\u00e9n es de Colombia. Esta marca surge porque la organizaci\u00f3n Putamente poderosas necesitaba sostenibilidad econ\u00f3mica, y tambi\u00e9n sintieron que era necesario llevar la lucha de las trabajadoras sexuales a un contexto al que no se lo hab\u00eda llevado antes. Maria Antonia Vallejos me dijo que cree que haber hecho esta marca es un acto pol\u00edtico, porque \u201cel vestuario m\u00e1s all\u00e1 de adornar el cuerpo y debe llevar mensajes que permitan la ampliaci\u00f3n de diferentes luchas\u201d. Esta marca que empez\u00f3 hace pocos a\u00f1os hace monos, bolsos y remeras que son dise\u00f1ados por la directora de la marca y de la organizaci\u00f3n, Melissa Toro. Y la confecci\u00f3n de las prendas es hecha por trabajadoras sexuales y mujeres cabeza de familia. Tambi\u00e9n est\u00e1n iniciando un taller de bordado junto a un grupo de mujeres de Medell\u00edn para poder capacitar mejor a quienes se encargan de la confecci\u00f3n, ya que cada prenda est\u00e1 bordada a mano con frases o im\u00e1genes de situaciones que vivieron las trabajadoras sexuales. <\/span><span style=\"font-weight: 400;\"><br \/>\n<\/span><span style=\"font-weight: 400;\">La tercera marca es de Per\u00fa y surgi\u00f3 cuando Thomas fue a ver una\u00a0 obra de teatro que hicieron los presos de una c\u00e1rcel de Lima, y ah\u00ed descubri\u00f3 que hab\u00eda un taller donde tej\u00edan, estampaban y cos\u00edan pero que no ten\u00edan mucho trabajo. Y \u00e9l, que ten\u00eda algo de experiencia en el mundo textil, decidi\u00f3 ayudarlos. Me confiesa que al principio fue duro, pero hoy en d\u00eda tienen locales en las mejores zonas de Lima. Tambi\u00e9n me dijo que lo que buscan es darle a los internos acceso al trabajo ya que para ellos es muy dif\u00edcil, entonces no tienen ingresos y el ciclo de pobreza no se corta. Es por eso que hacen talleres y capacitaciones para que los internos puedan tener m\u00e1s acceso al trabajo mientras est\u00e1n encerrados y tambi\u00e9n cuando salgan. La producci\u00f3n entera de las prendas se hace en las c\u00e1rceles, desde el patronaje hasta el embolsado de las prendas. <\/span><\/p>\n<\/div><\/div><\/div><\/div><\/div>","protected":false},"excerpt":{"rendered":"<p>Lorem ipsum dolor sit amet, consectetur adipiscing elit. Nam pharetra dictum eleifend. Sed posuere magna at luctus pretium. Aliquam ligula sem, aliquet sit amet nisi ac, dignissim porta ipsum.<\/p>","protected":false},"author":9,"featured_media":5835,"comment_status":"open","ping_status":"open","sticky":false,"template":"","format":"standard","meta":{"_monsterinsights_skip_tracking":false,"_monsterinsights_sitenote_active":false,"_monsterinsights_sitenote_note":"","_monsterinsights_sitenote_category":0,"footnotes":""},"categories":[40],"tags":[93,89,48,92,47,96,88],"class_list":["post-5745","post","type-post","status-publish","format-standard","has-post-thumbnail","hentry","category-blog","tag-disenadores-sostenibles","tag-moda-etica","tag-moda-latina","tag-moda-latinoamericana","tag-moda-sostenible","tag-moda-sustentable","tag-universo-mola"],"_links":{"self":[{"href":"https:\/\/universomola.com\/en\/wp-json\/wp\/v2\/posts\/5745","targetHints":{"allow":["GET"]}}],"collection":[{"href":"https:\/\/universomola.com\/en\/wp-json\/wp\/v2\/posts"}],"about":[{"href":"https:\/\/universomola.com\/en\/wp-json\/wp\/v2\/types\/post"}],"author":[{"embeddable":true,"href":"https:\/\/universomola.com\/en\/wp-json\/wp\/v2\/users\/9"}],"replies":[{"embeddable":true,"href":"https:\/\/universomola.com\/en\/wp-json\/wp\/v2\/comments?post=5745"}],"version-history":[{"count":1,"href":"https:\/\/universomola.com\/en\/wp-json\/wp\/v2\/posts\/5745\/revisions"}],"predecessor-version":[{"id":5749,"href":"https:\/\/universomola.com\/en\/wp-json\/wp\/v2\/posts\/5745\/revisions\/5749"}],"wp:featuredmedia":[{"embeddable":true,"href":"https:\/\/universomola.com\/en\/wp-json\/wp\/v2\/media\/5835"}],"wp:attachment":[{"href":"https:\/\/universomola.com\/en\/wp-json\/wp\/v2\/media?parent=5745"}],"wp:term":[{"taxonomy":"category","embeddable":true,"href":"https:\/\/universomola.com\/en\/wp-json\/wp\/v2\/categories?post=5745"},{"taxonomy":"post_tag","embeddable":true,"href":"https:\/\/universomola.com\/en\/wp-json\/wp\/v2\/tags?post=5745"}],"curies":[{"name":"wp","href":"https:\/\/api.w.org\/{rel}","templated":true}]}}