{"id":5750,"date":"2021-02-18T21:09:28","date_gmt":"2021-02-19T00:09:28","guid":{"rendered":"http:\/\/desarrollosdeprueba.xyz\/universo_mola\/?p=5750"},"modified":"2021-08-08T21:11:07","modified_gmt":"2021-08-09T00:11:07","slug":"oceano-sostenible","status":"publish","type":"post","link":"https:\/\/universomola.com\/en\/oceano-sostenible\/","title":{"rendered":"OC\u00c9ANO SOSTENIBLE"},"content":{"rendered":"<div class=\"fusion-fullwidth fullwidth-box fusion-builder-row-1 fusion-flex-container nonhundred-percent-fullwidth non-hundred-percent-height-scrolling\" style=\"--awb-border-radius-top-left:0px;--awb-border-radius-top-right:0px;--awb-border-radius-bottom-right:0px;--awb-border-radius-bottom-left:0px;--awb-flex-wrap:wrap;\" ><div class=\"fusion-builder-row fusion-row fusion-flex-align-items-flex-start fusion-flex-content-wrap\" style=\"max-width:1248px;margin-left: calc(-4% \/ 2 );margin-right: calc(-4% \/ 2 );\"><div class=\"fusion-layout-column fusion_builder_column fusion-builder-column-0 fusion_builder_column_1_1 1_1 fusion-flex-column\" style=\"--awb-bg-size:cover;--awb-width-large:100%;--awb-margin-top-large:0px;--awb-spacing-right-large:1.92%;--awb-margin-bottom-large:0px;--awb-spacing-left-large:1.92%;--awb-width-medium:100%;--awb-spacing-right-medium:1.92%;--awb-spacing-left-medium:1.92%;--awb-width-small:100%;--awb-spacing-right-small:1.92%;--awb-spacing-left-small:1.92%;\"><div class=\"fusion-column-wrapper fusion-flex-justify-content-flex-start fusion-content-layout-column\"><div class=\"fusion-text fusion-text-1\"><p><em><span style=\"color: #33cccc;\">Escrito por: Noticias <\/span><\/em><em><span style=\"color: #33cccc;\">de Universo MOLA<\/span><\/em><\/p>\n<p><b><i>Por Fiorella Benavides, Colaboradora Uruguay<\/i><\/b><\/p>\n<p><span style=\"font-weight: 400;\">Desde que pis\u00e9 Uruguay\u00a0 la naturaleza\u00a0 me ha regalado tantos\u00a0 atardeceres\u00a0 para disfrutar que no me alcanzar\u00edan los d\u00edas si los tuviera que contar. Si hay algo que le sobra a este pa\u00eds es aire puro, vegetaci\u00f3n por doquier y caminos\u00a0 interminables, rodeados de campos eternos que se prestan para descubrirlos y recorrerlos en bicicleta. Pero si hablamos de perlas estoy segura de que cualquiera que conoce Uruguay dir\u00eda que su costa es una de las m\u00e1s lindas de Latino Am\u00e9rica. No solo por su belleza en general, sino porque es perfecta para hacer diversos deportes. <\/span><span style=\"font-weight: 400;\">Punta del Este en particular es una ciudadtur\u00edstica situada en una <\/span><span style=\"font-weight: 400;\">pen\u00ednsula del sudeste<\/span><a href=\"https:\/\/www.surferrule.com\/83264-2\/\"><span style=\"font-weight: 400;\">de Uruguay<\/span><\/a><span style=\"font-weight: 400;\">. La popular playa Brava es conocida por su fuerte oleaje, y \u00faltimamente est\u00e1 experimentando un crecimiento sorprendente en deportes de agua como el surf, el wind surf, el kitesurf, el waterpolo entre otros.\u00a0<\/span><\/p>\n<p><span style=\"font-weight: 400;\">Sin embargo,<\/span><b> creo que\u00a0 muchas veces los seres humanos no valoramos, ni cuidamos como deber\u00edamos nuestra casa, el lugar donde decidimos vivir nuestro d\u00eda a d\u00eda y\u00a0 nos aprovechamos de la gratitud de la naturaleza.<\/b><span style=\"font-weight: 400;\"> Quiz\u00e1s, en mi caso al crecer en una ciudad como La Plata se me hizo costumbre ver\u00a0 la aglomeraci\u00f3n de gente y el exceso de residuo desmesurado que se genera constantemente. No digo que en la vor\u00e1gine de la vida en la ciudad no sea visible la contaminaci\u00f3n\u00a0 pero pasa m\u00e1s desapercibida que cuando viv\u00eds en un pueblo costero donde no hay tanta poblaci\u00f3n y predomina m\u00e1s la naturaleza que el cemento.\u00a0 De todas maneras, est\u00e1 en uno cumplir su rol como ciudadano responsable y ser emp\u00e1tico con el planeta. <\/span><b>Es importante que nos apropiemos del espacio en el que vivimos como si fuera nuestra casa donde nos refugiamos<\/b><span style=\"font-weight: 400;\">. Ese lugar sagrado que no dejar\u00edas que nadie contamine porque lo cuidas, lo limpias y\u00a0 lo valoras todos los d\u00edas.\u00a0<\/span><\/p>\n<p><span style=\"color: #ff9900;\"><b>El deterioro de la salud de los oc\u00e9anos se ha ido acentuando en los \u00faltimos a\u00f1os, debido en gran parte al avance del cambio clim\u00e1tico, el aumento constante de la contaminaci\u00f3n y basura oce\u00e1nica y la sobreexplotaci\u00f3n de los recursos marinos con la inevitable consecuencia de la destrucci\u00f3n de este preciado h\u00e1bitat. Esta alarmante situaci\u00f3n no pone en peligro s\u00f3lo el ecosistema marino, sino tambi\u00e9n otros grandes desaf\u00edos, como el cambio clim\u00e1tico.<\/b><\/span><\/p>\n<p><span style=\"font-weight: 400;\">El Pacto Mundial de Naciones Unidas ha querido hacer hincapi\u00e9 en este \u00e1rea, habitualmente muy poco abordada y que, sin embargo, ha demostrado ser vital para la supervivencia del planeta y la personas. Por ello, ha realizado un mensaje para que todas las empresas, independientemente de que participen o no en el sector mar\u00edtimo, adopten los <\/span><a href=\"https:\/\/www.pactomundial.org\/?smd_process_download=1&amp;download_id=15269\"><span style=\"font-weight: 400;\">Principios para un Oc\u00e9ano Sostenible<\/span><\/a><span style=\"font-weight: 400;\">.<\/span><\/p>\n<p><i><span style=\"font-weight: 400;\">\u201cLa forma en que protejamos y gestionemos el oc\u00e9ano determinar\u00e1 gran parte de nuestro \u00e9xito en la consecuci\u00f3n de los Objetivos de Desarrollo Sostenible para 2030, y las empresas que est\u00e1n conectadas al oc\u00e9ano tienen un papel fundamental que desempe\u00f1ar.\u201d<\/span><\/i><\/p>\n<p><span style=\"font-weight: 400;\">Asimismo, estos Principios alientan a los firmantes a <\/span><i><span style=\"font-weight: 400;\">\u201cconsiderar las oportunidades de negocio sostenibles que promuevan o contribuyan a restaurar, proteger o mantener la salud del oc\u00e9ano y la productividad y los medios de vida que dependen de ellas.\u201d<\/span><\/i><span style=\"font-weight: 400;\"> Y es que, garantizar un medioambiente marino saludable no s\u00f3lo es necesario para que muchas empresas que basan su actividad en los oc\u00e9anos sigan operando a largo plazo, sino que, innovar e invertir en nuevas soluciones oce\u00e1nicas tambi\u00e9n ofrece una importante oportunidad comercial para otros sectores.\u00a0<\/span><\/p>\n<p><b>Por otro lado, es importante <\/b><b>poder generar v\u00ednculos entre las actividades culturales, el conocimiento tradicional y las pr\u00e1cticas sostenibles ambientalmente<\/b><span style=\"font-weight: 400;\">, los cuales deben explorarse y promoverse. Tal es as\u00ed como la formulaci\u00f3n de estrategias y programas para impulsar la adaptaci\u00f3n al cambio clim\u00e1tico. Incorporar medidas relativas en todas las pol\u00edticas y estrategias, mejorar la educaci\u00f3n y\u00a0 la sensibilizaci\u00f3n con el tema. El objetivo es contribuir a la prevenci\u00f3n y reducci\u00f3n de la contaminaci\u00f3n marina. Adem\u00e1s, apoyar a la gesti\u00f3n y protecci\u00f3n sostenible de los ecosistemas marinos y costeros, y a la reducci\u00f3n de la acidificaci\u00f3n de los oc\u00e9anos. La\u00a0 necesidad de acabar con la pesca excesiva y\u00a0 conservar las zonas costeras.<\/span><\/p>\n<p><b>\u00bfPor qu\u00e9 es importante la cultura en este terreno?<\/b><\/p>\n<p><span style=\"font-weight: 400;\">Algunas tradiciones culturales se relacionan con la preservaci\u00f3n sostenible de los ecosistemas marinos y costeros y resulta necesario identificarlas y reforzarlas.\u00a0<\/span><\/p>\n<p><b>\u00bfQu\u00e9 pueden hacer las ciudades?<\/b><\/p>\n<p><span style=\"font-weight: 400;\">Considerar expl\u00edcitamente la noci\u00f3n de \u201cpaisaje\u201d en sus pol\u00edticas, integrando los aspectos naturales y culturales del desarrollo. Reconocer y preservar las pr\u00e1cticas, tradiciones e historias culturales vinculadas con los usos sostenibles de los oc\u00e9anos, los mares y los recursos marinos, incluso a trav\u00e9s del establecimiento de instituciones especializadas (ej. ecomuseos, museos marinos, etc.) y dem\u00e1s iniciativas.<\/span><\/p>\n<p><span style=\"font-weight: 400;\">Cuando la marea sube y luego baja, la ignorancia humana se hace visible. Colillas de cigarros por doquier, bolsas de residuo y pl\u00e1sticos de todo tipo se apropian de nuestro planeta. Es hora de valorar nuestra casa com\u00fan, la tierra que habitamos, que caminamos, donde dejamos nuestras huellas. Para aportar una huella limpia y transparente, que exprese una reflexi\u00f3n colectiva. Generando consciencia sobre el consumo desmedido que ha destruido y sigue destruyendo ecosistemas. Es un desaf\u00edo importante pero tambi\u00e9n una oportunidad para reconstruir un mundo m\u00e1s sostenible y transparente. La salud de los oc\u00e9anos y el cambio clim\u00e1tico<\/span> <span style=\"font-weight: 400;\">presentan uno de los desaf\u00edos m\u00e1s importantes. <\/span><b>Vivimos en un mundo bastante egoc\u00e9ntrico pero tambi\u00e9n existe el poder de transformar y como individuos jugamos un papel importante para influir en esa direcci\u00f3n. Hasta la acci\u00f3n m\u00e1s peque\u00f1a produce un gran cambio.<\/b><b>\u00a0\u00a0\u00a0\u00a0\u00a0\u00a0<\/b><\/p>\n<\/div><\/div><\/div><\/div><\/div>","protected":false},"excerpt":{"rendered":"<p>Lorem ipsum dolor sit amet, consectetur adipiscing elit. Nam pharetra dictum eleifend. Sed posuere magna at luctus pretium. Aliquam ligula sem, aliquet sit amet nisi ac, dignissim porta ipsum.<\/p>","protected":false},"author":9,"featured_media":5753,"comment_status":"open","ping_status":"open","sticky":false,"template":"","format":"standard","meta":{"_monsterinsights_skip_tracking":false,"_monsterinsights_sitenote_active":false,"_monsterinsights_sitenote_note":"","_monsterinsights_sitenote_category":0,"footnotes":""},"categories":[40],"tags":[93,89,48,92,47,96,88],"class_list":["post-5750","post","type-post","status-publish","format-standard","has-post-thumbnail","hentry","category-blog","tag-disenadores-sostenibles","tag-moda-etica","tag-moda-latina","tag-moda-latinoamericana","tag-moda-sostenible","tag-moda-sustentable","tag-universo-mola"],"_links":{"self":[{"href":"https:\/\/universomola.com\/en\/wp-json\/wp\/v2\/posts\/5750","targetHints":{"allow":["GET"]}}],"collection":[{"href":"https:\/\/universomola.com\/en\/wp-json\/wp\/v2\/posts"}],"about":[{"href":"https:\/\/universomola.com\/en\/wp-json\/wp\/v2\/types\/post"}],"author":[{"embeddable":true,"href":"https:\/\/universomola.com\/en\/wp-json\/wp\/v2\/users\/9"}],"replies":[{"embeddable":true,"href":"https:\/\/universomola.com\/en\/wp-json\/wp\/v2\/comments?post=5750"}],"version-history":[{"count":1,"href":"https:\/\/universomola.com\/en\/wp-json\/wp\/v2\/posts\/5750\/revisions"}],"predecessor-version":[{"id":5754,"href":"https:\/\/universomola.com\/en\/wp-json\/wp\/v2\/posts\/5750\/revisions\/5754"}],"wp:featuredmedia":[{"embeddable":true,"href":"https:\/\/universomola.com\/en\/wp-json\/wp\/v2\/media\/5753"}],"wp:attachment":[{"href":"https:\/\/universomola.com\/en\/wp-json\/wp\/v2\/media?parent=5750"}],"wp:term":[{"taxonomy":"category","embeddable":true,"href":"https:\/\/universomola.com\/en\/wp-json\/wp\/v2\/categories?post=5750"},{"taxonomy":"post_tag","embeddable":true,"href":"https:\/\/universomola.com\/en\/wp-json\/wp\/v2\/tags?post=5750"}],"curies":[{"name":"wp","href":"https:\/\/api.w.org\/{rel}","templated":true}]}}