{"id":5752,"date":"2020-12-28T21:09:52","date_gmt":"2020-12-29T00:09:52","guid":{"rendered":"http:\/\/desarrollosdeprueba.xyz\/universo_mola\/?p=5752"},"modified":"2021-08-08T21:14:06","modified_gmt":"2021-08-09T00:14:06","slug":"conoce-estas-marcas-de-moda-sostenible-que-estan-pisando-fuerte","status":"publish","type":"post","link":"https:\/\/universomola.com\/en\/conoce-estas-marcas-de-moda-sostenible-que-estan-pisando-fuerte\/","title":{"rendered":"CONOCE ESTAS MARCAS DE MODA SOSTENIBLE QUE EST\u00c1N PISANDO FUERTE"},"content":{"rendered":"[fusion_builder_container hundred_percent=\u00bbno\u00bb equal_height_columns=\u00bbno\u00bb menu_anchor=\u00bb\u00bb hide_on_mobile=\u00bbsmall-visibility,medium-visibility,large-visibility\u00bb class=\u00bb\u00bb id=\u00bb\u00bb background_color=\u00bb\u00bb background_image=\u00bb\u00bb background_position=\u00bbcenter center\u00bb background_repeat=\u00bbno-repeat\u00bb fade=\u00bbno\u00bb background_parallax=\u00bbnone\u00bb parallax_speed=\u00bb0.3&#8243; video_mp4=\u00bb\u00bb video_webm=\u00bb\u00bb video_ogv=\u00bb\u00bb video_url=\u00bb\u00bb video_aspect_ratio=\u00bb16:9&#8243; video_loop=\u00bbyes\u00bb video_mute=\u00bbyes\u00bb overlay_color=\u00bb\u00bb video_preview_image=\u00bb\u00bb border_color=\u00bb\u00bb border_style=\u00bbsolid\u00bb padding_top=\u00bb\u00bb padding_bottom=\u00bb\u00bb padding_left=\u00bb\u00bb padding_right=\u00bb\u00bb type=\u00bbflex\u00bb][fusion_builder_row][fusion_builder_column type=\u00bb1_1&#8243; layout=\u00bb1_1&#8243; background_position=\u00bbleft top\u00bb background_color=\u00bb\u00bb border_color=\u00bb\u00bb border_style=\u00bbsolid\u00bb border_position=\u00bball\u00bb spacing=\u00bbyes\u00bb background_image=\u00bb\u00bb background_repeat=\u00bbno-repeat\u00bb padding_top=\u00bb\u00bb padding_right=\u00bb\u00bb padding_bottom=\u00bb\u00bb padding_left=\u00bb\u00bb margin_top=\u00bb0px\u00bb margin_bottom=\u00bb0px\u00bb class=\u00bb\u00bb id=\u00bb\u00bb animation_type=\u00bb\u00bb animation_speed=\u00bb0.3&#8243; animation_direction=\u00bbleft\u00bb hide_on_mobile=\u00bbsmall-visibility,medium-visibility,large-visibility\u00bb center_content=\u00bbno\u00bb last=\u00bbtrue\u00bb min_height=\u00bb\u00bb hover_type=\u00bbnone\u00bb link=\u00bb\u00bb border_sizes_top=\u00bb\u00bb border_sizes_bottom=\u00bb\u00bb border_sizes_left=\u00bb\u00bb border_sizes_right=\u00bb\u00bb first=\u00bbtrue\u00bb][fusion_text columns=\u00bb\u00bb column_min_width=\u00bb\u00bb column_spacing=\u00bb\u00bb rule_style=\u00bbdefault\u00bb rule_size=\u00bb\u00bb rule_color=\u00bb\u00bb content_alignment_medium=\u00bb\u00bb content_alignment_small=\u00bb\u00bb content_alignment=\u00bb\u00bb hide_on_mobile=\u00bbsmall-visibility,medium-visibility,large-visibility\u00bb sticky_display=\u00bbnormal,sticky\u00bb class=\u00bb\u00bb id=\u00bb\u00bb font_size=\u00bb\u00bb fusion_font_family_text_font=\u00bb\u00bb fusion_font_variant_text_font=\u00bb\u00bb line_height=\u00bb\u00bb letter_spacing=\u00bb\u00bb text_color=\u00bb\u00bb animation_type=\u00bb\u00bb animation_direction=\u00bbleft\u00bb animation_speed=\u00bb0.3&#8243; animation_offset=\u00bb\u00bb][\/fusion_text][fusion_text columns=\u00bb\u00bb column_min_width=\u00bb\u00bb column_spacing=\u00bb\u00bb rule_style=\u00bbdefault\u00bb rule_size=\u00bb\u00bb rule_color=\u00bb\u00bb content_alignment_medium=\u00bb\u00bb content_alignment_small=\u00bb\u00bb content_alignment=\u00bb\u00bb hide_on_mobile=\u00bbsmall-visibility,medium-visibility,large-visibility\u00bb sticky_display=\u00bbnormal,sticky\u00bb class=\u00bb\u00bb id=\u00bb\u00bb font_size=\u00bb\u00bb fusion_font_family_text_font=\u00bb\u00bb fusion_font_variant_text_font=\u00bb\u00bb line_height=\u00bb\u00bb letter_spacing=\u00bb\u00bb text_color=\u00bb\u00bb animation_type=\u00bb\u00bb animation_direction=\u00bbleft\u00bb animation_speed=\u00bb0.3&#8243; animation_offset=\u00bb\u00bb]\n<p><span style=\"color: #33cccc;\"><i><span style=\"font-weight: 400;\">Por Bianca Pasqualini, Colaboradora Argentina \/ Imagen portada: Uzal<\/span><\/i><\/span><\/p>\n<p><span style=\"font-weight: 400;\">Estamos llegando a finales del 2020, a poco m\u00e1s de un mes para que termine un a\u00f1o que fue, al menos, singular. Pero as\u00ed como para algunos las cosas llegan a un fin, para otros reci\u00e9n es el comienzo. Y dicho es el caso de estas <\/span><b>marcas de moda sostenible\u00a0 emergentes.\u00a0<\/b><\/p>\n<h3><span style=\"font-weight: 400;\">Viajamos -a trav\u00e9s de Internet- por Latinoam\u00e9rica para descubrir algunas de las marcas que, a poco tiempo de nacer, ya est\u00e1n dejando una huella en la industria. Con la misi\u00f3n de seguir cuestionando y transformando el mundo de la moda, estas marcas surgen <\/span><b>m\u00e1s abiertas, m\u00e1s revolucionarias, m\u00e1s innovadoras\u2026\u00a0<\/b><\/h3>\n<p><img decoding=\"async\" class=\"size-full wp-image-5757 aligncenter lazyload\" data-src=\"http:\/\/desarrollosdeprueba.xyz\/universo_mola\/wp-content\/uploads\/2021\/08\/74.png\" alt=\"\" width=\"435\" height=\"434\" data-srcset=\"https:\/\/universomola.com\/wp-content\/uploads\/2021\/08\/74.png 435w, https:\/\/universomola.com\/wp-content\/uploads\/2021\/08\/74-300x300.png 300w, https:\/\/universomola.com\/wp-content\/uploads\/2021\/08\/74-150x150.png 150w, https:\/\/universomola.com\/wp-content\/uploads\/2021\/08\/74-66x66.png 66w, https:\/\/universomola.com\/wp-content\/uploads\/2021\/08\/74-200x200.png 200w, https:\/\/universomola.com\/wp-content\/uploads\/2021\/08\/74-400x399.png 400w, https:\/\/universomola.com\/wp-content\/uploads\/2021\/08\/74-100x100.png 100w\" data-sizes=\"(max-width: 435px) 100vw, 435px\" src=\"data:image\/svg+xml;base64,PHN2ZyB3aWR0aD0iMSIgaGVpZ2h0PSIxIiB4bWxucz0iaHR0cDovL3d3dy53My5vcmcvMjAwMC9zdmciPjwvc3ZnPg==\" style=\"--smush-placeholder-width: 435px; --smush-placeholder-aspect-ratio: 435\/434;\" \/><\/p>\n<p><span style=\"font-weight: 400;\">Nuestro recorrido inicia en Montevideo, Uruguay, con<\/span><a href=\"http:\/\/es.calmoslow.com\/the-designer\"> <b>CALMO<\/b><\/a><span style=\"font-weight: 400;\">, una marca inspirada en la naturaleza y que apuesta por lo nacional. Fundada por Alice Otegui en 2017, fusiona el trabajo artesanal y tradicional con la experimentaci\u00f3n. Adem\u00e1s de utilizar materias primas naturales, trabajan con procesos de producci\u00f3n amigables con el medio ambiente; por ejemplo, hacen uso del<\/span><b> te\u00f1ido y estampado natural. <\/b><span style=\"font-weight: 400;\">En conjunto con la indumentaria femenina, tambi\u00e9n dise\u00f1an productos de decoraci\u00f3n, por supuesto, sostenibles.\u00a0<\/span><\/p>\n<p><span style=\"font-weight: 400;\">Nuestra pr\u00f3xima parada se encuentra muy cerca de Uruguay, en La Plata, Argentina. Se trata de<\/span><a href=\"https:\/\/store.carlaandrea.com.ar\/\"> <b>Carla Andrea<\/b><\/a><span style=\"font-weight: 400;\">, un proyecto art\u00edstico que busca revalorizar el trabajo artesanal y dar voz a la problem\u00e1tica ambiental. La marca hom\u00f3nima presenta dise\u00f1os sin g\u00e9nero, de talle universal, y con una molder\u00eda simple y pr\u00e1ctica. Su creadora, la dise\u00f1adora Carla Andrea Escalera, nacida en Tierra del Fuego, trabaja con la<\/span><b> reutilizaci\u00f3n de desechos y materia prima noble<\/b><span style=\"font-weight: 400;\">. El te\u00f1ido con pigmentos naturales de preparaci\u00f3n propia es precisamente el valor diferencial de su marca.\u00a0<\/span><\/p>\n<p><span style=\"font-weight: 400;\">Sin movernos de Argentina, nos trasladamos hacia Buenos Aires, para conocer a Sabrina Rodr\u00edguez Uzal, fundadora de<\/span><a href=\"https:\/\/www.instagram.com\/uzal.sustentable\/?hl=es-la\"> <b>Uzal<\/b><\/a><b>, <\/b><span style=\"font-weight: 400;\">una marca que innova como pocas en el desarrollo de textiles amigables con el medioambiente, ya que se trata de <\/span><b>textiles biodegradables. <\/b><span style=\"font-weight: 400;\">Esto es, terminada la vida \u00fatil de las prendas, pueden plantarse directamente en la tierra. La dise\u00f1adora busca, justamente, que sus dise\u00f1os no sean un residuo m\u00e1s en la industria y, por eso, construye Uzal bajo estos tres pilares: el comercio justo, el minimalismo y la circularidad de las prendas.\u00a0<\/span><\/p>\n<h3><span style=\"font-weight: 400;\">Carla Andrea y Uzal forman parte de Universo MOLA, por lo que <\/span><b>si te gustar\u00eda conocer m\u00e1s sobre estas marcas, \u00a1puedes encontrarlas en<\/b><a href=\"https:\/\/directoriosustentable.com\/?s=&amp;category=636&amp;location=&amp;a=true\"> <b>Directorio Sustentable<\/b><\/a><b>!\u00a0<\/b><\/h3>\n<p><img decoding=\"async\" class=\"size-full wp-image-5761 aligncenter lazyload\" data-src=\"http:\/\/desarrollosdeprueba.xyz\/universo_mola\/wp-content\/uploads\/2021\/08\/74-1.png\" alt=\"\" width=\"450\" height=\"301\" data-srcset=\"https:\/\/universomola.com\/wp-content\/uploads\/2021\/08\/74-1.png 450w, https:\/\/universomola.com\/wp-content\/uploads\/2021\/08\/74-1-300x201.png 300w, https:\/\/universomola.com\/wp-content\/uploads\/2021\/08\/74-1-200x134.png 200w, https:\/\/universomola.com\/wp-content\/uploads\/2021\/08\/74-1-400x268.png 400w\" data-sizes=\"(max-width: 450px) 100vw, 450px\" src=\"data:image\/svg+xml;base64,PHN2ZyB3aWR0aD0iMSIgaGVpZ2h0PSIxIiB4bWxucz0iaHR0cDovL3d3dy53My5vcmcvMjAwMC9zdmciPjwvc3ZnPg==\" style=\"--smush-placeholder-width: 450px; --smush-placeholder-aspect-ratio: 450\/301;\" \/><\/p>\n<p><span style=\"font-weight: 400;\">Con el mismo inter\u00e9s por los procesos artesanales y por los materiales sustentables, pasamos a la siguiente marca que no debes pasar por alto. De Argentina viajamos, entonces, a Guatemala para conocer a<\/span><a href=\"https:\/\/www.studiomeus.com\/\"> <b>Me\u00fcs<\/b><\/a><b>, <\/b><span style=\"font-weight: 400;\">el estudio de dise\u00f1o de Sof\u00eda Contreras-Paredes. Me\u00fcs ha sido elegida para participar en importantes eventos, como en la Mercedes-Benz Fashion Week Guatemala y en la Semana de la Moda de Londres, entre otros. M\u00e1s recientemente ha sido elogiada por la revista Vogue como una de las marcas latinoamericanas sostenibles que <\/span><i><span style=\"font-weight: 400;\">miran hacia el futuro.<\/span><\/i><\/p>\n<p><span style=\"font-weight: 400;\">Me\u00fcs se caracteriza por sus <\/span><b>colecciones colaborativas<\/b><span style=\"font-weight: 400;\">, que son el resultado del trabajo conjunto con renombrados artistas, dise\u00f1adores y artesanos. Cada una de ellas pone en tela de juicio diversos asuntos que ata\u00f1en a la vida en sociedad y a las diferentes perspectivas que tenemos de una misma realidad.\u00a0<\/span><\/p>\n<p><span style=\"font-weight: 400;\">Estas son s\u00f3lo algunas de las nuevas marcas sostenibles que hoy se abren paso en la industria de la moda y que, definitivamente, \u00a1no puedes dejar de conocer!<\/span><\/p>\n[\/fusion_text][\/fusion_builder_column][\/fusion_builder_row][\/fusion_builder_container]\n","protected":false},"excerpt":{"rendered":"<p>Lorem ipsum dolor sit amet, consectetur adipiscing elit. Nam pharetra dictum eleifend. Sed posuere magna at luctus pretium. Aliquam ligula sem, aliquet sit amet nisi ac, dignissim porta ipsum.<\/p>","protected":false},"author":9,"featured_media":5762,"comment_status":"open","ping_status":"open","sticky":false,"template":"","format":"standard","meta":{"footnotes":""},"categories":[40],"tags":[93,91,89,48,92,47,96,90,88],"class_list":["post-5752","post","type-post","status-publish","format-standard","has-post-thumbnail","category-blog","tag-disenadores-sostenibles","tag-ethical-fashion","tag-moda-etica","tag-moda-latina","tag-moda-latinoamericana","tag-moda-sostenible","tag-moda-sustentable","tag-sustainable","tag-universo-mola"],"_links":{"self":[{"href":"https:\/\/universomola.com\/en\/wp-json\/wp\/v2\/posts\/5752","targetHints":{"allow":["GET"]}}],"collection":[{"href":"https:\/\/universomola.com\/en\/wp-json\/wp\/v2\/posts"}],"about":[{"href":"https:\/\/universomola.com\/en\/wp-json\/wp\/v2\/types\/post"}],"author":[{"embeddable":true,"href":"https:\/\/universomola.com\/en\/wp-json\/wp\/v2\/users\/9"}],"replies":[{"embeddable":true,"href":"https:\/\/universomola.com\/en\/wp-json\/wp\/v2\/comments?post=5752"}],"version-history":[{"count":1,"href":"https:\/\/universomola.com\/en\/wp-json\/wp\/v2\/posts\/5752\/revisions"}],"predecessor-version":[{"id":5763,"href":"https:\/\/universomola.com\/en\/wp-json\/wp\/v2\/posts\/5752\/revisions\/5763"}],"wp:featuredmedia":[{"embeddable":true,"href":"https:\/\/universomola.com\/en\/wp-json\/wp\/v2\/media\/5762"}],"wp:attachment":[{"href":"https:\/\/universomola.com\/en\/wp-json\/wp\/v2\/media?parent=5752"}],"wp:term":[{"taxonomy":"category","embeddable":true,"href":"https:\/\/universomola.com\/en\/wp-json\/wp\/v2\/categories?post=5752"},{"taxonomy":"post_tag","embeddable":true,"href":"https:\/\/universomola.com\/en\/wp-json\/wp\/v2\/tags?post=5752"}],"curies":[{"name":"wp","href":"https:\/\/api.w.org\/{rel}","templated":true}]}}