{"id":5755,"date":"2021-02-22T21:11:38","date_gmt":"2021-02-23T00:11:38","guid":{"rendered":"http:\/\/desarrollosdeprueba.xyz\/universo_mola\/?p=5755"},"modified":"2021-08-08T21:12:54","modified_gmt":"2021-08-09T00:12:54","slug":"moda-y-estilo-de-vida-eco-amigable-sostenibilidad-en-la-industria-y-consumo-local","status":"publish","type":"post","link":"https:\/\/universomola.com\/en\/moda-y-estilo-de-vida-eco-amigable-sostenibilidad-en-la-industria-y-consumo-local\/","title":{"rendered":"MODA Y ESTILO DE VIDA ECO AMIGABLE: SOSTENIBILIDAD EN LA INDUSTRIA Y CONSUMO LOCAL"},"content":{"rendered":"<div class=\"fusion-fullwidth fullwidth-box fusion-builder-row-1 fusion-flex-container nonhundred-percent-fullwidth non-hundred-percent-height-scrolling\" style=\"--awb-border-radius-top-left:0px;--awb-border-radius-top-right:0px;--awb-border-radius-bottom-right:0px;--awb-border-radius-bottom-left:0px;--awb-flex-wrap:wrap;\" ><div class=\"fusion-builder-row fusion-row fusion-flex-align-items-flex-start fusion-flex-content-wrap\" style=\"max-width:1248px;margin-left: calc(-4% \/ 2 );margin-right: calc(-4% \/ 2 );\"><div class=\"fusion-layout-column fusion_builder_column fusion-builder-column-0 fusion_builder_column_1_1 1_1 fusion-flex-column\" style=\"--awb-bg-size:cover;--awb-width-large:100%;--awb-margin-top-large:0px;--awb-spacing-right-large:1.92%;--awb-margin-bottom-large:0px;--awb-spacing-left-large:1.92%;--awb-width-medium:100%;--awb-spacing-right-medium:1.92%;--awb-spacing-left-medium:1.92%;--awb-width-small:100%;--awb-spacing-right-small:1.92%;--awb-spacing-left-small:1.92%;\"><div class=\"fusion-column-wrapper fusion-flex-justify-content-flex-start fusion-content-layout-column\"><div class=\"fusion-text fusion-text-1\"><p><em><span style=\"color: #33cccc;\">Escrito por: Noticias <\/span><\/em><em><span style=\"color: #33cccc;\">de Universo MOLA<\/span><\/em><\/p>\n<p><span style=\"color: #999999;\"><i><span style=\"font-weight: 400;\">Por Yamila Meln, Colaboradora Argentina<\/span><\/i><\/span><\/p>\n<p><span style=\"font-weight: 400;\">La moda ha sido catalogada durante mucho tiempo como una de las industrias m\u00e1s fr\u00edvolas de todo el planeta, lejos de esa definici\u00f3n, est\u00e1 plagada de interrogantes de todo tipo. <\/span><b>Algunos de los focos m\u00e1s problem\u00e1ticos que tiene esta, est\u00e1n vinculados con los de car\u00e1cter \u00e9tico, de all\u00ed es que nacen una serie de nuevas alternativas para apaciguar el impacto de la industria en varias \u00e1reas en particular.<\/b><\/p>\n<p><span style=\"font-weight: 400;\">Los diferentes actores de la moda, motivados por su preocupaci\u00f3n hacia esas cuestiones, se adentraron<\/span><b> en pr\u00e1cticas que reflejen un mayor entendimiento entre la industria y las realidades en la que esta se ve envuelta<\/b><span style=\"font-weight: 400;\">, un ejemplo de ello es el<\/span><b> veganismo<\/b><span style=\"font-weight: 400;\">, un estilo de vida que hoy se vuelve cada d\u00eda m\u00e1s cercano a la Moda con respecto a la utilizaci\u00f3n de los <\/span><b>cueros de origen animal<\/b><span style=\"font-weight: 400;\">. Esta alternativa surge a ra\u00edz de que miles de animales son torturados para acceder al <\/span><b>uso de sus pieles en todo el mundo<\/b><span style=\"font-weight: 400;\">. La nueva generaci\u00f3n de dise\u00f1adores apoyados por la tecnolog\u00eda, se encarga de producir nuevos <\/span><b>g\u00e9neros llamados veganos. <\/b><span style=\"font-weight: 400;\">Estos se hacen presente en el dise\u00f1o moderno y, por lo general son piezas de buena calidad y con un valor agregado ya que, el producto final est\u00e1 pensado con el fin de colaborar en la protecci\u00f3n de los<\/span><b> Derechos Animales.<\/b><\/p>\n<p><span style=\"font-weight: 400;\">En cuanto a la<\/span><b> sustentabilidad<\/b><span style=\"font-weight: 400;\"> tambi\u00e9n entra en juego la conservaci\u00f3n del <\/span><b>Medio Ambiente <\/b><span style=\"font-weight: 400;\">debido a que <\/span><b>la industria textil es una de las m\u00e1s contaminantes del mundo<\/b><span style=\"font-weight: 400;\">, generando toneladas de desechos anualmente, esto es en parte debido a lo que conocemos como \u201c<\/span><b>Fast Fashion<\/b><span style=\"font-weight: 400;\">\u201d. Este fen\u00f3meno de moda tiene una din\u00e1mica de producci\u00f3n de indumentaria constante, y al no ser producida con el fin de perdurar en el tiempo, termina formando parte r\u00e1pidamente de la basura, finalizado su lenta descomposici\u00f3n en el entorno ambiental. En esta direcci\u00f3n, se est\u00e1 tomando en valor el <\/span><b>cambio de los sistemas comerciales en la industria<\/b><span style=\"font-weight: 400;\">, inculcando a las empresas a desarrollar el <\/span><b>modelo de negocios circular<\/b><span style=\"font-weight: 400;\">, que tiene como base una estructura en la que el producto que vaya a ser vendido, retorne a la cadena de producci\u00f3n una vez finalizada su funci\u00f3n en manos del consumidor.\u00a0<\/span><\/p>\n<p><span style=\"font-weight: 400;\">En el aspecto \u00e9tico tambi\u00e9n existe una constante incertidumbre sobre el trato de los <\/span><b>Derechos Humanos<\/b><span style=\"font-weight: 400;\">, ya que, por ejemplo, en los talleres textiles de los pa\u00edses asi\u00e1ticos, <\/span><b>la esclavitud se disfraza de propuesta laboral.<\/b><span style=\"font-weight: 400;\"> En este sentido, el precio de una prenda es fundamental para tener una idea de <\/span><b>la procedencia de la misma<\/b><span style=\"font-weight: 400;\">, ya que <\/span><b>por un precio muy bajo se asume que en el costo de producci\u00f3n se perdi\u00f3 un eslab\u00f3n y este faltante podr\u00eda traducirse en una disminuci\u00f3n del pago correspondiente a los trabajadores en la etapa de confecci\u00f3n<\/b><span style=\"font-weight: 400;\">. En este caso surgieron <\/span><b>nuevos espacios acad\u00e9micos dentro del \u00e1rea del Derecho<\/b><span style=\"font-weight: 400;\"> como el <\/span><b>Fashion Law que, entre otras cuestiones, estudia las posibles soluciones legales para establecer un espacio laboral m\u00e1s justo<\/b><span style=\"font-weight: 400;\">.<\/span><\/p>\n<p><b>Consumir local se est\u00e1 posicionando como una iniciativa Slow Fashion<\/b> <b>para recuperar la econom\u00eda del pa\u00eds en \u00e9poca de crisis, pero tambi\u00e9n, para salvar a miles de personas que dependen de esta industria<\/b><span style=\"font-weight: 400;\">. Para comenzar a vivir de manera m\u00e1s sostenible es ideal atender desde los aspectos m\u00e1s simples y cotidianos, como la alimentaci\u00f3n y la ropa y, cuando se compra dentro del pa\u00eds no s\u00f3lo se apoya a la econom\u00eda interna, tambi\u00e9n se aporta un granito de arena para que la industria de la moda comience a trazar un camino m\u00e1s \u00e9tico.<\/span><\/p>\n<p><i><span style=\"font-weight: 400;\">Algunos de los beneficios del consumo local son:<\/span><\/i><\/p>\n<p><b>Tiene menor huella de carbono<\/b><span style=\"font-weight: 400;\">: Cuando se adquieren productos en tiendas locales de frutas, verduras, panader\u00edas, carnicer\u00edas, locales de textiles y otros, es m\u00e1s probable que los productos hayan viajado menos que otros importados. En otras palabras, l<\/span><b>os productos locales tienen una menor huella de carbono en t\u00e9rminos de transporte y log\u00edstica<\/b><span style=\"font-weight: 400;\">.<\/span><\/p>\n<p><b>Tiene menos empaquetado<\/b><span style=\"font-weight: 400;\">: Los productos locales pueden tener <\/span><b>menos envases<\/b><span style=\"font-weight: 400;\"> ya que no necesitan ser envueltos en capas de<\/span><b> pl\u00e1stico o embalados en cajas<\/b><span style=\"font-weight: 400;\"> para soportar largas rutas de transporte.<\/span><\/p>\n<p><b>Es bueno para la salud<\/b><span style=\"font-weight: 400;\">: usualmente las compras en el entorno local exigen una <\/span><b>caminata recreativa<\/b><span style=\"font-weight: 400;\"> por un tiempo considerable, lo cual indefectiblemente beneficia a la salud.<\/span><\/p>\n<p><b>Construye una comunidad saludable<\/b><span style=\"font-weight: 400;\">: Las empresas locales tienen un valor comunitario, pueden proporcionar una plataforma que contribuye a <\/span><b>las relaciones sociales y une a los ciudadanos locales<\/b><span style=\"font-weight: 400;\">. Como resultado, <\/span><b>se forma una comunidad fuerte y el ambiente de vida se vuelve m\u00e1s amistoso<\/b><span style=\"font-weight: 400;\">.<\/span><\/p>\n<p><b>Mejora la econom\u00eda local<\/b><span style=\"font-weight: 400;\">: Cuando se consume localmente, m\u00e1s dinero permanece en la comunidad.<\/span><b> Las empresas locales recuperan m\u00e1s ingresos para la econom\u00eda local, lo que beneficia a toda la comunidad<\/b><span style=\"font-weight: 400;\">.<\/span><\/p>\n<p><b>Proporciona trabajo decente<\/b><span style=\"font-weight: 400;\">: A medida que las empresas locales sean m\u00e1s transparentes, el apoyo a las mismas puede <\/span><b>eliminar el trabajo forzoso, el trabajo infantil y las tareas mal pagadas<\/b><span style=\"font-weight: 400;\">. Esto puede ayudar a alcanzar el octavo punto de los<\/span><b> Objetivos de la Agenda para el Desarrollo Sostenible de 2030<\/b><span style=\"font-weight: 400;\">.<\/span><\/p>\n<p><span style=\"font-weight: 400;\">Existen un sin fin de problemas ligados a la moda, pero con el cambio paulatino en los<\/span><b> valores de los consumidores se va forjando una especie de juzgado de car\u00e1cter social y es el p\u00fablico quien advierte de actividades incorrectas<\/b><span style=\"font-weight: 400;\"> por parte de la industria, de la misma forma, se van presentado otros demandantes en el entorno, los cuales exigen la creaci\u00f3n de ropa de manera justa, que respete el medio ambiente, la integridad de trabajadores del rubro y la protecci\u00f3n de los animales.<\/span><\/p>\n<\/div><\/div><\/div><\/div><\/div>","protected":false},"excerpt":{"rendered":"<p>Lorem ipsum dolor sit amet, consectetur adipiscing elit. Nam pharetra dictum eleifend. Sed posuere magna at luctus pretium. Aliquam ligula sem, aliquet sit amet nisi ac, dignissim porta ipsum.<\/p>","protected":false},"author":9,"featured_media":5756,"comment_status":"open","ping_status":"open","sticky":false,"template":"","format":"standard","meta":{"_monsterinsights_skip_tracking":false,"_monsterinsights_sitenote_active":false,"_monsterinsights_sitenote_note":"","_monsterinsights_sitenote_category":0,"footnotes":""},"categories":[40],"tags":[93,89,48,92,47,96,88],"class_list":["post-5755","post","type-post","status-publish","format-standard","has-post-thumbnail","hentry","category-blog","tag-disenadores-sostenibles","tag-moda-etica","tag-moda-latina","tag-moda-latinoamericana","tag-moda-sostenible","tag-moda-sustentable","tag-universo-mola"],"_links":{"self":[{"href":"https:\/\/universomola.com\/en\/wp-json\/wp\/v2\/posts\/5755","targetHints":{"allow":["GET"]}}],"collection":[{"href":"https:\/\/universomola.com\/en\/wp-json\/wp\/v2\/posts"}],"about":[{"href":"https:\/\/universomola.com\/en\/wp-json\/wp\/v2\/types\/post"}],"author":[{"embeddable":true,"href":"https:\/\/universomola.com\/en\/wp-json\/wp\/v2\/users\/9"}],"replies":[{"embeddable":true,"href":"https:\/\/universomola.com\/en\/wp-json\/wp\/v2\/comments?post=5755"}],"version-history":[{"count":2,"href":"https:\/\/universomola.com\/en\/wp-json\/wp\/v2\/posts\/5755\/revisions"}],"predecessor-version":[{"id":5759,"href":"https:\/\/universomola.com\/en\/wp-json\/wp\/v2\/posts\/5755\/revisions\/5759"}],"wp:featuredmedia":[{"embeddable":true,"href":"https:\/\/universomola.com\/en\/wp-json\/wp\/v2\/media\/5756"}],"wp:attachment":[{"href":"https:\/\/universomola.com\/en\/wp-json\/wp\/v2\/media?parent=5755"}],"wp:term":[{"taxonomy":"category","embeddable":true,"href":"https:\/\/universomola.com\/en\/wp-json\/wp\/v2\/categories?post=5755"},{"taxonomy":"post_tag","embeddable":true,"href":"https:\/\/universomola.com\/en\/wp-json\/wp\/v2\/tags?post=5755"}],"curies":[{"name":"wp","href":"https:\/\/api.w.org\/{rel}","templated":true}]}}