{"id":5760,"date":"2021-02-25T21:13:22","date_gmt":"2021-02-26T00:13:22","guid":{"rendered":"http:\/\/desarrollosdeprueba.xyz\/universo_mola\/?p=5760"},"modified":"2021-08-08T21:15:08","modified_gmt":"2021-08-09T00:15:08","slug":"la-fuente-de-duchamp","status":"publish","type":"post","link":"https:\/\/universomola.com\/en\/la-fuente-de-duchamp\/","title":{"rendered":"LA FUENTE DE DUCHAMP"},"content":{"rendered":"<div class=\"fusion-fullwidth fullwidth-box fusion-builder-row-1 fusion-flex-container nonhundred-percent-fullwidth non-hundred-percent-height-scrolling\" style=\"--awb-border-radius-top-left:0px;--awb-border-radius-top-right:0px;--awb-border-radius-bottom-right:0px;--awb-border-radius-bottom-left:0px;--awb-flex-wrap:wrap;\" ><div class=\"fusion-builder-row fusion-row fusion-flex-align-items-flex-start fusion-flex-content-wrap\" style=\"max-width:1248px;margin-left: calc(-4% \/ 2 );margin-right: calc(-4% \/ 2 );\"><div class=\"fusion-layout-column fusion_builder_column fusion-builder-column-0 fusion_builder_column_1_1 1_1 fusion-flex-column\" style=\"--awb-bg-size:cover;--awb-width-large:100%;--awb-margin-top-large:0px;--awb-spacing-right-large:1.92%;--awb-margin-bottom-large:0px;--awb-spacing-left-large:1.92%;--awb-width-medium:100%;--awb-spacing-right-medium:1.92%;--awb-spacing-left-medium:1.92%;--awb-width-small:100%;--awb-spacing-right-small:1.92%;--awb-spacing-left-small:1.92%;\"><div class=\"fusion-column-wrapper fusion-flex-justify-content-flex-start fusion-content-layout-column\"><div class=\"fusion-text fusion-text-1\"><p><em><span style=\"color: #33cccc;\">Escrito por: Noticias <\/span><\/em><em><span style=\"color: #33cccc;\">de Universo MOLA<\/span><\/em><\/p>\n<p><i><span style=\"font-weight: 400;\">Por Laura Donoso, Colaboradora Colombia<\/span><\/i><\/p>\n<p><span style=\"font-weight: 400;\">Cuando se habla de moda la gente piensa en un estereotipo de modelo como objeto ligado al concepto, lo mismo pasa con la pasarela o el show. En significados literarios es conocida como un conjunto de prendas, y complementos basados en las costumbres colectivas y gustos individuales, pero esto solo le da caracter\u00edsticas superficiales a lo que expl\u00edcitamente est\u00e1 asociado al poder socioecon\u00f3mico, pol\u00edtico y la pertenencia (aun as\u00ed, no alcanza a abarcar todo lo que la moda representa). Es necesario darle a la moda la trascendencia que tiene.<\/span><\/p>\n<p><b>La moda as\u00ed como el arte trascienden de lo tangible, para convertirse en una expresi\u00f3n de la identidad humana propiamente.\u00a0<\/b><\/p>\n<p><span style=\"font-weight: 400;\">Para hablar de arte no es necesario referirse a Caravaggio, ni Miguel Angel, porque como pasa con la moda, la primera imagen se presenta como un exponente universal: un cuadro. El arte como dice Plat\u00f3n, es solo una copia de la realidad, un espejo tocado por la mano humana y puesto como sus ojos lo ve\u00edan. El dilema de si la moda es arte no es importante ni se quiere solucionar en este art\u00edculo, los dos son en s\u00ed la extensi\u00f3n de c\u00f3mo se siente el cuerpo; el arte por un lado pretende representar con im\u00e1genes f\u00edsicas lo que se tiene en la mente, y la moda la necesidad de apropiarse del cuerpo. Todas las texturas son v\u00e1lidas, los colores, y la transgresi\u00f3n. La moda existe en las calles como el insulto de las pasarelas, asi como el cuadro negro de Kazimir Malevich evoca lo insulso que no merece la atenci\u00f3n.\u00a0<\/span><\/p>\n<p><b>Cuando uno se refiere a las expresiones del ser, no es necesario ver lo que est\u00e1 debajo de las luces o el ruido<\/b><span style=\"font-weight: 400;\">, de lo soberbio de la pintura o lo majestuoso del performance, eso tan solo es muestra de lo que est\u00e1 dentro de uno. Para empaparse de la realidad solo hace falta ver afuera de la ventana, y tantear las impresiones que deja en s\u00ed mismo.\u00a0<\/span><\/p>\n<p><span style=\"font-weight: 400;\">La moda y el arte guardan el profundo anhelo de lo emocional, de transmitir lo que se esconde debajo de la piel, pintarse con telas y escribirse en colores, hablar lenguajes sin palabras. La prenda como expresi\u00f3n y el arte como conductor, es la b\u00fasqueda de fijar la esencia del alma en la forma corp\u00f3rea, hay que entonces desligarse de la idea de que la ropa es solo un elemento para suplir una necesidad fisiol\u00f3gica y el arte como un conjunto de reglas mec\u00e1nico que busca la est\u00e9tica.<\/span><\/p>\n<p><b>Muchas veces me he encontrado con gente que al usar alguna prenda sale con la frase \u201cNo me siento yo\u201d<\/b><span style=\"font-weight: 400;\">&#8211; es entonces cuando reafirmo la teor\u00eda de que en la mente humana no solo existe el racionalismo de que prenda es protecci\u00f3n o comodidad, sino la b\u00fasqueda emocional de la identidad. La mente act\u00faa conforme a este desprendimiento y podemos cuestionarnos si algo tan superficial puede llegar a quitar, cubrir o dar identidad, \u00bfacaso el cerebro humano busca proteger el cuerpo pero tambi\u00e9n nuestra esencia?\u00a0<\/span><\/p>\n<p><b>Entonces pienso en la firma del artista como un s\u00edmbolo de lealtad al nombre, y la moda en cada cultura como el sello de lo que es el ser.\u00a0<\/b><\/p>\n<p><span style=\"font-weight: 400;\">Quiero con esto finalizar diciendo que todo puede ser arte y todo puede ser moda porque estas no son situaciones elevadas que suceden en las galer\u00edas ni en las pasarelas, todo es un acto de revoluci\u00f3n, tienen que existir personas que sean capaces de ver en lo desabrido la puerta para lo nuevo. Hay que tener valor para hacer arte feo y moda que nadie quiere seguir.<\/span><\/p>\n<\/div><\/div><\/div><\/div><\/div>","protected":false},"excerpt":{"rendered":"<p>Lorem ipsum dolor sit amet, consectetur adipiscing elit. Nam pharetra dictum eleifend. Sed posuere magna at luctus pretium. Aliquam ligula sem, aliquet sit amet nisi ac, dignissim porta ipsum.<\/p>","protected":false},"author":9,"featured_media":5764,"comment_status":"open","ping_status":"open","sticky":false,"template":"","format":"standard","meta":{"_monsterinsights_skip_tracking":false,"_monsterinsights_sitenote_active":false,"_monsterinsights_sitenote_note":"","_monsterinsights_sitenote_category":0,"footnotes":""},"categories":[40],"tags":[93,89,48,92,47,96,88],"class_list":["post-5760","post","type-post","status-publish","format-standard","has-post-thumbnail","hentry","category-blog","tag-disenadores-sostenibles","tag-moda-etica","tag-moda-latina","tag-moda-latinoamericana","tag-moda-sostenible","tag-moda-sustentable","tag-universo-mola"],"_links":{"self":[{"href":"https:\/\/universomola.com\/en\/wp-json\/wp\/v2\/posts\/5760","targetHints":{"allow":["GET"]}}],"collection":[{"href":"https:\/\/universomola.com\/en\/wp-json\/wp\/v2\/posts"}],"about":[{"href":"https:\/\/universomola.com\/en\/wp-json\/wp\/v2\/types\/post"}],"author":[{"embeddable":true,"href":"https:\/\/universomola.com\/en\/wp-json\/wp\/v2\/users\/9"}],"replies":[{"embeddable":true,"href":"https:\/\/universomola.com\/en\/wp-json\/wp\/v2\/comments?post=5760"}],"version-history":[{"count":1,"href":"https:\/\/universomola.com\/en\/wp-json\/wp\/v2\/posts\/5760\/revisions"}],"predecessor-version":[{"id":5765,"href":"https:\/\/universomola.com\/en\/wp-json\/wp\/v2\/posts\/5760\/revisions\/5765"}],"wp:featuredmedia":[{"embeddable":true,"href":"https:\/\/universomola.com\/en\/wp-json\/wp\/v2\/media\/5764"}],"wp:attachment":[{"href":"https:\/\/universomola.com\/en\/wp-json\/wp\/v2\/media?parent=5760"}],"wp:term":[{"taxonomy":"category","embeddable":true,"href":"https:\/\/universomola.com\/en\/wp-json\/wp\/v2\/categories?post=5760"},{"taxonomy":"post_tag","embeddable":true,"href":"https:\/\/universomola.com\/en\/wp-json\/wp\/v2\/tags?post=5760"}],"curies":[{"name":"wp","href":"https:\/\/api.w.org\/{rel}","templated":true}]}}