{"id":5766,"date":"2021-03-02T21:16:00","date_gmt":"2021-03-03T00:16:00","guid":{"rendered":"http:\/\/desarrollosdeprueba.xyz\/universo_mola\/?p=5766"},"modified":"2021-08-08T21:17:06","modified_gmt":"2021-08-09T00:17:06","slug":"residuos","status":"publish","type":"post","link":"https:\/\/universomola.com\/en\/residuos\/","title":{"rendered":"RESIDUOS"},"content":{"rendered":"<div class=\"fusion-fullwidth fullwidth-box fusion-builder-row-1 fusion-flex-container nonhundred-percent-fullwidth non-hundred-percent-height-scrolling\" style=\"--awb-border-radius-top-left:0px;--awb-border-radius-top-right:0px;--awb-border-radius-bottom-right:0px;--awb-border-radius-bottom-left:0px;--awb-flex-wrap:wrap;\" ><div class=\"fusion-builder-row fusion-row fusion-flex-align-items-flex-start fusion-flex-content-wrap\" style=\"max-width:1248px;margin-left: calc(-4% \/ 2 );margin-right: calc(-4% \/ 2 );\"><div class=\"fusion-layout-column fusion_builder_column fusion-builder-column-0 fusion_builder_column_1_1 1_1 fusion-flex-column\" style=\"--awb-bg-size:cover;--awb-width-large:100%;--awb-margin-top-large:0px;--awb-spacing-right-large:1.92%;--awb-margin-bottom-large:0px;--awb-spacing-left-large:1.92%;--awb-width-medium:100%;--awb-spacing-right-medium:1.92%;--awb-spacing-left-medium:1.92%;--awb-width-small:100%;--awb-spacing-right-small:1.92%;--awb-spacing-left-small:1.92%;\"><div class=\"fusion-column-wrapper fusion-flex-justify-content-flex-start fusion-content-layout-column\"><div class=\"fusion-text fusion-text-1\"><p><em><span style=\"color: #33cccc;\">Escrito por: Noticias <\/span><\/em><em><span style=\"color: #33cccc;\">de Universo MOLA<\/span><\/em><\/p>\n<p><span style=\"color: #999999;\"><i><span style=\"font-weight: 400;\">Por Victoria Arizabalo, Colaboradora Uruguay<\/span><\/i><\/span><\/p>\n<p><b>En el proceso de regeneraci\u00f3n, estamos continuamente cuestionandonos aquello que damos por sentado<\/b><span style=\"font-weight: 400;\">. Desde nuestras creencias heredadas, hasta los conceptos o celebraciones que tenemos automatizadas. <\/span><span style=\"font-weight: 400;\">Se han preguntado \u00bfQu\u00e9 es un residuo? Nuestra percepci\u00f3n de los residuos \u00bfse basa en su etimolog\u00eda o en lo que hemos construido socialmente? <\/span><span style=\"font-weight: 400;\">Veamos al final del art\u00edculo, si nuestra percepci\u00f3n es la misma.<\/span><\/p>\n<p><span style=\"font-weight: 400;\">\u00a0<\/span><span style=\"font-weight: 400;\">La aceleraci\u00f3n del desarrollo econ\u00f3mico y social en relaci\u00f3n al consumo r\u00e1pido, \u201cuse y tire\u201d creo ha distorsionado lo que es un<\/span><i><span style=\"font-weight: 400;\"> residuo<\/span><\/i><span style=\"font-weight: 400;\">, incluso llegado a confundirlo con lo que consideramos <\/span><i><span style=\"font-weight: 400;\">basura. <\/span><\/i><span style=\"font-weight: 400;\">La Organizaci\u00f3n de las Naciones Unidas, define los residuos como <\/span><i><span style=\"font-weight: 400;\">\u00a0\u201cTodo material que no tiene un valor de uso directo y que es descartado por su propietario\u201d.\u00a0 <\/span><\/i><span style=\"font-weight: 400;\">En principio, estamos hablando de un material, el cual probablemente haya sido producido con un fin y como todo sistema de producci\u00f3n, ha de ser c\u00edclico. Por lo que, asumimos la responsabilidad como propietarios desde el momento en que lo adquirimos, hasta que pierde su valor originario, tomando especial cuidado en \u00e9sta \u00faltima etapa, para no deshacernos como si desapareciera de la faz de la tierra. Especialmente, porque todo acaba en un espacio y afecta su entorno natural. Pero tambi\u00e9n lo que ha perdido su valor originario para algun@s, puede ser una oportunidad para otr@s. Imag\u00ednense cu\u00e1ntos valores podr\u00eda recobrar un material.<\/span><\/p>\n<p><span style=\"font-weight: 400;\">Concebir nuestro entorno desde una perspectiva c\u00edclica nos permite <\/span><b>Reciclar, Reutilizar y Reducir en colectivo<\/b><span style=\"font-weight: 400;\">, lo que para m\u00ed puede haber cumplido su ciclo, puede ser para otros tan solo el comienzo de un gran proceso. Procesos que en su mayor\u00eda, contribuyen a la generaci\u00f3n de puestos de trabajo y cuidando de c\u00f3mo gestionamos los residuos domiciliarios, habla tambi\u00e9n del respeto y la empat\u00eda ante las condiciones laborales de estas personas. Hacernos conscientes de todo el ciclo de vida \u00fatil de lo que consumimos, nos da claridad de los residuos que generamos, y as\u00ed, tomar responsabilidad por ello.<\/span><\/p>\n<p><b>No somos capaces de identificar la cantidad de residuos que generamos, hasta que vemos <\/b><b><i>el reflejo de nuestro consumo.<\/i><\/b><\/p>\n<p><span style=\"font-weight: 400;\">\u00a1Y que importante es enfrentarnos a esa realidad! Verlo con nuestros propios ojos, puede hasta darnos miedo. Pero como todo proceso, identificar nos permite reconocer para tomar responsabilidad y acci\u00f3n hacia un camino m\u00e1s sostenible. Enfrent\u00e9monos a nuestro contenedor de residuos, el compromiso individual, es el primer paso para la construcci\u00f3n del bienestar de la comunidad. Ahora bien, su idea de lo que un residuo es, \u00bfcontin\u00faa siendo la misma que al comienzo del art\u00edculo?<\/span><\/p>\n<p><b>Hemos distorsionado los conceptos de basura y residuo<\/b><span style=\"font-weight: 400;\">, incluso pensando que son lo mismo. Cuando en realidad, afirma Edith Medina <\/span><i><span style=\"font-weight: 400;\">\u201cLa basura es un error de dise\u00f1o y consumo. Y de c\u00f3mo nos relacionamos con el concepto de residuo.\u201d <\/span><\/i><span style=\"font-weight: 400;\">(III Foro Inspiracional, MOLA, 2020) Podr\u00edamos entonces afirmar, que la basura es un concepto que hemos creado a partir de nuestros propias malas decisiones. Reconociendo entonces que nuestros residuos hablan de nuestro consumo, y que el valor originario solo es uno de los tantos que un material podr\u00eda tener: D\u00e9mosle la bienvenida al grupo a esta nueva conceptualizaci\u00f3n que nos invita a ser amigos de aquello que \u201cdesechamos\u201d.\u00a0<\/span><\/p>\n<p><span style=\"font-weight: 400;\">Tenemos suficientes motivos, el inicio de concepci\u00f3n de otro valor; empleo de un grupo de personas; la posibilidad de reducir la contaminaci\u00f3n ambiental; fuente de innovaci\u00f3n y creatividad para nuevas propuestas.<\/span><\/p>\n<p><span style=\"font-weight: 400;\">Pero por sobre todos ellos: detener la generaci\u00f3n de nuevas cosas para <\/span><b>REgenerar <\/b><span style=\"font-weight: 400;\">lo que ya existe.<\/span><\/p>\n<p><b>\u00bfEst\u00e1n listos para enfrentarse a su contenedor de residuos y reflejar una silueta de consumo responsable? \u00a1WE CAN DO IT!<\/b><\/p>\n<\/div><\/div><\/div><\/div><\/div>","protected":false},"excerpt":{"rendered":"<p>Lorem ipsum dolor sit amet, consectetur adipiscing elit. Nam pharetra dictum eleifend. Sed posuere magna at luctus pretium. Aliquam ligula sem, aliquet sit amet nisi ac, dignissim porta ipsum.<\/p>","protected":false},"author":9,"featured_media":5767,"comment_status":"open","ping_status":"open","sticky":false,"template":"","format":"standard","meta":{"_monsterinsights_skip_tracking":false,"_monsterinsights_sitenote_active":false,"_monsterinsights_sitenote_note":"","_monsterinsights_sitenote_category":0,"footnotes":""},"categories":[40],"tags":[93,89,48,92,47,96,88],"class_list":["post-5766","post","type-post","status-publish","format-standard","has-post-thumbnail","hentry","category-blog","tag-disenadores-sostenibles","tag-moda-etica","tag-moda-latina","tag-moda-latinoamericana","tag-moda-sostenible","tag-moda-sustentable","tag-universo-mola"],"_links":{"self":[{"href":"https:\/\/universomola.com\/en\/wp-json\/wp\/v2\/posts\/5766","targetHints":{"allow":["GET"]}}],"collection":[{"href":"https:\/\/universomola.com\/en\/wp-json\/wp\/v2\/posts"}],"about":[{"href":"https:\/\/universomola.com\/en\/wp-json\/wp\/v2\/types\/post"}],"author":[{"embeddable":true,"href":"https:\/\/universomola.com\/en\/wp-json\/wp\/v2\/users\/9"}],"replies":[{"embeddable":true,"href":"https:\/\/universomola.com\/en\/wp-json\/wp\/v2\/comments?post=5766"}],"version-history":[{"count":1,"href":"https:\/\/universomola.com\/en\/wp-json\/wp\/v2\/posts\/5766\/revisions"}],"predecessor-version":[{"id":5768,"href":"https:\/\/universomola.com\/en\/wp-json\/wp\/v2\/posts\/5766\/revisions\/5768"}],"wp:featuredmedia":[{"embeddable":true,"href":"https:\/\/universomola.com\/en\/wp-json\/wp\/v2\/media\/5767"}],"wp:attachment":[{"href":"https:\/\/universomola.com\/en\/wp-json\/wp\/v2\/media?parent=5766"}],"wp:term":[{"taxonomy":"category","embeddable":true,"href":"https:\/\/universomola.com\/en\/wp-json\/wp\/v2\/categories?post=5766"},{"taxonomy":"post_tag","embeddable":true,"href":"https:\/\/universomola.com\/en\/wp-json\/wp\/v2\/tags?post=5766"}],"curies":[{"name":"wp","href":"https:\/\/api.w.org\/{rel}","templated":true}]}}