{"id":5769,"date":"2021-03-09T21:17:31","date_gmt":"2021-03-10T00:17:31","guid":{"rendered":"http:\/\/desarrollosdeprueba.xyz\/universo_mola\/?p=5769"},"modified":"2021-08-08T21:23:11","modified_gmt":"2021-08-09T00:23:11","slug":"maria-bouvier-la-marca-uruguaya-amante-del-color-y-de-la-sostenibilidad","status":"publish","type":"post","link":"https:\/\/universomola.com\/en\/maria-bouvier-la-marca-uruguaya-amante-del-color-y-de-la-sostenibilidad\/","title":{"rendered":"MAR\u00cdA BOUVIER, LA MARCA URUGUAYA AMANTE DEL COLOR Y DE LA SOSTENIBILIDAD"},"content":{"rendered":"<div class=\"fusion-fullwidth fullwidth-box fusion-builder-row-1 fusion-flex-container nonhundred-percent-fullwidth non-hundred-percent-height-scrolling\" style=\"--awb-border-radius-top-left:0px;--awb-border-radius-top-right:0px;--awb-border-radius-bottom-right:0px;--awb-border-radius-bottom-left:0px;--awb-flex-wrap:wrap;\" ><div class=\"fusion-builder-row fusion-row fusion-flex-align-items-flex-start fusion-flex-content-wrap\" style=\"max-width:1248px;margin-left: calc(-4% \/ 2 );margin-right: calc(-4% \/ 2 );\"><div class=\"fusion-layout-column fusion_builder_column fusion-builder-column-0 fusion_builder_column_1_1 1_1 fusion-flex-column\" style=\"--awb-bg-size:cover;--awb-width-large:100%;--awb-margin-top-large:0px;--awb-spacing-right-large:1.92%;--awb-margin-bottom-large:0px;--awb-spacing-left-large:1.92%;--awb-width-medium:100%;--awb-spacing-right-medium:1.92%;--awb-spacing-left-medium:1.92%;--awb-width-small:100%;--awb-spacing-right-small:1.92%;--awb-spacing-left-small:1.92%;\"><div class=\"fusion-column-wrapper fusion-flex-justify-content-flex-start fusion-content-layout-column\"><div class=\"fusion-text fusion-text-1\"><p><em><span style=\"color: #33cccc;\">Escrito por: Noticias <\/span><\/em><em><span style=\"color: #33cccc;\">de Universo MOLA<\/span><\/em><\/p>\n<p><i><span style=\"font-weight: 400;\">Por Nicole Benavides, Colaboradora Colombia<\/span><\/i><\/p>\n<p><span style=\"font-weight: 400;\">\u201cMujeres que visten sus valores.\u201d Esta es la descripci\u00f3n que nos topamos cuando visitamos el perfil de Instagram de la marca uruguaya <\/span><a href=\"https:\/\/www.instagram.com\/maria.bouvier\/?hl=es-la\"><b>Mar\u00eda Bouvier<\/b><\/a><span style=\"font-weight: 400;\">, la cual, su principal caracter\u00edstica es el uso de diferentes elementos naturales como la c\u00e1scara de cebollas, flores de hibisco, p\u00e9talos de rosas, c\u00farcuma y otros tantos, para darle vida a sus prendas a trav\u00e9s del te\u00f1ido natural. Adem\u00e1s de esto, la marca se destaca por su modelo de producci\u00f3n lento \u2013 todas sus piezas se fabrican a pedido \u2013, sus dise\u00f1os atemporales y por el uso de algod\u00f3n org\u00e1nico certificado en todas sus creaciones.\u00a0<\/span><\/p>\n<p><span style=\"font-weight: 400;\">Mar\u00eda Alejandra Bouvier es la persona quien est\u00e1 detr\u00e1s de cada proceso. Ella, en su posici\u00f3n de directora creativa, nos platica un poco m\u00e1s acerca de su marca hom\u00f3nima y la forma en que logro unir sus tres pasiones: el color, el medio ambiente y la moda.<\/span><\/p>\n<p><img decoding=\"async\" class=\"alignnone size-full wp-image-5771 lazyload\" data-src=\"http:\/\/desarrollosdeprueba.xyz\/universo_mola\/wp-content\/uploads\/2021\/08\/Captura267.png\" alt=\"\" width=\"241\" height=\"337\" data-srcset=\"https:\/\/universomola.com\/wp-content\/uploads\/2021\/08\/Captura267-200x280.png 200w, https:\/\/universomola.com\/wp-content\/uploads\/2021\/08\/Captura267-215x300.png 215w, https:\/\/universomola.com\/wp-content\/uploads\/2021\/08\/Captura267.png 241w\" data-sizes=\"(max-width: 241px) 100vw, 241px\" src=\"data:image\/svg+xml;base64,PHN2ZyB3aWR0aD0iMSIgaGVpZ2h0PSIxIiB4bWxucz0iaHR0cDovL3d3dy53My5vcmcvMjAwMC9zdmciPjwvc3ZnPg==\" style=\"--smush-placeholder-width: 241px; --smush-placeholder-aspect-ratio: 241\/337;\" \/><\/p>\n<p><b>\u00bfC\u00f3mo fue ese encuentro personal con la sostenibilidad? \u00bfEn qu\u00e9 momento surgi\u00f3 este inter\u00e9s?\u00a0<\/b><\/p>\n<p><span style=\"font-weight: 400;\">En realidad, <\/span><b>toda la parte ecol\u00f3gica siempre fue un inter\u00e9s personal,<\/b><span style=\"font-weight: 400;\"> pero encarado hacia el lado de la moda empez\u00f3 cuando descubr\u00ed la parte de los te\u00f1idos naturales. En ese momento estaba en Nueva York, me hab\u00eda ido a hacer una especializaci\u00f3n en color y en realidad todo fue por un libro que compr\u00e9 un d\u00eda y hablaba de varias personas que est\u00e1n detr\u00e1s del mundo de la moda y pasan desapercibidas.\u00a0<\/span><\/p>\n<p><span style=\"font-weight: 400;\">Hablaba de una muchacha que hac\u00eda te\u00f1idos naturales y me encant\u00f3 la idea. Siempre me gust\u00f3 la parte manual: te\u00f1ir, bordar y la parte del color siempre fue de mucho inter\u00e9s para m\u00ed y esto un\u00eda las dos partes, me dejaba crear mis propios colores y hacerlo de formar sostenible, con elementos naturales.\u00a0<\/span><\/p>\n<p><b>\u00bfFue este acercamiento con el te\u00f1ido natural un impulso para crear una marca propia?\u00a0\u00a0<\/b><\/p>\n<p><span style=\"font-weight: 400;\">Sab\u00eda que en alg\u00fan momento quer\u00eda crear una marca, pero s\u00ed, como que hasta ese momento no me hab\u00eda dado cuenta porque lado quer\u00eda ir. Cuando empec\u00e9 con lo de los te\u00f1idos dije: seguro es por ac\u00e1, esto es lo que me encanta, y bueno, ah\u00ed lo enfoqu\u00e9 hacia un lado de moda sustentable. A partir de esto, empec\u00e9 a investigar un poco sobre tejidos naturales, qu\u00e9 fibras pod\u00edan ser, por qu\u00e9 el algod\u00f3n com\u00fan no y el org\u00e1nico si, etc.<\/span><\/p>\n<p><b>\u00bfC\u00f3mo es el proceso de te\u00f1ir una prenda naturalmente?\u00a0<\/b><\/p>\n<p><span style=\"font-weight: 400;\">El te\u00f1ido es s\u00faper variable, si el pH del agua cambi\u00f3, el color te va a quedar distinto. Si no lavaste bien la olla y le qued\u00f3 un poco de lim\u00f3n del te\u00f1ido anterior, el color va a ser otro. As\u00ed que, por m\u00e1s que yo haga la receta del te\u00f1ido exactamente igual, nunca el color va a quedar exactamente igual uno que otro y bueno, eso es lo que le da el encanto de que<\/span><b> terminan siendo prendas \u00fanicas<\/b><span style=\"font-weight: 400;\">. No queda un te\u00f1ido parejo industrial porque es una t\u00e9cnica artesanal y es imposible, esas cosas son las que le van dando a la prenda sus detalles distintivos y la hacen \u00fanica, lo tom\u00f3 como un valor agregado y la gente lo sabe interpretar as\u00ed, no van a haber dos exactamente igual.\u00a0<\/span><\/p>\n<p><b>\u00bfT\u00fa misma ti\u00f1es las prendas?\u00a0<\/b><\/p>\n<p><span style=\"font-weight: 400;\">S\u00ed, yo hoy en d\u00eda hago todo porque soy la \u00fanica persona que est\u00e1 en el emprendimiento. La idea es que, no en mucho tiempo, podamos agrandarnos un poquito porque los primeros a\u00f1os fueron de trabajo y seguir trabajando, ahora reci\u00e9n estoy empezando a ver los frutos y a crecer un poco m\u00e1s.\u00a0<\/span><\/p>\n<p><span style=\"font-weight: 400;\">Si bien hoy en d\u00eda no confecciono yo misma \u2013 tengo talleres en donde tercerizo la confecci\u00f3n \u2013la parte de modelaje y muchas veces la parte del corte de las producciones lo hago yo. Hay momentos en que no me da para ocuparme bien de todo, la idea es ampliar un poquito y tener m\u00e1s gente en el equipo para asistir con todo el proceso productivo.\u00a0<\/span><\/p>\n<p><img decoding=\"async\" class=\"alignnone size-full wp-image-5770 lazyload\" data-src=\"http:\/\/desarrollosdeprueba.xyz\/universo_mola\/wp-content\/uploads\/2021\/08\/Captura266.png\" alt=\"\" width=\"313\" height=\"364\" data-srcset=\"https:\/\/universomola.com\/wp-content\/uploads\/2021\/08\/Captura266-200x233.png 200w, https:\/\/universomola.com\/wp-content\/uploads\/2021\/08\/Captura266-258x300.png 258w, https:\/\/universomola.com\/wp-content\/uploads\/2021\/08\/Captura266.png 313w\" data-sizes=\"(max-width: 313px) 100vw, 313px\" src=\"data:image\/svg+xml;base64,PHN2ZyB3aWR0aD0iMSIgaGVpZ2h0PSIxIiB4bWxucz0iaHR0cDovL3d3dy53My5vcmcvMjAwMC9zdmciPjwvc3ZnPg==\" style=\"--smush-placeholder-width: 313px; --smush-placeholder-aspect-ratio: 313\/364;\" \/><\/p>\n<p><b>Por \u00faltimo, \u00bfc\u00f3mo ha afectado la llegada de la pandemia a tu marca? \u00bfha habido alg\u00fan cambio significativo?\u00a0<\/b><\/p>\n<p><span style=\"font-weight: 400;\">Quiz\u00e1 yo en mi proceso creativo no he tenido que cambiar, como trabajo sola siempre he podido trabajar a mi ritmo. Al principio algunos talleres hab\u00edan parado entonces ah\u00ed se dificultaba todo el tema de corte y confecci\u00f3n.<\/span><\/p>\n<p><b>El trabajo se ha mantenido igual, pero si creci\u00f3 el inter\u00e9s en la marca.<\/b><span style=\"font-weight: 400;\"> Yo desde el 2019 estoy en un proceso de internacionalizaci\u00f3n, empec\u00e9 a ir a ferias en Nueva York de venta al por mayor y es m\u00e1s que nada el trabajo m\u00e1s grande que estoy haciendo desde Mar\u00eda Bouvier.\u00a0 En el 2020 la exportaci\u00f3n creci\u00f3 much\u00edsimo.\u00a0<\/span><\/p>\n<p><span style=\"font-weight: 400;\">Creo que con todo lo de la pandemia, la gente como que empez\u00f3 a <\/span><i><span style=\"font-weight: 400;\">interesarse en la moda sostenible<\/span><\/i><span style=\"font-weight: 400;\"> y la pandemia solo aceler\u00f3 ese proceso.\u00a0\u00a0<\/span><\/p>\n<p><b>Entrevista por:<\/b> <b><i>Nicole Alejandra Benavides<\/i><\/b><\/p>\n<p><b>Entrevista a: <\/b><span style=\"font-weight: 400;\">Mar\u00eda Alejandra Bouvier, creadora y directora creativa de Mar\u00eda Bouvier<\/span><\/p>\n<\/div><\/div><\/div><\/div><\/div>","protected":false},"excerpt":{"rendered":"<p>Lorem ipsum dolor sit amet, consectetur adipiscing elit. Nam pharetra dictum eleifend. Sed posuere magna at luctus pretium. Aliquam ligula sem, aliquet sit amet nisi ac, dignissim porta ipsum.<\/p>","protected":false},"author":9,"featured_media":5772,"comment_status":"open","ping_status":"open","sticky":false,"template":"","format":"standard","meta":{"_monsterinsights_skip_tracking":false,"_monsterinsights_sitenote_active":false,"_monsterinsights_sitenote_note":"","_monsterinsights_sitenote_category":0,"footnotes":""},"categories":[40],"tags":[93,89,48,92,47,96,88],"class_list":["post-5769","post","type-post","status-publish","format-standard","has-post-thumbnail","hentry","category-blog","tag-disenadores-sostenibles","tag-moda-etica","tag-moda-latina","tag-moda-latinoamericana","tag-moda-sostenible","tag-moda-sustentable","tag-universo-mola"],"_links":{"self":[{"href":"https:\/\/universomola.com\/en\/wp-json\/wp\/v2\/posts\/5769","targetHints":{"allow":["GET"]}}],"collection":[{"href":"https:\/\/universomola.com\/en\/wp-json\/wp\/v2\/posts"}],"about":[{"href":"https:\/\/universomola.com\/en\/wp-json\/wp\/v2\/types\/post"}],"author":[{"embeddable":true,"href":"https:\/\/universomola.com\/en\/wp-json\/wp\/v2\/users\/9"}],"replies":[{"embeddable":true,"href":"https:\/\/universomola.com\/en\/wp-json\/wp\/v2\/comments?post=5769"}],"version-history":[{"count":1,"href":"https:\/\/universomola.com\/en\/wp-json\/wp\/v2\/posts\/5769\/revisions"}],"predecessor-version":[{"id":5773,"href":"https:\/\/universomola.com\/en\/wp-json\/wp\/v2\/posts\/5769\/revisions\/5773"}],"wp:featuredmedia":[{"embeddable":true,"href":"https:\/\/universomola.com\/en\/wp-json\/wp\/v2\/media\/5772"}],"wp:attachment":[{"href":"https:\/\/universomola.com\/en\/wp-json\/wp\/v2\/media?parent=5769"}],"wp:term":[{"taxonomy":"category","embeddable":true,"href":"https:\/\/universomola.com\/en\/wp-json\/wp\/v2\/categories?post=5769"},{"taxonomy":"post_tag","embeddable":true,"href":"https:\/\/universomola.com\/en\/wp-json\/wp\/v2\/tags?post=5769"}],"curies":[{"name":"wp","href":"https:\/\/api.w.org\/{rel}","templated":true}]}}