{"id":5774,"date":"2021-03-16T21:28:22","date_gmt":"2021-03-17T00:28:22","guid":{"rendered":"http:\/\/desarrollosdeprueba.xyz\/universo_mola\/?p=5774"},"modified":"2021-08-08T21:30:35","modified_gmt":"2021-08-09T00:30:35","slug":"del-diseno-a-lo-social","status":"publish","type":"post","link":"https:\/\/universomola.com\/en\/del-diseno-a-lo-social\/","title":{"rendered":"DEL DISE\u00d1O A LO SOCIAL"},"content":{"rendered":"<div class=\"fusion-fullwidth fullwidth-box fusion-builder-row-1 fusion-flex-container nonhundred-percent-fullwidth non-hundred-percent-height-scrolling\" style=\"--awb-border-radius-top-left:0px;--awb-border-radius-top-right:0px;--awb-border-radius-bottom-right:0px;--awb-border-radius-bottom-left:0px;--awb-flex-wrap:wrap;\" ><div class=\"fusion-builder-row fusion-row fusion-flex-align-items-flex-start fusion-flex-content-wrap\" style=\"max-width:1248px;margin-left: calc(-4% \/ 2 );margin-right: calc(-4% \/ 2 );\"><div class=\"fusion-layout-column fusion_builder_column fusion-builder-column-0 fusion_builder_column_1_1 1_1 fusion-flex-column\" style=\"--awb-bg-size:cover;--awb-width-large:100%;--awb-margin-top-large:0px;--awb-spacing-right-large:1.92%;--awb-margin-bottom-large:0px;--awb-spacing-left-large:1.92%;--awb-width-medium:100%;--awb-spacing-right-medium:1.92%;--awb-spacing-left-medium:1.92%;--awb-width-small:100%;--awb-spacing-right-small:1.92%;--awb-spacing-left-small:1.92%;\"><div class=\"fusion-column-wrapper fusion-flex-justify-content-flex-start fusion-content-layout-column\"><div class=\"fusion-text fusion-text-1\"><p><em><span style=\"color: #33cccc;\">Escrito por: Noticias <\/span><\/em><em><span style=\"color: #33cccc;\">de Universo MOLA<\/span><\/em><\/p>\n<p><i><span style=\"font-weight: 400;\">Por Maria Alejandra Vallejo Martinez, Voz Colombia<\/span><\/i><\/p>\n<p><b>El dise\u00f1o sea de modas, visual, industrial, de interiores, de arte, editorial, de cualquier forma final que aplique en su apellido, tiene como prop\u00f3sito por medio de herramientas como la observaci\u00f3n, la creatividad, e interpretacion, generar proyectos con un uso espec\u00edfico y unos principios semi\u00f3ticos y est\u00e9ticos que se alinean a la finalidad de la necesidad<\/b><span style=\"font-weight: 400;\">; aunque en un principio el dise\u00f1o pareciera como un tema totalmente externo a la esfera cotidiana, que va a exploraciones art\u00edsticas y que denota un cierto tema exclusivo e inalcanzable que solo algunos podr\u00edan entender o usar, el dise\u00f1o es en realidad m\u00e1s cercano de lo que creemos, pues se vincula a la sociedad de una manera compenetrada.<\/span><\/p>\n<p><span style=\"font-weight: 400;\">La sociedad representa el principio y fin para el dise\u00f1o, pues es el referente, el anunciante y el que acoge finalmente el proyecto dise\u00f1ado, as\u00ed de una manera casi complicitiva el dise\u00f1o nace, vive y respira sociedad, aunque muchos no lo identifiquen de esa manera, <\/span><b>la realidad es que el dise\u00f1o est\u00e1 para interpretar necesidades de la sociedad y aportar soluciones<\/b><span style=\"font-weight: 400;\">, aunque en el com\u00fan denominador social es normal este pensamiento donde el dise\u00f1o no est\u00e1 en la cotidianidad, pareciera en muchos casos, que ese factor y pensamiento se ha empezado a colar cada dia mas en el constructo del dise\u00f1o y se ha vuelto parte de la manera en la que los dise\u00f1adores generan sus procesos, para poder analizar este tema hablaremos espec\u00edficamente del sistema moda.<\/span><\/p>\n<p><b>En esta disciplina donde el alma del dise\u00f1o es la sociedad, pareciera en muchos casos que se convirti\u00f3 solo en referente est\u00e9tico y la sociedad recipiente de proyectos que existen sin prop\u00f3sito<\/b><span style=\"font-weight: 400;\">, personas oprimidas por el sistema, desechos de los procesos, problemas mentales, f\u00edsicos y muchas cosas m\u00e1s, que m\u00e1s que aportar soluciones a los problemas actuales de la sociedad y decir algo relevante de la misma apoyan ciclos que son da\u00f1inos para la misma, esto es un hecho realmente lamentable, porque la sociedad y sus necesidades m\u00e1s all\u00e1 de lo est\u00e9tico deben ser la base, es decir los problemas sociales deben ser el pilar b\u00e1sico que nutra al dise\u00f1ador para por medio de su conocimiento, intuici\u00f3n y trabajo pueda generar proyectos que impacten a la sociedad y la vida de sus individuos. Entonces debemos preguntarnos <\/span><b>\u00bfPor qu\u00e9 se est\u00e1 olvidando este principio base del dise\u00f1o? <\/b><span style=\"font-weight: 400;\">Encontrar causas y poder plantearnos proyectos con base a la pregunta <\/span><b>\u00bfC\u00f3mo podemos incorporarlo de nuevo?<\/b><\/p>\n<p><b>La primera idea para poder responder la causa es bastante sencilla y conflictiva a la vez<\/b><span style=\"font-weight: 400;\">, porque muestra las din\u00e1micas tan problem\u00e1ticas que se tienen actualmente, la realidad se divide en dos partes pero tiene m\u00faltiples actores, <\/span><b>en la primera realidad entran muchos que reconocen el problema pero deciden pasarlo por alto porque tienen intereses acumulativos frente al dinero y ansias de poder<\/b><span style=\"font-weight: 400;\">, dentro de aqu\u00ed se encuentran muchas de las grandes empresas y personas con alto poder adquisitivo, que cuentan no solo con la infraestructura sino que el capital para cambiar estos modelos, pero que no est\u00e1n dispuestos a ceder terreno puesto que sus modelos de negocios se basan en la explotaci\u00f3n de los eslabones y aprovecharse de los mismos problemas sociales para poder incrementar sus ventas, estas personas son las que no quieren hacer nada porque se desconectaron de la realidad social, puesto que su entorno y las personas con las que conectan est\u00e1n en un mismo factor de crecimiento que ellos, generando constante competencia y estos procesos cesan su empat\u00eda y les permiten hacer cosas cuestionables para mantener su estatus.<\/span><\/p>\n<p><b>La segunda parte tiene a muchos a los que el olvido del factor social y ambiental les fue impuesto<\/b> <b>como un factor de mera supervivencia<\/b><span style=\"font-weight: 400;\">, porque no podemos culpar a las ganas de vender de una persona, emprendimiento o peque\u00f1a empresa, puesto que el modelo en el que estamos prioriza este factor y genera din\u00e1micas donde la supervivencia es a buscar el pan de cada d\u00eda, es importante recalcar que son personas que posiblemente no poseen el capital para generar el cambio, y tambi\u00e9n\u00a0 est\u00e1n en este conjunto los consumidores que se ven obligados a tomar la econom\u00eda de sus hogares como factor primordial para escoger que pueden permitirse comprar, debemos recordar que para el ser humano escoger la supervivencia es primordial, y a esto se adiciona que muy pocos tienen conocimiento de las nuevas formas en las que pueden conectar los factores econ\u00f3micos, sociales y ambientales para generar triple impacto, y continuar teniendo ventas estables con las que puedan sobrevivir,\u00a0 adem\u00e1s est\u00e1n encerrados en una sociedad para la que el cambio es lento y que no les brinda informaci\u00f3n sobre d\u00f3nde encontrar informaci\u00f3n que ayude a sus negocios, o donde encontrar negocios que les permitan esa flexibilidad que necesitan, estos son los que creen que no pueden.<\/span><\/p>\n<p><b>Entre los que no quieren y los que creen que no pueden, como comunidad terminamos no haciendo mucho<\/b><span style=\"font-weight: 400;\">, porque por mucho que existan los que quieren, los que tienen el capital y buscan generar cambio, en latinoam\u00e9rica la desigualdad econ\u00f3mica es tan grande que no permite que el cambio se d\u00e9 r\u00e1pidamente, por eso es tan importante llegar a m\u00e1s personas para educar, inspirar y acompa\u00f1ar a estas personas a generar sinergias que no sacrifiquen la necesidad de supervivencia sino que la pongan como fase primordial del bienestar y que generen proyectos que respondan a las necesidades sociales al mismo tiempo que impactan las realidades econ\u00f3micas y ambientales.<\/span><\/p>\n<p><span style=\"font-weight: 400;\">Una vez tocamos la causa de manera general <\/span><b>debemos hablar de c\u00f3mo podemos volver a tomar control de los procesos<\/b><span style=\"font-weight: 400;\">, como dise\u00f1adores tenemos la obligaci\u00f3n desde nuestro proceso de generar cambios que generen impacto, de esta premisa nace un concepto de constante evoluci\u00f3n y que est\u00e1 entrelaz\u00e1ndose en las actualidad, el dise\u00f1o social es realmente un dise\u00f1o basado en la empat\u00eda, en buscar realmente las necesidades de la sociedad, de todos los grupos que est\u00e1n incluidos en ella e interpretar estos momentos de tensi\u00f3n que se provocan con los constantes cambios para poder responder y reflejar estos pensamientos, intenciones, emociones y necesidades que articulamos como colectivo, esto no significa desligarse del dise\u00f1o comercial y perseguir un sue\u00f1o, en realidad es poder generar sinergias que involucren el triple impacto a trav\u00e9s de la creatividad, existen incontables ejemplos de empresas que ya lo hacen y cuyo prop\u00f3sito est\u00e1 centrado en asumir estos retos y desdibujar los l\u00edmites para poder generar discursos propios que le den identidad y sentido a las marcas, los productos, procesos, estrategias que se generan dentro de la compa\u00f1\u00eda.\u00a0<\/span><\/p>\n<p><img decoding=\"async\" class=\"alignnone size-full wp-image-5775 lazyload\" data-src=\"http:\/\/desarrollosdeprueba.xyz\/universo_mola\/wp-content\/uploads\/2021\/08\/Captura268.png\" alt=\"\" width=\"232\" height=\"198\" data-srcset=\"https:\/\/universomola.com\/wp-content\/uploads\/2021\/08\/Captura268-200x171.png 200w, https:\/\/universomola.com\/wp-content\/uploads\/2021\/08\/Captura268.png 232w\" data-sizes=\"(max-width: 232px) 100vw, 232px\" src=\"data:image\/svg+xml;base64,PHN2ZyB3aWR0aD0iMSIgaGVpZ2h0PSIxIiB4bWxucz0iaHR0cDovL3d3dy53My5vcmcvMjAwMC9zdmciPjwvc3ZnPg==\" style=\"--smush-placeholder-width: 232px; --smush-placeholder-aspect-ratio: 232\/198;\" \/><\/p>\n<p><span style=\"font-weight: 400;\">Eco-shoes con suela de caucho recuperado.<\/span><\/p>\n<p><span style=\"color: #33cccc;\"><a style=\"color: #33cccc;\" href=\"https:\/\/www.instagram.com\/juppa.shoes\/?hl=es-la\"><span style=\"font-weight: 400;\">https:\/\/www.instagram.com\/juppa.shoes\/?hl=es-la<\/span><\/a><\/span><\/p>\n<p><span style=\"font-weight: 400;\">\u00a0<\/span><b>El dise\u00f1o social ser\u00e1 una responsabilidad del dise\u00f1ador sea o no este su objetivo<\/b><span style=\"font-weight: 400;\">, mientras que tenga en mente la necesidad propia del usuario y de los factor est\u00e9tico \/ comunicativo que lo motivan, por esto entender a esta persona implicada dentro del dise\u00f1o y que pertenece a un colectivo social\u00a0 es vital, pues tiene sus propias necesidades particulares que debemos entender y tomar en cuenta a la hora del procesos de dise\u00f1o para poder entregarle a los usuarios un producto no solamente est\u00e9tico sino con una finalidad clara, y involucrar en la cadena productiva y de suministro de la misma con la intenci\u00f3n de\u00a0 mejorar la calidad de vida.<\/span><\/p>\n<p><span style=\"font-weight: 400;\">Hippo-roller, una alternativa a bajo precio que permite transportar y purificar agua en comunidades en \u00e1frica.\u00a0<\/span><\/p>\n<p><span style=\"color: #33cccc;\"><a style=\"color: #33cccc;\" href=\"https:\/\/www.bioguia.com\/tecnologia\/una-rueda-cambia-la-vida-de-miles-de-personas_29280861.html\"><span style=\"font-weight: 400;\">https:\/\/www.bioguia.com\/tecnologia\/una-rueda-cambia-la-vida-de-miles-de-personas_29280861.html<\/span><\/a><\/span><\/p>\n<p><b>Un producto que exista solo por existir, y que entre al mercado meramente con la mirada comercial, realmente resulta ser un desprop\u00f3sito<\/b><span style=\"font-weight: 400;\"> puesto que no aporta activamente a las sinergias sociales, ni genera cambios dentro de su entorno para llegar a construir tejidos colaborativos fuertes que alcancen a la poblaci\u00f3n, esto no significa que el factor econ\u00f3mico o est\u00e9tico debe perderse de vista y sacrificarse, porque un producto que no logre mantenerse vigente en el mercado y gane market share, realmente no lograra su prop\u00f3sito y no podr\u00e1 tener impacto, e incluso en productos como m\u00fasica, desarrollos de artes pl\u00e1sticas, pasarelas de moda conceptual, que vienen muy marcadas de un concepto comunicativo y bajo una l\u00ednea de expresi\u00f3n semi\u00f3tica y est\u00e9tica, en ellas tambi\u00e9n el dise\u00f1o social tiene cabida, porque los problemas sociales necesitan voz.<\/span><\/p>\n<p><b>Generar dise\u00f1o social simplemente significa que debemos como dise\u00f1adores transformar nuestro procesos de dise\u00f1o y unirlo a una l\u00f3gica m\u00e1s amplia que nos permita generar proyectos que impacten la vida del usuario positivamente<\/b><span style=\"font-weight: 400;\">, pero que no solo queden ah\u00ed sino que involucren en sinergia a todos los que tocaran esa prenda, productores, distribuidores, comercializadores, la sociedad en general, por eso necesitamos creatividad para poder ver todo el panorama, entender el proceso amplio como cadenas y eslabones para transformar desde adentro los procesos, como dise\u00f1ador solo piensa que quieres resolver, cu\u00e1l es el prop\u00f3sito de lo que est\u00e1s haciendo, y como consumidor piensa en donde tu dinero puede tener m\u00e1s impacto y transformar de mejor manera la realidad para que sea como tu la ambicionas, finalmente las mejores armas ser\u00e1n la informaci\u00f3n, la creatividad e intencionalidad como herramientas para buscar soluciones que generar procesos que impacten.<\/span><\/p>\n<\/div><\/div><\/div><\/div><\/div>","protected":false},"excerpt":{"rendered":"<p>Lorem ipsum dolor sit amet, consectetur adipiscing elit. Nam pharetra dictum eleifend. Sed posuere magna at luctus pretium. Aliquam ligula sem, aliquet sit amet nisi ac, dignissim porta ipsum.<\/p>","protected":false},"author":9,"featured_media":5775,"comment_status":"open","ping_status":"open","sticky":false,"template":"","format":"standard","meta":{"_monsterinsights_skip_tracking":false,"_monsterinsights_sitenote_active":false,"_monsterinsights_sitenote_note":"","_monsterinsights_sitenote_category":0,"footnotes":""},"categories":[40],"tags":[93,89,48,92,47,96,88],"class_list":["post-5774","post","type-post","status-publish","format-standard","has-post-thumbnail","hentry","category-blog","tag-disenadores-sostenibles","tag-moda-etica","tag-moda-latina","tag-moda-latinoamericana","tag-moda-sostenible","tag-moda-sustentable","tag-universo-mola"],"_links":{"self":[{"href":"https:\/\/universomola.com\/en\/wp-json\/wp\/v2\/posts\/5774","targetHints":{"allow":["GET"]}}],"collection":[{"href":"https:\/\/universomola.com\/en\/wp-json\/wp\/v2\/posts"}],"about":[{"href":"https:\/\/universomola.com\/en\/wp-json\/wp\/v2\/types\/post"}],"author":[{"embeddable":true,"href":"https:\/\/universomola.com\/en\/wp-json\/wp\/v2\/users\/9"}],"replies":[{"embeddable":true,"href":"https:\/\/universomola.com\/en\/wp-json\/wp\/v2\/comments?post=5774"}],"version-history":[{"count":1,"href":"https:\/\/universomola.com\/en\/wp-json\/wp\/v2\/posts\/5774\/revisions"}],"predecessor-version":[{"id":5777,"href":"https:\/\/universomola.com\/en\/wp-json\/wp\/v2\/posts\/5774\/revisions\/5777"}],"wp:featuredmedia":[{"embeddable":true,"href":"https:\/\/universomola.com\/en\/wp-json\/wp\/v2\/media\/5775"}],"wp:attachment":[{"href":"https:\/\/universomola.com\/en\/wp-json\/wp\/v2\/media?parent=5774"}],"wp:term":[{"taxonomy":"category","embeddable":true,"href":"https:\/\/universomola.com\/en\/wp-json\/wp\/v2\/categories?post=5774"},{"taxonomy":"post_tag","embeddable":true,"href":"https:\/\/universomola.com\/en\/wp-json\/wp\/v2\/tags?post=5774"}],"curies":[{"name":"wp","href":"https:\/\/api.w.org\/{rel}","templated":true}]}}